{"id":1444,"date":"2021-12-10T09:52:02","date_gmt":"2021-12-10T08:52:02","guid":{"rendered":"https:\/\/blogsaverroes.juntadeandalucia.es\/ceipmures\/?p=1444"},"modified":"2021-12-10T09:54:59","modified_gmt":"2021-12-10T08:54:59","slug":"los-derechos-de-la-infancia","status":"publish","type":"post","link":"https:\/\/blogsaverroes.juntadeandalucia.es\/ceipmures\/los-derechos-de-la-infancia\/","title":{"rendered":"LOS DERECHOS DE LA INFANCIA"},"content":{"rendered":"<p align=\"justify\"><span style=\"font-size: 14pt\"><span style=\"font-family: Times New Roman, serif\">Etimol\u00f3gicamente, el t\u00e9rmino \u201cni\u00f1o\u201d viene del lat\u00edn <\/span><span style=\"font-family: Times New Roman, serif\"><i>infans<\/i><\/span><span style=\"font-family: Times New Roman, serif\"> que significa \u201cel que no habla\u201d. Este significado evoluciona a trav\u00e9s de los siglos y las culturas hasta llegar a ser usado para nombrar al ser humano en la etapa que comprende desde su nacimiento hasta la adultez.<\/span><\/span><\/p>\n<p align=\"justify\"><span style=\"font-family: 'Times New Roman', serif;font-size: 14pt\">Lo que caracteriza a los ni\u00f1os es su juventud y la vulnerabilidad. El ni\u00f1o al estar en proceso de crecimiento, no cuenta con los medios ni las herramientas necesarias para protegerse a s\u00ed mismo. Por tanto, debe ser objeto de una atenci\u00f3n especial y una protecci\u00f3n espec\u00edfica. As\u00ed que bajo estas premisas se adoptan acuerdos que proclaman la protecci\u00f3n del ni\u00f1o y sus derechos, teniendo en cuenta las necesidades de la edad para favorecer un desarrollo f\u00edsico e intelectual apropiado.<\/span><\/p>\n<p align=\"justify\"><span style=\"font-family: 'Times New Roman', serif;font-size: 14pt\"><i><b>\u00bfQu\u00e9 son los derechos de los ni\u00f1os y ni\u00f1as?&nbsp;<\/b><\/i><\/span><\/p>\n<p align=\"justify\"><span style=\"font-family: 'Times New Roman', serif;font-size: 14pt\">Son todas aquellas normas que los protegen y les permiten vivir libre, sin importar el color de piel, el pa\u00eds donde naciste, la religi\u00f3n o si eres ni\u00f1o o ni\u00f1a.<\/span><\/p>\n<p align=\"justify\"><span style=\"font-family: 'Times New Roman', serif;font-size: 14pt\">Toda persona, sea familia o no, debe comprometerse a cumplirlos, respetarlos o dar la oportunidad de ejercerlos y exigirlos. Estos derechos se encuentran en la Convenci\u00f3n Internacional de los Derechos del ni\u00f1o.<\/span><\/p>\n<p align=\"justify\"><img loading=\"lazy\" decoding=\"async\" class=\"size-full wp-image-1445 aligncenter\" src=\"https:\/\/blogsaverroes.juntadeandalucia.es\/ceipmures\/files\/2021\/12\/1.jpg\" alt=\"\" width=\"1021\" height=\"723\" srcset=\"https:\/\/blogsaverroes.juntadeandalucia.es\/ceipmures\/files\/2021\/12\/1.jpg 1021w, https:\/\/blogsaverroes.juntadeandalucia.es\/ceipmures\/files\/2021\/12\/1-980x694.jpg 980w, https:\/\/blogsaverroes.juntadeandalucia.es\/ceipmures\/files\/2021\/12\/1-480x340.jpg 480w\" sizes=\"(min-width: 0px) and (max-width: 480px) 480px, (min-width: 481px) and (max-width: 980px) 980px, (min-width: 981px) 1021px, 100vw\" \/><\/p>\n<p><span style=\"font-family: 'Times New Roman', serif;font-size: 14pt\"><i><b>\u00bfQu\u00e9 es un deber?<\/b><\/i><\/span><\/p>\n<p><span style=\"font-family: 'Times New Roman', serif;font-size: 14pt\">Son reglas normas que regulan nuestra convivencia en la sociedad<\/span><\/p>\n<p><img loading=\"lazy\" decoding=\"async\" class=\"size-full wp-image-1446 aligncenter\" src=\"https:\/\/blogsaverroes.juntadeandalucia.es\/ceipmures\/files\/2021\/12\/2.jpg\" alt=\"\" width=\"960\" height=\"720\" srcset=\"https:\/\/blogsaverroes.juntadeandalucia.es\/ceipmures\/files\/2021\/12\/2.jpg 960w, https:\/\/blogsaverroes.juntadeandalucia.es\/ceipmures\/files\/2021\/12\/2-480x360.jpg 480w\" sizes=\"(min-width: 0px) and (max-width: 480px) 480px, (min-width: 481px) 960px, 100vw\" \/><\/p>\n<p>&nbsp;<\/p>\n<p><span style=\"font-family: 'Times New Roman', serif;font-size: 14pt\">Desde el C.E.I.P. MURES queremos dar repercusi\u00f3n a este tema fundamental y para ello desde nuestras aulas estamos trabajando y tomando conciencia, para que estos derechos y deberes formen parte de nuestra vida.<\/span><\/p>\n<p>&nbsp;<\/p>\n<p><img loading=\"lazy\" decoding=\"async\" class=\"size-full wp-image-1449 aligncenter\" src=\"https:\/\/blogsaverroes.juntadeandalucia.es\/ceipmures\/files\/2021\/12\/FotoJet.jpg\" alt=\"\" width=\"1200\" height=\"1200\" srcset=\"https:\/\/blogsaverroes.juntadeandalucia.es\/ceipmures\/files\/2021\/12\/FotoJet.jpg 1200w, https:\/\/blogsaverroes.juntadeandalucia.es\/ceipmures\/files\/2021\/12\/FotoJet-980x980.jpg 980w, https:\/\/blogsaverroes.juntadeandalucia.es\/ceipmures\/files\/2021\/12\/FotoJet-480x480.jpg 480w\" sizes=\"(min-width: 0px) and (max-width: 480px) 480px, (min-width: 481px) and (max-width: 980px) 980px, (min-width: 981px) 1200px, 100vw\" \/><\/p>\n","protected":false},"excerpt":{"rendered":"<p>Etimol\u00f3gicamente, el t\u00e9rmino \u201cni\u00f1o\u201d viene del lat\u00edn infans que significa \u201cel que no habla\u201d. Este significado evoluciona a trav\u00e9s de los siglos y las culturas hasta llegar a ser usado para nombrar al ser humano en la etapa que comprende desde su nacimiento hasta la adultez. Lo que caracteriza a los ni\u00f1os es su juventud [&hellip;]<\/p>\n","protected":false},"author":10247,"featured_media":0,"comment_status":"closed","ping_status":"open","sticky":false,"template":"","format":"standard","meta":{"_et_pb_use_builder":"","_et_pb_old_content":"","_et_gb_content_width":"","ngg_post_thumbnail":0,"footnotes":""},"categories":[1],"tags":[],"aioseo_notices":[],"_links":{"self":[{"href":"https:\/\/blogsaverroes.juntadeandalucia.es\/ceipmures\/wp-json\/wp\/v2\/posts\/1444"}],"collection":[{"href":"https:\/\/blogsaverroes.juntadeandalucia.es\/ceipmures\/wp-json\/wp\/v2\/posts"}],"about":[{"href":"https:\/\/blogsaverroes.juntadeandalucia.es\/ceipmures\/wp-json\/wp\/v2\/types\/post"}],"author":[{"embeddable":true,"href":"https:\/\/blogsaverroes.juntadeandalucia.es\/ceipmures\/wp-json\/wp\/v2\/users\/10247"}],"replies":[{"embeddable":true,"href":"https:\/\/blogsaverroes.juntadeandalucia.es\/ceipmures\/wp-json\/wp\/v2\/comments?post=1444"}],"version-history":[{"count":3,"href":"https:\/\/blogsaverroes.juntadeandalucia.es\/ceipmures\/wp-json\/wp\/v2\/posts\/1444\/revisions"}],"predecessor-version":[{"id":1450,"href":"https:\/\/blogsaverroes.juntadeandalucia.es\/ceipmures\/wp-json\/wp\/v2\/posts\/1444\/revisions\/1450"}],"wp:attachment":[{"href":"https:\/\/blogsaverroes.juntadeandalucia.es\/ceipmures\/wp-json\/wp\/v2\/media?parent=1444"}],"wp:term":[{"taxonomy":"category","embeddable":true,"href":"https:\/\/blogsaverroes.juntadeandalucia.es\/ceipmures\/wp-json\/wp\/v2\/categories?post=1444"},{"taxonomy":"post_tag","embeddable":true,"href":"https:\/\/blogsaverroes.juntadeandalucia.es\/ceipmures\/wp-json\/wp\/v2\/tags?post=1444"}],"curies":[{"name":"wp","href":"https:\/\/api.w.org\/{rel}","templated":true}]}}