{"id":2227,"date":"2020-11-26T15:04:15","date_gmt":"2020-11-26T15:04:15","guid":{"rendered":"https:\/\/blogsaverroes.juntadeandalucia.es\/ceipmurtasturon\/?p=2227"},"modified":"2025-02-12T12:36:56","modified_gmt":"2025-02-12T12:36:56","slug":"programa-innicia-en-el-ceip-murtas-turon","status":"publish","type":"post","link":"https:\/\/blogsaverroes.juntadeandalucia.es\/ceipmurtasturon\/2020\/11\/26\/programa-innicia-en-el-ceip-murtas-turon\/","title":{"rendered":"Programa Innicia en el CEIP Murtas-Tur\u00f3n"},"content":{"rendered":"<p><a href=\"https:\/\/blogsaverroes.juntadeandalucia.es\/ceipmurtasturon\/files\/2020\/11\/inicia.jpg\"><img loading=\"lazy\" decoding=\"async\" class=\"alignnone size-medium wp-image-2228\" src=\"https:\/\/blogsaverroes.juntadeandalucia.es\/ceipmurtasturon\/files\/2020\/11\/inicia-300x300.jpg\" alt=\"\" width=\"300\" height=\"300\" srcset=\"https:\/\/blogsaverroes.juntadeandalucia.es\/ceipmurtasturon\/files\/2020\/11\/inicia-300x300.jpg 300w, https:\/\/blogsaverroes.juntadeandalucia.es\/ceipmurtasturon\/files\/2020\/11\/inicia-150x150.jpg 150w, https:\/\/blogsaverroes.juntadeandalucia.es\/ceipmurtasturon\/files\/2020\/11\/inicia-100x100.jpg 100w, https:\/\/blogsaverroes.juntadeandalucia.es\/ceipmurtasturon\/files\/2020\/11\/inicia-80x80.jpg 80w, https:\/\/blogsaverroes.juntadeandalucia.es\/ceipmurtasturon\/files\/2020\/11\/inicia-320x320.jpg 320w, https:\/\/blogsaverroes.juntadeandalucia.es\/ceipmurtasturon\/files\/2020\/11\/inicia-24x24.jpg 24w, https:\/\/blogsaverroes.juntadeandalucia.es\/ceipmurtasturon\/files\/2020\/11\/inicia-36x36.jpg 36w, https:\/\/blogsaverroes.juntadeandalucia.es\/ceipmurtasturon\/files\/2020\/11\/inicia-48x48.jpg 48w, https:\/\/blogsaverroes.juntadeandalucia.es\/ceipmurtasturon\/files\/2020\/11\/inicia.jpg 400w\" sizes=\"(max-width: 300px) 100vw, 300px\" \/><\/a><\/p>\n<p>Hemos iniciado los tramites para entrar en el programa Innicia, para la cultura emprendedora. Un programa que por primera vez se hace en nuestro centro y con el que colaboraremos con el C.P.R. Las Acequias, en su unidad de Mecina Bombar\u00f3n.&nbsp;<\/p>\n<p>En dicho programa, colaboramos con la coordinadora en la Alpujarra, D\u00f1a. Ana Bel\u00e9n Quesada Conde, nuestra orientadora D\u00f1a. Miriam Fimia Dom\u00ednguez y al que se unir\u00e1n en pr\u00f3ximos a\u00f1os otros centros de la zona.&nbsp;<\/p>\n<p>En esta edici\u00f3n de 2020-21, nuestro centro se encargar\u00e1 de dise\u00f1ar en 3D una planta de reciclaje y otra de compostaje, junto con la creaci\u00f3n de una App para mostrar la importacia del reciclaje en la Alpujarra granadina.&nbsp;<\/p>\n<p>Seguiremos informando&#8230;<\/p>\n","protected":false},"excerpt":{"rendered":"<p>Hemos iniciado los tramites para entrar en el programa Innicia, para la cultura emprendedora. Un programa que por primera vez se hace en nuestro centro y con el que colaboraremos con el C.P.R. Las&#46;&#46;&#46;<\/p>\n","protected":false},"author":7677,"featured_media":2228,"comment_status":"open","ping_status":"open","sticky":false,"template":"","format":"standard","meta":{"ngg_post_thumbnail":0,"footnotes":""},"categories":[464131],"tags":[],"aioseo_notices":[],"_links":{"self":[{"href":"https:\/\/blogsaverroes.juntadeandalucia.es\/ceipmurtasturon\/wp-json\/wp\/v2\/posts\/2227"}],"collection":[{"href":"https:\/\/blogsaverroes.juntadeandalucia.es\/ceipmurtasturon\/wp-json\/wp\/v2\/posts"}],"about":[{"href":"https:\/\/blogsaverroes.juntadeandalucia.es\/ceipmurtasturon\/wp-json\/wp\/v2\/types\/post"}],"author":[{"embeddable":true,"href":"https:\/\/blogsaverroes.juntadeandalucia.es\/ceipmurtasturon\/wp-json\/wp\/v2\/users\/7677"}],"replies":[{"embeddable":true,"href":"https:\/\/blogsaverroes.juntadeandalucia.es\/ceipmurtasturon\/wp-json\/wp\/v2\/comments?post=2227"}],"version-history":[{"count":1,"href":"https:\/\/blogsaverroes.juntadeandalucia.es\/ceipmurtasturon\/wp-json\/wp\/v2\/posts\/2227\/revisions"}],"predecessor-version":[{"id":2229,"href":"https:\/\/blogsaverroes.juntadeandalucia.es\/ceipmurtasturon\/wp-json\/wp\/v2\/posts\/2227\/revisions\/2229"}],"wp:featuredmedia":[{"embeddable":true,"href":"https:\/\/blogsaverroes.juntadeandalucia.es\/ceipmurtasturon\/wp-json\/wp\/v2\/media\/2228"}],"wp:attachment":[{"href":"https:\/\/blogsaverroes.juntadeandalucia.es\/ceipmurtasturon\/wp-json\/wp\/v2\/media?parent=2227"}],"wp:term":[{"taxonomy":"category","embeddable":true,"href":"https:\/\/blogsaverroes.juntadeandalucia.es\/ceipmurtasturon\/wp-json\/wp\/v2\/categories?post=2227"},{"taxonomy":"post_tag","embeddable":true,"href":"https:\/\/blogsaverroes.juntadeandalucia.es\/ceipmurtasturon\/wp-json\/wp\/v2\/tags?post=2227"}],"curies":[{"name":"wp","href":"https:\/\/api.w.org\/{rel}","templated":true}]}}