{"id":2145,"date":"2020-01-17T16:40:53","date_gmt":"2020-01-17T16:40:53","guid":{"rendered":"https:\/\/blogsaverroes.juntadeandalucia.es\/ceipnelsonmandela\/?p=2145"},"modified":"2020-11-12T01:54:31","modified_gmt":"2020-11-12T01:54:31","slug":"presentacion","status":"publish","type":"post","link":"https:\/\/blogsaverroes.juntadeandalucia.es\/ceipnelsonmandela\/2020\/01\/17\/presentacion\/","title":{"rendered":"Presentaci\u00f3n"},"content":{"rendered":"<h1><em>\u00a1Bienvenidos y bienvenidas a nuestra p\u00e1gina web!<\/em><\/h1>\n<h4><em>Esta p\u00e1gina web ha sido creada para el CEIP \u00abNelson Mandela\u00bb de La Carlota (C\u00f3rdoba). <\/em><\/h4>\n<p><em>Nuestro Centro se inaugur\u00f3 en 2013 y consta de un edificio de dos plantas de 3.350 metros cuadrados. Dispone de zonas diferenciadas para Educaci\u00f3n Infantil y Educaci\u00f3n Primaria. Contamos con gimnasio, biblioteca y sal\u00f3n de usos m\u00faltiples, comedor, porches exteriores de Infantil y Primaria, pista deportiva, zonas ajardinadas y huerto.<\/em><\/p>\n<p><em>Aparte del comedor, nuestro colegio ofrece los otros dos servicios del Plan de Apertura de Centros de la Junta de Andaluc\u00eda: aula matinal y actividades extraescolares.<\/em><\/p>\n<p>Este es un centro biling\u00fce, muy implicado en la colaboraci\u00f3n y formaci\u00f3n en la ense\u00f1anza de Lenguas. Formamos parte de un Proyecto Erasmus Plus, adem\u00e1s de nuestros otros proyectos como son el de Ecoescuela y el Plan de Igualdad.<\/p>\n<h3>Im\u00e1genes Relacionadas:<\/h3>","protected":false},"excerpt":{"rendered":"<p>\u00a1Bienvenidos y bienvenidas a nuestra p\u00e1gina web! Esta p\u00e1gina web ha sido creada para el CEIP \u00abNelson Mandela\u00bb de La Carlota (C\u00f3rdoba). Nuestro Centro se inaugur\u00f3 en 2013 y consta de un edificio de dos plantas de 3.350 metros cuadrados. Dispone de zonas diferenciadas para Educaci\u00f3n&#46;&#46;&#46;<\/p>\n","protected":false},"author":7731,"featured_media":2286,"comment_status":"closed","ping_status":"closed","sticky":false,"template":"","format":"standard","meta":{"ngg_post_thumbnail":0,"footnotes":""},"categories":[26636,464138],"tags":[],"aioseo_notices":[],"_links":{"self":[{"href":"https:\/\/blogsaverroes.juntadeandalucia.es\/ceipnelsonmandela\/wp-json\/wp\/v2\/posts\/2145"}],"collection":[{"href":"https:\/\/blogsaverroes.juntadeandalucia.es\/ceipnelsonmandela\/wp-json\/wp\/v2\/posts"}],"about":[{"href":"https:\/\/blogsaverroes.juntadeandalucia.es\/ceipnelsonmandela\/wp-json\/wp\/v2\/types\/post"}],"author":[{"embeddable":true,"href":"https:\/\/blogsaverroes.juntadeandalucia.es\/ceipnelsonmandela\/wp-json\/wp\/v2\/users\/7731"}],"replies":[{"embeddable":true,"href":"https:\/\/blogsaverroes.juntadeandalucia.es\/ceipnelsonmandela\/wp-json\/wp\/v2\/comments?post=2145"}],"version-history":[{"count":7,"href":"https:\/\/blogsaverroes.juntadeandalucia.es\/ceipnelsonmandela\/wp-json\/wp\/v2\/posts\/2145\/revisions"}],"predecessor-version":[{"id":2958,"href":"https:\/\/blogsaverroes.juntadeandalucia.es\/ceipnelsonmandela\/wp-json\/wp\/v2\/posts\/2145\/revisions\/2958"}],"wp:featuredmedia":[{"embeddable":true,"href":"https:\/\/blogsaverroes.juntadeandalucia.es\/ceipnelsonmandela\/wp-json\/wp\/v2\/media\/2286"}],"wp:attachment":[{"href":"https:\/\/blogsaverroes.juntadeandalucia.es\/ceipnelsonmandela\/wp-json\/wp\/v2\/media?parent=2145"}],"wp:term":[{"taxonomy":"category","embeddable":true,"href":"https:\/\/blogsaverroes.juntadeandalucia.es\/ceipnelsonmandela\/wp-json\/wp\/v2\/categories?post=2145"},{"taxonomy":"post_tag","embeddable":true,"href":"https:\/\/blogsaverroes.juntadeandalucia.es\/ceipnelsonmandela\/wp-json\/wp\/v2\/tags?post=2145"}],"curies":[{"name":"wp","href":"https:\/\/api.w.org\/{rel}","templated":true}]}}