{"id":3088,"date":"2020-11-14T11:20:59","date_gmt":"2020-11-14T11:20:59","guid":{"rendered":"https:\/\/blogsaverroes.juntadeandalucia.es\/ceipnelsonmandela\/?p=3088"},"modified":"2021-09-30T16:51:30","modified_gmt":"2021-09-30T16:51:30","slug":"protocolo-covid-19","status":"publish","type":"post","link":"https:\/\/blogsaverroes.juntadeandalucia.es\/ceipnelsonmandela\/2020\/11\/14\/protocolo-covid-19\/","title":{"rendered":"PROTOCOLO COVID-19"},"content":{"rendered":"<h1>Este es el enlace al PROTOCO COVID-19 de nuestro colegio.&nbsp;<\/h1>\n<p><a href=\"https:\/\/drive.google.com\/drive\/folders\/1QAeLpEp7fLo8Wv7doSUcid_3PnbjN6rT?usp=sharing\">https:\/\/drive.google.com\/drive\/folders\/1QAeLpEp7fLo8Wv7doSUcid_3PnbjN6rT?usp=sharing<\/a><\/p>\n<p>Aqu\u00ed os dejamos tambi\u00e9n un interesante documento sobre la ventilaci\u00f3n de las aulas.<\/p>\n<p><a href=\"https:\/\/blogsaverroes.juntadeandalucia.es\/ceipnelsonmandela\/files\/2020\/11\/20201216-Documento_ventilacion_aulas.pdf\">20201216-Documento_ventilacion_aulas<\/a><\/p>\n<p>&nbsp;<\/p>\n<h3>Im\u00e1genes Relacionadas:<\/h3>","protected":false},"excerpt":{"rendered":"<p>Este es el enlace al PROTOCO COVID-19 de nuestro colegio.&nbsp; https:\/\/drive.google.com\/drive\/folders\/1QAeLpEp7fLo8Wv7doSUcid_3PnbjN6rT?usp=sharing Aqu\u00ed os dejamos tambi\u00e9n un interesante documento sobre la ventilaci\u00f3n de las aulas. 20201216-Documento_ventilacion_aulas &nbsp; Im\u00e1genes Relacionadas:<\/p>\n","protected":false},"author":7731,"featured_media":3091,"comment_status":"closed","ping_status":"closed","sticky":false,"template":"","format":"standard","meta":{"ngg_post_thumbnail":0,"footnotes":""},"categories":[26636],"tags":[],"aioseo_notices":[],"_links":{"self":[{"href":"https:\/\/blogsaverroes.juntadeandalucia.es\/ceipnelsonmandela\/wp-json\/wp\/v2\/posts\/3088"}],"collection":[{"href":"https:\/\/blogsaverroes.juntadeandalucia.es\/ceipnelsonmandela\/wp-json\/wp\/v2\/posts"}],"about":[{"href":"https:\/\/blogsaverroes.juntadeandalucia.es\/ceipnelsonmandela\/wp-json\/wp\/v2\/types\/post"}],"author":[{"embeddable":true,"href":"https:\/\/blogsaverroes.juntadeandalucia.es\/ceipnelsonmandela\/wp-json\/wp\/v2\/users\/7731"}],"replies":[{"embeddable":true,"href":"https:\/\/blogsaverroes.juntadeandalucia.es\/ceipnelsonmandela\/wp-json\/wp\/v2\/comments?post=3088"}],"version-history":[{"count":8,"href":"https:\/\/blogsaverroes.juntadeandalucia.es\/ceipnelsonmandela\/wp-json\/wp\/v2\/posts\/3088\/revisions"}],"predecessor-version":[{"id":3517,"href":"https:\/\/blogsaverroes.juntadeandalucia.es\/ceipnelsonmandela\/wp-json\/wp\/v2\/posts\/3088\/revisions\/3517"}],"wp:featuredmedia":[{"embeddable":true,"href":"https:\/\/blogsaverroes.juntadeandalucia.es\/ceipnelsonmandela\/wp-json\/wp\/v2\/media\/3091"}],"wp:attachment":[{"href":"https:\/\/blogsaverroes.juntadeandalucia.es\/ceipnelsonmandela\/wp-json\/wp\/v2\/media?parent=3088"}],"wp:term":[{"taxonomy":"category","embeddable":true,"href":"https:\/\/blogsaverroes.juntadeandalucia.es\/ceipnelsonmandela\/wp-json\/wp\/v2\/categories?post=3088"},{"taxonomy":"post_tag","embeddable":true,"href":"https:\/\/blogsaverroes.juntadeandalucia.es\/ceipnelsonmandela\/wp-json\/wp\/v2\/tags?post=3088"}],"curies":[{"name":"wp","href":"https:\/\/api.w.org\/{rel}","templated":true}]}}