{"id":3150,"date":"2021-03-04T23:30:54","date_gmt":"2021-03-04T23:30:54","guid":{"rendered":"https:\/\/blogsaverroes.juntadeandalucia.es\/ceipnelsonmandela\/?p=3150"},"modified":"2021-03-08T13:06:18","modified_gmt":"2021-03-08T13:06:18","slug":"proyecto-interdisciplinar-around-us-nuestro-entorno","status":"publish","type":"post","link":"https:\/\/blogsaverroes.juntadeandalucia.es\/ceipnelsonmandela\/2021\/03\/04\/proyecto-interdisciplinar-around-us-nuestro-entorno\/","title":{"rendered":"Proyecto interdisciplinar \u00abAROUND US\u00bb- NUESTRO ENTORNO"},"content":{"rendered":"<div class=\"&quot;container-wrapper-genially&quot;\">&nbsp;<\/div>\n<p>Durante el primer y segundo trimestre de este curso 2020\/2021 hemos realizado un Proyecto Interdisciplinar que es parte fundamental de nuestro Proyecto Biling\u00fce. Este primer proyecto de este curso se ha centrado en nuestro entorno, entroncando con nuestros proyectos europeos y de Ecoescuela.&nbsp;<\/p>\n<p>AQU\u00cd OS DEJAMOS UN ENLACE A UN V\u00cdDEO DE PRIMERO Y UNA GALER\u00cdA DE IM\u00c1GENES DEL TRABAJO EN LOS OTROS CURSOS.<\/p>\n<p><a href=\"https:\/\/view.genial.ly\/60203b174acd220d26675a2a\/video-presentation-proyecto-interdisciplinar-1o-la-carlota\">https:\/\/view.genial.ly\/60203b174acd220d26675a2a\/video-presentation-proyecto-interdisciplinar-1o-la-carlota<\/a><\/p>\nngg_shortcode_0_placeholder\n<p>&nbsp;<\/p>\n<div class=\"&quot;container-wrapper-genially&quot;\">&nbsp;<\/div>\n<p>&nbsp;<\/p>\n<h3>Im\u00e1genes Relacionadas:<\/h3>","protected":false},"excerpt":{"rendered":"<p>&nbsp; Durante el primer y segundo trimestre de este curso 2020\/2021 hemos realizado un Proyecto Interdisciplinar que es parte fundamental de nuestro Proyecto Biling\u00fce. Este primer proyecto de este curso se ha centrado en nuestro entorno, entroncando con nuestros proyectos europeos y de Ecoescuela.&nbsp; AQU\u00cd OS&#46;&#46;&#46;<\/p>\n","protected":false},"author":7731,"featured_media":3151,"comment_status":"closed","ping_status":"closed","sticky":false,"template":"","format":"standard","meta":{"ngg_post_thumbnail":0,"footnotes":""},"categories":[464118],"tags":[],"aioseo_notices":[],"_links":{"self":[{"href":"https:\/\/blogsaverroes.juntadeandalucia.es\/ceipnelsonmandela\/wp-json\/wp\/v2\/posts\/3150"}],"collection":[{"href":"https:\/\/blogsaverroes.juntadeandalucia.es\/ceipnelsonmandela\/wp-json\/wp\/v2\/posts"}],"about":[{"href":"https:\/\/blogsaverroes.juntadeandalucia.es\/ceipnelsonmandela\/wp-json\/wp\/v2\/types\/post"}],"author":[{"embeddable":true,"href":"https:\/\/blogsaverroes.juntadeandalucia.es\/ceipnelsonmandela\/wp-json\/wp\/v2\/users\/7731"}],"replies":[{"embeddable":true,"href":"https:\/\/blogsaverroes.juntadeandalucia.es\/ceipnelsonmandela\/wp-json\/wp\/v2\/comments?post=3150"}],"version-history":[{"count":9,"href":"https:\/\/blogsaverroes.juntadeandalucia.es\/ceipnelsonmandela\/wp-json\/wp\/v2\/posts\/3150\/revisions"}],"predecessor-version":[{"id":3210,"href":"https:\/\/blogsaverroes.juntadeandalucia.es\/ceipnelsonmandela\/wp-json\/wp\/v2\/posts\/3150\/revisions\/3210"}],"wp:featuredmedia":[{"embeddable":true,"href":"https:\/\/blogsaverroes.juntadeandalucia.es\/ceipnelsonmandela\/wp-json\/wp\/v2\/media\/3151"}],"wp:attachment":[{"href":"https:\/\/blogsaverroes.juntadeandalucia.es\/ceipnelsonmandela\/wp-json\/wp\/v2\/media?parent=3150"}],"wp:term":[{"taxonomy":"category","embeddable":true,"href":"https:\/\/blogsaverroes.juntadeandalucia.es\/ceipnelsonmandela\/wp-json\/wp\/v2\/categories?post=3150"},{"taxonomy":"post_tag","embeddable":true,"href":"https:\/\/blogsaverroes.juntadeandalucia.es\/ceipnelsonmandela\/wp-json\/wp\/v2\/tags?post=3150"}],"curies":[{"name":"wp","href":"https:\/\/api.w.org\/{rel}","templated":true}]}}