{"id":3251,"date":"2021-05-18T22:47:17","date_gmt":"2021-05-18T22:47:17","guid":{"rendered":"https:\/\/blogsaverroes.juntadeandalucia.es\/ceipnelsonmandela\/?p=3251"},"modified":"2021-05-18T23:00:20","modified_gmt":"2021-05-18T23:00:20","slug":"dia-del-libro","status":"publish","type":"post","link":"https:\/\/blogsaverroes.juntadeandalucia.es\/ceipnelsonmandela\/2021\/05\/18\/dia-del-libro\/","title":{"rendered":"D\u00cdA DEL LIBRO"},"content":{"rendered":"<h2>El D\u00eda del Libro es el 23 de abril y durante la semana se realizaron varias actividades en colaboraci\u00f3n con las familias. Se han hecho carteles sobre sus personajes favoritos, fotos de lectura de nuestros\/as alumnas\/as y cuenta cuentacuentos de algunos familiares. Muchas gracias a todos\/as y enhorabuena por vuestro trabajo.<\/h2>\nngg_shortcode_0_placeholder\n<h3>Im\u00e1genes Relacionadas:<\/h3>","protected":false},"excerpt":{"rendered":"<p>El D\u00eda del Libro es el 23 de abril y durante la semana se realizaron varias actividades en colaboraci\u00f3n con las familias. Se han hecho carteles sobre sus personajes favoritos, fotos de lectura de nuestros\/as alumnas\/as y cuenta cuentacuentos de algunos familiares. Muchas gracias a todos\/as&#46;&#46;&#46;<\/p>\n","protected":false},"author":7731,"featured_media":3282,"comment_status":"closed","ping_status":"closed","sticky":false,"template":"","format":"standard","meta":{"ngg_post_thumbnail":0,"footnotes":""},"categories":[464116],"tags":[],"aioseo_notices":[],"_links":{"self":[{"href":"https:\/\/blogsaverroes.juntadeandalucia.es\/ceipnelsonmandela\/wp-json\/wp\/v2\/posts\/3251"}],"collection":[{"href":"https:\/\/blogsaverroes.juntadeandalucia.es\/ceipnelsonmandela\/wp-json\/wp\/v2\/posts"}],"about":[{"href":"https:\/\/blogsaverroes.juntadeandalucia.es\/ceipnelsonmandela\/wp-json\/wp\/v2\/types\/post"}],"author":[{"embeddable":true,"href":"https:\/\/blogsaverroes.juntadeandalucia.es\/ceipnelsonmandela\/wp-json\/wp\/v2\/users\/7731"}],"replies":[{"embeddable":true,"href":"https:\/\/blogsaverroes.juntadeandalucia.es\/ceipnelsonmandela\/wp-json\/wp\/v2\/comments?post=3251"}],"version-history":[{"count":2,"href":"https:\/\/blogsaverroes.juntadeandalucia.es\/ceipnelsonmandela\/wp-json\/wp\/v2\/posts\/3251\/revisions"}],"predecessor-version":[{"id":3283,"href":"https:\/\/blogsaverroes.juntadeandalucia.es\/ceipnelsonmandela\/wp-json\/wp\/v2\/posts\/3251\/revisions\/3283"}],"wp:featuredmedia":[{"embeddable":true,"href":"https:\/\/blogsaverroes.juntadeandalucia.es\/ceipnelsonmandela\/wp-json\/wp\/v2\/media\/3282"}],"wp:attachment":[{"href":"https:\/\/blogsaverroes.juntadeandalucia.es\/ceipnelsonmandela\/wp-json\/wp\/v2\/media?parent=3251"}],"wp:term":[{"taxonomy":"category","embeddable":true,"href":"https:\/\/blogsaverroes.juntadeandalucia.es\/ceipnelsonmandela\/wp-json\/wp\/v2\/categories?post=3251"},{"taxonomy":"post_tag","embeddable":true,"href":"https:\/\/blogsaverroes.juntadeandalucia.es\/ceipnelsonmandela\/wp-json\/wp\/v2\/tags?post=3251"}],"curies":[{"name":"wp","href":"https:\/\/api.w.org\/{rel}","templated":true}]}}