{"id":6294,"date":"2024-08-30T15:29:12","date_gmt":"2024-08-30T15:29:12","guid":{"rendered":"https:\/\/blogsaverroes.juntadeandalucia.es\/ceipnelsonmandela\/?p=6294"},"modified":"2024-08-30T15:29:12","modified_gmt":"2024-08-30T15:29:12","slug":"bienvenida-inicio-curso-2024-2025","status":"publish","type":"post","link":"https:\/\/blogsaverroes.juntadeandalucia.es\/ceipnelsonmandela\/2024\/08\/30\/bienvenida-inicio-curso-2024-2025\/","title":{"rendered":"Bienvenida. Inicio curso 2024\/2025."},"content":{"rendered":"<p>Estimadas familias,<\/p>\n<p>Esperamos que hay\u00e1is descansado y tenido un buen verano. Desde el claustro de nuestro centro os damos la bienvenida y os expresamos nuestros mejores deseos para el nuevo curso escolar.<\/p>\n<p>Os informamos que las clases comenzar\u00e1n el pr\u00f3ximo <strong>martes 10&nbsp;de septiembre<\/strong> con el siguiente horario de entrada.<\/p>\n<p><strong>11:30: Primaria e Infantil ( clases de 4 a\u00f1os y 5 a\u00f1os) <\/strong>y horario normal de 09:00 a 14:00 desde el d\u00eda 11 de septiembre.<\/p>\n<p><strong>12:00: Alumnado de infantil 3 a\u00f1os<\/strong>, (se convocar\u00e1 a una reuni\u00f3n a las familias de tres a\u00f1os el d\u00eda 5 de septiembre a las 09:00)<\/p>\n<p><strong>Per\u00edodo de adaptaci\u00f3n de Infantil 3 a\u00f1os:<\/strong><\/p>\n<table style=\"width: 97%\" width=\"97%\">\n<tbody>\n<tr>\n<td style=\"width: 18%\" width=\"18%\">Lunes 9<\/td>\n<td style=\"width: 22.0352%\" colspan=\"2\" width=\"22%\">Martes 10<\/td>\n<td style=\"width: 20%\" width=\"20%\">Mi\u00e9rcoles&nbsp; 11<\/td>\n<td style=\"width: 19%\" width=\"19%\">Jueves&nbsp; 12<\/td>\n<td style=\"width: 19%\" width=\"19%\">Viernes&nbsp; 13<\/td>\n<\/tr>\n<tr>\n<td style=\"width: 19.0352%\" colspan=\"2\" width=\"19%\">&nbsp;<\/td>\n<td style=\"width: 21%\" width=\"21%\">De 12:00 a 14:00<\/td>\n<td style=\"width: 20%\" width=\"20%\">De 12:00 a 14:00<\/td>\n<td style=\"width: 19%\" width=\"19%\">De 11:00 a 14:00<\/td>\n<td style=\"width: 19%\" width=\"19%\">FIESTA LOCAL<\/td>\n<\/tr>\n<tr>\n<td style=\"width: 19.0352%\" colspan=\"2\" width=\"19%\">Lunes 16<\/td>\n<td style=\"width: 21%\" width=\"21%\">Martes 17<\/td>\n<td style=\"width: 20%\" width=\"20%\">Mi\u00e9rcoles&nbsp; 18<\/td>\n<td style=\"width: 19%\" width=\"19%\">Jueves&nbsp; 19<\/td>\n<td style=\"width: 19%\" width=\"19%\">Viernes&nbsp; 20<\/td>\n<\/tr>\n<tr>\n<td style=\"width: 19.0352%\" colspan=\"2\" width=\"19%\">De 11:00 a 14:00<\/td>\n<td style=\"width: 21%\" width=\"21%\">De 11:00 a 14:00<\/td>\n<td style=\"width: 20%\" width=\"20%\">De 10:00 a 14:00<\/td>\n<td style=\"width: 19%\" width=\"19%\">De 10:00 a 14:00<\/td>\n<td style=\"width: 19%\" width=\"19%\">De 10:00 a 14:00<\/td>\n<\/tr>\n<tr>\n<td style=\"width: 18%\" width=\"100\">&nbsp;<\/td>\n<td style=\"width: 1.0352%\" width=\"8\">&nbsp;<\/td>\n<td style=\"width: 21%\" width=\"114\">&nbsp;<\/td>\n<td style=\"width: 20%\" width=\"111\">&nbsp;<\/td>\n<td style=\"width: 19%\" width=\"104\">&nbsp;<\/td>\n<td style=\"width: 19%\" width=\"103\">&nbsp;<\/td>\n<\/tr>\n<\/tbody>\n<\/table>\n<p>&nbsp;<\/p>\n<p>A partir del lunes 23 de septiembre de 2024 <strong>infantil 3 a\u00f1os<\/strong> tendr\u00eda horario normal de 09:00 a 14:00.<\/p>\n<p>El martes 10 habr\u00e1 <strong>servicio de comedor y transporte escolar<\/strong> ( s\u00f3lo de vuelta). A partir del mi\u00e9rcoles 11 estar\u00e1 en marcha el servicio de aula matinal y transporte completo.<\/p>\n<p>Un saludo<\/p>\n<p>El Equipo Directivo<\/p>\n<h3>Im\u00e1genes Relacionadas:<\/h3>","protected":false},"excerpt":{"rendered":"<p>Estimadas familias, Esperamos que hay\u00e1is descansado y tenido un buen verano. Desde el claustro de nuestro centro os damos la bienvenida y os expresamos nuestros mejores deseos para el nuevo curso escolar. Os informamos que las clases comenzar\u00e1n el pr\u00f3ximo martes 10&nbsp;de septiembre con el siguiente&#46;&#46;&#46;<\/p>\n","protected":false},"author":7731,"featured_media":5103,"comment_status":"closed","ping_status":"closed","sticky":false,"template":"","format":"standard","meta":{"ngg_post_thumbnail":0,"footnotes":""},"categories":[526],"tags":[],"aioseo_notices":[],"_links":{"self":[{"href":"https:\/\/blogsaverroes.juntadeandalucia.es\/ceipnelsonmandela\/wp-json\/wp\/v2\/posts\/6294"}],"collection":[{"href":"https:\/\/blogsaverroes.juntadeandalucia.es\/ceipnelsonmandela\/wp-json\/wp\/v2\/posts"}],"about":[{"href":"https:\/\/blogsaverroes.juntadeandalucia.es\/ceipnelsonmandela\/wp-json\/wp\/v2\/types\/post"}],"author":[{"embeddable":true,"href":"https:\/\/blogsaverroes.juntadeandalucia.es\/ceipnelsonmandela\/wp-json\/wp\/v2\/users\/7731"}],"replies":[{"embeddable":true,"href":"https:\/\/blogsaverroes.juntadeandalucia.es\/ceipnelsonmandela\/wp-json\/wp\/v2\/comments?post=6294"}],"version-history":[{"count":8,"href":"https:\/\/blogsaverroes.juntadeandalucia.es\/ceipnelsonmandela\/wp-json\/wp\/v2\/posts\/6294\/revisions"}],"predecessor-version":[{"id":6302,"href":"https:\/\/blogsaverroes.juntadeandalucia.es\/ceipnelsonmandela\/wp-json\/wp\/v2\/posts\/6294\/revisions\/6302"}],"wp:featuredmedia":[{"embeddable":true,"href":"https:\/\/blogsaverroes.juntadeandalucia.es\/ceipnelsonmandela\/wp-json\/wp\/v2\/media\/5103"}],"wp:attachment":[{"href":"https:\/\/blogsaverroes.juntadeandalucia.es\/ceipnelsonmandela\/wp-json\/wp\/v2\/media?parent=6294"}],"wp:term":[{"taxonomy":"category","embeddable":true,"href":"https:\/\/blogsaverroes.juntadeandalucia.es\/ceipnelsonmandela\/wp-json\/wp\/v2\/categories?post=6294"},{"taxonomy":"post_tag","embeddable":true,"href":"https:\/\/blogsaverroes.juntadeandalucia.es\/ceipnelsonmandela\/wp-json\/wp\/v2\/tags?post=6294"}],"curies":[{"name":"wp","href":"https:\/\/api.w.org\/{rel}","templated":true}]}}