{"id":3085,"date":"2023-02-11T10:23:40","date_gmt":"2023-02-11T09:23:40","guid":{"rendered":"https:\/\/blogsaverroes.juntadeandalucia.es\/ceipnsangustias\/?p=3085"},"modified":"2023-09-17T14:57:56","modified_gmt":"2023-09-17T13:57:56","slug":"dia-internacional-de-la-mujer-y-la-nina-en-la-ciencia-2023","status":"publish","type":"post","link":"https:\/\/blogsaverroes.juntadeandalucia.es\/ceipnsangustias\/dia-internacional-de-la-mujer-y-la-nina-en-la-ciencia-2023\/","title":{"rendered":"D\u00eda Internacional de la Mujer y la Ni\u00f1a en la Ciencia (2023)"},"content":{"rendered":"<div dir=\"auto\">Experimentar, probar, investigar, equivocarse, descubrir, acertar, preguntar, plantearse hip\u00f3tesis, hallar respuestas, resolver problemas, sacar conclusiones, inventar y crear para cambiar el mundo&#8230;<\/div>\n<div dir=\"auto\">Ese es el mundo de la ciencia, el d\u00eda a d\u00eda de miles de cient\u00edficas y cient\u00edficos gracias a los cuales nuestra vida cada d\u00eda es mejor.<\/div>\n<div dir=\"auto\">Todo ello desde una de las emociones b\u00e1sicas m\u00e1s maravillosas del ser humano: la curiosidad.<\/div>\n<div dir=\"auto\">Ayer, en nuestro cole todas esas experiencias y sensaciones se vivieron en una maravillosa jornada-feria de la ciencia en la que el alumnado de 5\u00ba y 6\u00ba pudo mostrar decenas de experimentos ante la mirada at\u00f3nita y curiosas de las m\u00e1s peque\u00f1as y peque\u00f1os.<\/div>\n<div dir=\"auto\">Haciendo ciencia en vivo y en directo, una ciencia divertida, seguro que ayer se despert\u00f3 alguna que otra vocaci\u00f3n cient\u00edfica que acabar\u00e1 con una brillante carrera en ese maravilloso mundo&#8230;<\/div>\n<div dir=\"auto\">Os dejamos una muestra de lo que ha ocurrido en esa feria, que ha sido posible sobre todo por la incre\u00edble labor del profe <a class=\"x1i10hfl xjbqb8w x6umtig x1b1mbwd xaqea5y xav7gou x9f619 x1ypdohk xt0psk2 xe8uvvx xdj266r x11i5rnm xat24cr x1mh8g0r xexx8yu x4uap5 x18d9i69 xkhd6sd x16tdsg8 x1hl2dhg xggy1nq x1a2a7pz xt0b8zv x1qq9wsj xo1l8bm\" role=\"link\" href=\"https:\/\/www.facebook.com\/alberto.molina.cervilla?__cft__[0]=AZVxLoBLox49qHlw8kdh0eEUTVHRs_fMpO0_wRNqk69hrl9m_fxJN7hWARly5R0rLuORZhOhpM938QD9RYsCU07pAivn6zF1cCuyQZxJlfTHbGOM6b0siMZEI1801MyizSXLvGVZMv0WqrCiBsFWGzVkTd3Rr1GHEoBalm8kOcVBGGXWVJJm8VbOlBPZct_n4ZlPDMvaZ4UuPFQnggz5FEuy&amp;__tn__=-]K-y-R\"><span class=\"xt0psk2\">Alberto Molina Cervilla<\/span><\/a>, responsable principal del evento, un docente capaz de hacer de sus clases de ciencias algo vivo y divertido.<\/div>\n<div dir=\"auto\">&nbsp;<\/div>\n<div dir=\"auto\"><iframe loading=\"lazy\" src=\"https:\/\/www.youtube.com\/embed\/-8eRJhA9v6w\" width=\"560\" height=\"315\" frameborder=\"0\"><\/iframe>&nbsp;<\/div>\n<div dir=\"auto\">&nbsp;<\/div>\n<div dir=\"auto\">Tambi\u00e9n os ofrecemos un resumen de otra de las experiencias maravillosas que hemos tenido la suerte de vivir con motivo del D\u00eda Internacional de la Mujer y la Ni\u00f1a en la Ciencia, que se celebra hoy: la visita de dos grandes astr\u00f3nomas, Yolanda Jim\u00e9nez (mam\u00e1 del cole) y Estefan\u00eda, que impartieron diferentes charlas que nos permitieron descubrir y aprender muchas cosas sobre el Universo o la Ant\u00e1rtida. Un mill\u00f3n de gracias por vuestra cercan\u00eda y esa forma de transmitir a nuestro alumnado tanta sabidur\u00eda y pasi\u00f3n por el conocimiento y la ciencia.<\/div>\n<div dir=\"auto\">Al final, hubo un &#8220;aparte&#8221; muy bonito y especial con el alumnado de 5\u00ba y 6\u00ba que segu\u00edan teniendo m\u00e1s dudas, preguntas y curiosidades que podr\u00eda haber durado hasta hoy&#8230; \u00a1Incre\u00edbles sus preguntas y todo lo que ya sab\u00edan y propon\u00edan!<\/div>\n<div dir=\"auto\">Gracias, Paula, por organizar esta conferencia enmarcada en nuestro Plan de Igualdad y Coeducaci\u00f3n.<\/div>\n<div dir=\"auto\">&nbsp;<\/div>\n<div dir=\"auto\"><iframe loading=\"lazy\" src=\"https:\/\/www.youtube.com\/embed\/S2SS97M6QOk\" width=\"560\" height=\"315\" frameborder=\"0\"><\/iframe>&nbsp;<\/div>\n<div dir=\"auto\">&nbsp;<\/div>\n<div dir=\"auto\">Tambi\u00e9n, a&nbsp;nivel de aula tambi\u00e9n se han desarrollado diversas actividades que han acercado a nuestro alumnado a las figuras femeninas m\u00e1s relevantes en el \u00e1mbito cient\u00edfico.<\/div>\n<div dir=\"auto\">&nbsp;<\/div>\n<div dir=\"auto\">Por un mundo mejor, por un mundo lleno de ciencia y no de conflictos, por muchas ni\u00f1as y mujeres cient\u00edficas&#8230; \u00a1Viva la ciencia!<\/div>\n<p>&nbsp;<\/p>\n<p>&nbsp;<\/p>\n","protected":false},"excerpt":{"rendered":"<p>Experimentar, probar, investigar, equivocarse, descubrir, acertar, preguntar, plantearse hip\u00f3tesis, hallar respuestas, resolver problemas, sacar conclusiones, inventar y crear para cambiar el mundo&#8230; Ese es el mundo de la ciencia, el d\u00eda a d\u00eda de miles de cient\u00edficas y cient\u00edficos gracias a los cuales nuestra vida cada d\u00eda es mejor. Todo ello desde una de las [&hellip;]<\/p>\n","protected":false},"author":15846,"featured_media":3113,"comment_status":"closed","ping_status":"open","sticky":false,"template":"","format":"standard","meta":{"_et_pb_use_builder":"","_et_pb_old_content":"","_et_gb_content_width":"","ngg_post_thumbnail":0,"footnotes":""},"categories":[34,31,92,7],"tags":[146,109,145,147,116,52],"aioseo_notices":[],"_links":{"self":[{"href":"https:\/\/blogsaverroes.juntadeandalucia.es\/ceipnsangustias\/wp-json\/wp\/v2\/posts\/3085"}],"collection":[{"href":"https:\/\/blogsaverroes.juntadeandalucia.es\/ceipnsangustias\/wp-json\/wp\/v2\/posts"}],"about":[{"href":"https:\/\/blogsaverroes.juntadeandalucia.es\/ceipnsangustias\/wp-json\/wp\/v2\/types\/post"}],"author":[{"embeddable":true,"href":"https:\/\/blogsaverroes.juntadeandalucia.es\/ceipnsangustias\/wp-json\/wp\/v2\/users\/15846"}],"replies":[{"embeddable":true,"href":"https:\/\/blogsaverroes.juntadeandalucia.es\/ceipnsangustias\/wp-json\/wp\/v2\/comments?post=3085"}],"version-history":[{"count":3,"href":"https:\/\/blogsaverroes.juntadeandalucia.es\/ceipnsangustias\/wp-json\/wp\/v2\/posts\/3085\/revisions"}],"predecessor-version":[{"id":3114,"href":"https:\/\/blogsaverroes.juntadeandalucia.es\/ceipnsangustias\/wp-json\/wp\/v2\/posts\/3085\/revisions\/3114"}],"wp:featuredmedia":[{"embeddable":true,"href":"https:\/\/blogsaverroes.juntadeandalucia.es\/ceipnsangustias\/wp-json\/wp\/v2\/media\/3113"}],"wp:attachment":[{"href":"https:\/\/blogsaverroes.juntadeandalucia.es\/ceipnsangustias\/wp-json\/wp\/v2\/media?parent=3085"}],"wp:term":[{"taxonomy":"category","embeddable":true,"href":"https:\/\/blogsaverroes.juntadeandalucia.es\/ceipnsangustias\/wp-json\/wp\/v2\/categories?post=3085"},{"taxonomy":"post_tag","embeddable":true,"href":"https:\/\/blogsaverroes.juntadeandalucia.es\/ceipnsangustias\/wp-json\/wp\/v2\/tags?post=3085"}],"curies":[{"name":"wp","href":"https:\/\/api.w.org\/{rel}","templated":true}]}}