{"id":3087,"date":"2023-02-09T19:42:38","date_gmt":"2023-02-09T18:42:38","guid":{"rendered":"https:\/\/blogsaverroes.juntadeandalucia.es\/ceipnsangustias\/?p=3087"},"modified":"2026-04-08T19:37:56","modified_gmt":"2026-04-08T18:37:56","slug":"propuesta-del-alumnado-de-5-anos-a","status":"publish","type":"post","link":"https:\/\/blogsaverroes.juntadeandalucia.es\/ceipnsangustias\/propuesta-del-alumnado-de-5-anos-a\/","title":{"rendered":"Propuesta del alumnado de 5 a\u00f1os A"},"content":{"rendered":"<p>En la asamblea de la clase de 5 a\u00f1os A han surgido unas propuestas geniales en torno al proyecto de investigaci\u00f3n que llevan a cabo en este trimestre sobre el agua.<\/p>\n<p>El alumnado de esa clase ha descubierto, con una mezcla de rabia y tristeza, que las personas mayores no cuidamos el medio ambiente y por eso, han decidido tomar cartas en el asunto con unas geniales ideas que surgieron de esa asamblea y que luego han trasladado a V\u00edctor, el director del cole:<\/p>\n<ul>\n<li>Quieren hacer una huelga-manifestaci\u00f3n para que sepamos de su preocupaci\u00f3n y para ello han decidido elaborar una pancarta que quieren desplegar en el pasacalles del Carnaval de este a\u00f1o.<\/li>\n<li>Les gustar\u00eda poder ir un d\u00eda a alg\u00fan sitio de costa para hacer una recogida de residuos en la playa.<\/li>\n<\/ul>\n<p>Durante esa charla en la sala de reuniones del cole hemos visto la posibilidad de llevar a cabo dichas propuestas y hemos pensado que tambi\u00e9n ser\u00eda una buena idea que el resto del cole se sumase a esa jornada de recogida de basura, as\u00ed que nos vamos a poner manos a la obra para poder llevarla a cabo:<\/p>\n<ul>\n<li>Primero, se la vamos a proponer al claustro del profesorado este lunes para despu\u00e9s, si tenemos su visto bueno, trasladarla al consejo escolar para que la apruebe.<\/li>\n<li>Mientras, vamos a ir contactando con diferentes entidades de Motril para poder hacer la visita a alguna de sus playas, a la Charca Su\u00e1rez y al Parque de los Pueblos de Am\u00e9rica, para descubrir en ellos su variada flora y fauna.<\/li>\n<li>Tambi\u00e9n nos pondremos en contacto con la prensa para que se haga eco de nuestra labor y difundan nuestra iniciativa.<\/li>\n<\/ul>\n<p>\u00a1Comienza este gran reto de una de las clases m\u00e1s activistas y comprometidas de nuestro cole!<\/p>\n<div style=\"width: 640px;\" class=\"wp-video\"><!--[if lt IE 9]><script>document.createElement('video');<\/script><![endif]-->\n<video class=\"wp-video-shortcode\" id=\"video-3087-1\" width=\"640\" height=\"352\" preload=\"metadata\" controls=\"controls\"><source type=\"video\/mp4\" src=\"https:\/\/blogsaverroes.juntadeandalucia.es\/ceipnsangustias\/files\/2023\/02\/VID-20230209-WA0026.mp4?_=1\" \/><a href=\"https:\/\/blogsaverroes.juntadeandalucia.es\/ceipnsangustias\/files\/2023\/02\/VID-20230209-WA0026.mp4\">https:\/\/blogsaverroes.juntadeandalucia.es\/ceipnsangustias\/files\/2023\/02\/VID-20230209-WA0026.mp4<\/a><\/video><\/div>\n","protected":false},"excerpt":{"rendered":"<p>En la asamblea de la clase de 5 a\u00f1os A han surgido unas propuestas geniales en torno al proyecto de investigaci\u00f3n que llevan a cabo en este trimestre sobre el agua. El alumnado de esa clase ha descubierto, con una mezcla de rabia y tristeza, que las personas mayores no cuidamos el medio ambiente y [&hellip;]<\/p>\n","protected":false},"author":15846,"featured_media":3091,"comment_status":"closed","ping_status":"open","sticky":false,"template":"","format":"standard","meta":{"_et_pb_use_builder":"","_et_pb_old_content":"","_et_gb_content_width":"","ngg_post_thumbnail":0,"footnotes":""},"categories":[122,32,14,7,4],"tags":[152,149,148,38,65,151,150],"aioseo_notices":[],"_links":{"self":[{"href":"https:\/\/blogsaverroes.juntadeandalucia.es\/ceipnsangustias\/wp-json\/wp\/v2\/posts\/3087"}],"collection":[{"href":"https:\/\/blogsaverroes.juntadeandalucia.es\/ceipnsangustias\/wp-json\/wp\/v2\/posts"}],"about":[{"href":"https:\/\/blogsaverroes.juntadeandalucia.es\/ceipnsangustias\/wp-json\/wp\/v2\/types\/post"}],"author":[{"embeddable":true,"href":"https:\/\/blogsaverroes.juntadeandalucia.es\/ceipnsangustias\/wp-json\/wp\/v2\/users\/15846"}],"replies":[{"embeddable":true,"href":"https:\/\/blogsaverroes.juntadeandalucia.es\/ceipnsangustias\/wp-json\/wp\/v2\/comments?post=3087"}],"version-history":[{"count":4,"href":"https:\/\/blogsaverroes.juntadeandalucia.es\/ceipnsangustias\/wp-json\/wp\/v2\/posts\/3087\/revisions"}],"predecessor-version":[{"id":3094,"href":"https:\/\/blogsaverroes.juntadeandalucia.es\/ceipnsangustias\/wp-json\/wp\/v2\/posts\/3087\/revisions\/3094"}],"wp:featuredmedia":[{"embeddable":true,"href":"https:\/\/blogsaverroes.juntadeandalucia.es\/ceipnsangustias\/wp-json\/wp\/v2\/media\/3091"}],"wp:attachment":[{"href":"https:\/\/blogsaverroes.juntadeandalucia.es\/ceipnsangustias\/wp-json\/wp\/v2\/media?parent=3087"}],"wp:term":[{"taxonomy":"category","embeddable":true,"href":"https:\/\/blogsaverroes.juntadeandalucia.es\/ceipnsangustias\/wp-json\/wp\/v2\/categories?post=3087"},{"taxonomy":"post_tag","embeddable":true,"href":"https:\/\/blogsaverroes.juntadeandalucia.es\/ceipnsangustias\/wp-json\/wp\/v2\/tags?post=3087"}],"curies":[{"name":"wp","href":"https:\/\/api.w.org\/{rel}","templated":true}]}}