{"id":4181,"date":"2024-10-01T10:58:18","date_gmt":"2024-10-01T09:58:18","guid":{"rendered":"https:\/\/blogsaverroes.juntadeandalucia.es\/ceipnsangustias\/?p=4181"},"modified":"2024-10-01T11:00:33","modified_gmt":"2024-10-01T10:00:33","slug":"actividades-extraescolares-horarios-y-espacios","status":"publish","type":"post","link":"https:\/\/blogsaverroes.juntadeandalucia.es\/ceipnsangustias\/actividades-extraescolares-horarios-y-espacios\/","title":{"rendered":"Actividades extraescolares: horarios y espacios"},"content":{"rendered":"<p><span style=\"font-size: 14pt\">Desde hoy, 1 de octubre, comienzan las actividades extraescolares de este curso escolar 24\/25.<\/span><br \/>\n<span style=\"font-size: 14pt\">Concluir\u00e1n el 29 de mayo y esperamos que, adem\u00e1s de ayudar para la conciliaci\u00f3n de la vida laboral de las familias, proporcionen a nuestro alumnado experiencias y vivencias satisfactorias que les ayuden en su educaci\u00f3n y desarrollo personal.<\/span><\/p>\n<p><img loading=\"lazy\" decoding=\"async\" class=\"alignnone size-full wp-image-4182\" src=\"https:\/\/blogsaverroes.juntadeandalucia.es\/ceipnsangustias\/files\/2024\/10\/Actividades-24_25.png\" alt=\"\" width=\"2000\" height=\"1414\" srcset=\"https:\/\/blogsaverroes.juntadeandalucia.es\/ceipnsangustias\/files\/2024\/10\/Actividades-24_25.png 2000w, https:\/\/blogsaverroes.juntadeandalucia.es\/ceipnsangustias\/files\/2024\/10\/Actividades-24_25-1280x905.png 1280w, https:\/\/blogsaverroes.juntadeandalucia.es\/ceipnsangustias\/files\/2024\/10\/Actividades-24_25-980x693.png 980w, https:\/\/blogsaverroes.juntadeandalucia.es\/ceipnsangustias\/files\/2024\/10\/Actividades-24_25-480x339.png 480w\" sizes=\"(min-width: 0px) and (max-width: 480px) 480px, (min-width: 481px) and (max-width: 980px) 980px, (min-width: 981px) and (max-width: 1280px) 1280px, (min-width: 1281px) 2000px, 100vw\" \/><\/p>\n","protected":false},"excerpt":{"rendered":"<p>Desde hoy, 1 de octubre, comienzan las actividades extraescolares de este curso escolar 24\/25. Concluir\u00e1n el 29 de mayo y esperamos que, adem\u00e1s de ayudar para la conciliaci\u00f3n de la vida laboral de las familias, proporcionen a nuestro alumnado experiencias y vivencias satisfactorias que les ayuden en su educaci\u00f3n y desarrollo personal.<\/p>\n","protected":false},"author":15846,"featured_media":4182,"comment_status":"closed","ping_status":"open","sticky":false,"template":"","format":"standard","meta":{"_et_pb_use_builder":"","_et_pb_old_content":"","_et_gb_content_width":"","ngg_post_thumbnail":0,"footnotes":""},"categories":[7,4],"tags":[57],"aioseo_notices":[],"_links":{"self":[{"href":"https:\/\/blogsaverroes.juntadeandalucia.es\/ceipnsangustias\/wp-json\/wp\/v2\/posts\/4181"}],"collection":[{"href":"https:\/\/blogsaverroes.juntadeandalucia.es\/ceipnsangustias\/wp-json\/wp\/v2\/posts"}],"about":[{"href":"https:\/\/blogsaverroes.juntadeandalucia.es\/ceipnsangustias\/wp-json\/wp\/v2\/types\/post"}],"author":[{"embeddable":true,"href":"https:\/\/blogsaverroes.juntadeandalucia.es\/ceipnsangustias\/wp-json\/wp\/v2\/users\/15846"}],"replies":[{"embeddable":true,"href":"https:\/\/blogsaverroes.juntadeandalucia.es\/ceipnsangustias\/wp-json\/wp\/v2\/comments?post=4181"}],"version-history":[{"count":1,"href":"https:\/\/blogsaverroes.juntadeandalucia.es\/ceipnsangustias\/wp-json\/wp\/v2\/posts\/4181\/revisions"}],"predecessor-version":[{"id":4183,"href":"https:\/\/blogsaverroes.juntadeandalucia.es\/ceipnsangustias\/wp-json\/wp\/v2\/posts\/4181\/revisions\/4183"}],"wp:featuredmedia":[{"embeddable":true,"href":"https:\/\/blogsaverroes.juntadeandalucia.es\/ceipnsangustias\/wp-json\/wp\/v2\/media\/4182"}],"wp:attachment":[{"href":"https:\/\/blogsaverroes.juntadeandalucia.es\/ceipnsangustias\/wp-json\/wp\/v2\/media?parent=4181"}],"wp:term":[{"taxonomy":"category","embeddable":true,"href":"https:\/\/blogsaverroes.juntadeandalucia.es\/ceipnsangustias\/wp-json\/wp\/v2\/categories?post=4181"},{"taxonomy":"post_tag","embeddable":true,"href":"https:\/\/blogsaverroes.juntadeandalucia.es\/ceipnsangustias\/wp-json\/wp\/v2\/tags?post=4181"}],"curies":[{"name":"wp","href":"https:\/\/api.w.org\/{rel}","templated":true}]}}