{"id":5999,"date":"2025-05-07T14:57:45","date_gmt":"2025-05-07T13:57:45","guid":{"rendered":"https:\/\/blogsaverroes.juntadeandalucia.es\/ceipnsangustias\/?p=5999"},"modified":"2026-04-08T19:25:00","modified_gmt":"2026-04-08T18:25:00","slug":"reconcimiento-web-micole-es","status":"publish","type":"post","link":"https:\/\/blogsaverroes.juntadeandalucia.es\/ceipnsangustias\/reconcimiento-web-micole-es\/","title":{"rendered":"Reconcimiento web Micole.es"},"content":{"rendered":"<div dir=\"auto\">Hoy hemos tenido el privilegio de recibir la visita de Ignacio Vallejo-N\u00e1jera, CEO y fundador de la web <span class=\"html-span xdj266r x11i5rnm xat24cr x1mh8g0r xexx8yu x4uap5 x18d9i69 xkhd6sd x1hl2dhg x16tdsg8 x1vvkbs\"><a class=\"x1i10hfl xjbqb8w x1ejq31n xd10rxx x1sy0etr x17r0tee x972fbf xcfux6l x1qhh985 xm0m39n x9f619 x1ypdohk xt0psk2 xe8uvvx xdj266r x11i5rnm xat24cr x1mh8g0r xexx8yu x4uap5 x18d9i69 xkhd6sd x16tdsg8 x1hl2dhg xggy1nq x1a2a7pz xkrqix3 x1sur9pj x1fey0fg x1s688f\" role=\"link\" href=\"https:\/\/www.facebook.com\/micoleoficial?__cft__[0]=AZXQLX4D2Z2XpngJtW_dfYx4uZtl8xO4qexrA-DXRAAfT5N5ihLMnG-ywoD_FbF6soIzPN7HhsN5a7gXyuNFQpsV2RkHCk3icNb9LXM3VhmIrxgRwyDuT8Ggan3m8kho_mN7HmwSWWgGJ2nkN0bb7VNiV08mKikfregSyBZ1qbl87w&amp;__tn__=-]K-R\"><span class=\"xt0psk2\"><span class=\"xjp7ctv\">Micole<\/span><\/span><\/a><\/span>, quien nos ha hecho entrega de la placa de reconocimiento como mejor cole p\u00fablico de la provincia de Granada en 2025 (adem\u00e1s, de ser valorados como 3er mejor colegio de Granada y 19\u00ba mejor colegio p\u00fablico de Espa\u00f1a).<\/div>\n<div dir=\"auto\">El momento ha coincidido con la reuni\u00f3n trimestral de las delegadas de familias con el equipo directivo, por lo que ha sido para todas y todos un verdadero placer recibir este distintivo de manos de Ignacio.<\/div>\n<div dir=\"auto\">Gracias a las personas que con vuestras <a href=\"https:\/\/www.micole.net\/granada\/huetor-vega\/colegio-nuestra-senora-de-las-angustias?review\">valoraciones, rese\u00f1as<\/a> y visitas a la web del cole y redes sociales hab\u00e9is conseguido esta enorme visibilidad para el centro, aunque ya sab\u00e9is que el mayor reconocimiento posible es el grado de satisfacci\u00f3n que pueda existir en los miembros de la comunidad educativa y la valoraci\u00f3n tan positiva que hacemos y hac\u00e9is de nuestro d\u00eda a d\u00eda, como hemos podido comprobar en la reuni\u00f3n de hoy, con muchas ideas, sugerencias y cr\u00edticas muy constructivas.<\/div>\n<p><a href=\"https:\/\/huetorvega.ideal.es\/actualidad\/senora-angustias-mejor-colegio-publico-provincia-20250507184328-nt.html?ref=https%3A%2F%2Fhuetorvega.ideal.es%2Factualidad%2Fsenora-angustias-mejor-colegio-publico-provincia-20250507184328-nt.html#vca=fixed-btn&amp;vso=rrss&amp;vmc=cp&amp;vli=actualidad\">https:\/\/huetorvega.ideal.es\/actualidad\/senora-angustias-mejor-colegio-publico-provincia-20250507184328-nt.html?ref=https%3A%2F%2Fhuetorvega.ideal.es%2Factualidad%2Fsenora-angustias-mejor-colegio-publico-provincia-20250507184328-nt.html#vca=fixed-btn&amp;vso=rrss&amp;vmc=cp&amp;vli=actualidad<\/a><\/p>\n<p><img loading=\"lazy\" decoding=\"async\" class=\"aligncenter wp-image-6048 size-large\" src=\"https:\/\/blogsaverroes.juntadeandalucia.es\/ceipnsangustias\/files\/2025\/05\/495203994_1869330300518296_6660734606995304089_n-1024x620.jpg\" alt=\"\" width=\"1024\" height=\"620\" srcset=\"https:\/\/blogsaverroes.juntadeandalucia.es\/ceipnsangustias\/files\/2025\/05\/495203994_1869330300518296_6660734606995304089_n-980x593.jpg 980w, https:\/\/blogsaverroes.juntadeandalucia.es\/ceipnsangustias\/files\/2025\/05\/495203994_1869330300518296_6660734606995304089_n-480x291.jpg 480w\" sizes=\"(min-width: 0px) and (max-width: 480px) 480px, (min-width: 481px) and (max-width: 980px) 980px, (min-width: 981px) 1024px, 100vw\" \/><img loading=\"lazy\" decoding=\"async\" class=\"aligncenter wp-image-6047 size-full\" src=\"https:\/\/blogsaverroes.juntadeandalucia.es\/ceipnsangustias\/files\/2025\/05\/495155668_1869330510518275_3783009845319836953_n.jpg\" alt=\"\" width=\"1543\" height=\"2048\" srcset=\"https:\/\/blogsaverroes.juntadeandalucia.es\/ceipnsangustias\/files\/2025\/05\/495155668_1869330510518275_3783009845319836953_n.jpg 1543w, https:\/\/blogsaverroes.juntadeandalucia.es\/ceipnsangustias\/files\/2025\/05\/495155668_1869330510518275_3783009845319836953_n-1280x1699.jpg 1280w, https:\/\/blogsaverroes.juntadeandalucia.es\/ceipnsangustias\/files\/2025\/05\/495155668_1869330510518275_3783009845319836953_n-980x1301.jpg 980w, https:\/\/blogsaverroes.juntadeandalucia.es\/ceipnsangustias\/files\/2025\/05\/495155668_1869330510518275_3783009845319836953_n-480x637.jpg 480w\" sizes=\"(min-width: 0px) and (max-width: 480px) 480px, (min-width: 481px) and (max-width: 980px) 980px, (min-width: 981px) and (max-width: 1280px) 1280px, (min-width: 1281px) 1543px, 100vw\" \/><\/p>\n<p>&nbsp;<\/p>\n","protected":false},"excerpt":{"rendered":"<p>Hoy hemos tenido el privilegio de recibir la visita de Ignacio Vallejo-N\u00e1jera, CEO y fundador de la web Micole, quien nos ha hecho entrega de la placa de reconocimiento como mejor cole p\u00fablico de la provincia de Granada en 2025 (adem\u00e1s, de ser valorados como 3er mejor colegio de Granada y 19\u00ba mejor colegio p\u00fablico [&hellip;]<\/p>\n","protected":false},"author":15846,"featured_media":6048,"comment_status":"closed","ping_status":"open","sticky":false,"template":"","format":"standard","meta":{"_et_pb_use_builder":"","_et_pb_old_content":"","_et_gb_content_width":"","ngg_post_thumbnail":0,"footnotes":""},"categories":[7],"tags":[309,208,308,251],"aioseo_notices":[],"_links":{"self":[{"href":"https:\/\/blogsaverroes.juntadeandalucia.es\/ceipnsangustias\/wp-json\/wp\/v2\/posts\/5999"}],"collection":[{"href":"https:\/\/blogsaverroes.juntadeandalucia.es\/ceipnsangustias\/wp-json\/wp\/v2\/posts"}],"about":[{"href":"https:\/\/blogsaverroes.juntadeandalucia.es\/ceipnsangustias\/wp-json\/wp\/v2\/types\/post"}],"author":[{"embeddable":true,"href":"https:\/\/blogsaverroes.juntadeandalucia.es\/ceipnsangustias\/wp-json\/wp\/v2\/users\/15846"}],"replies":[{"embeddable":true,"href":"https:\/\/blogsaverroes.juntadeandalucia.es\/ceipnsangustias\/wp-json\/wp\/v2\/comments?post=5999"}],"version-history":[{"count":2,"href":"https:\/\/blogsaverroes.juntadeandalucia.es\/ceipnsangustias\/wp-json\/wp\/v2\/posts\/5999\/revisions"}],"predecessor-version":[{"id":6049,"href":"https:\/\/blogsaverroes.juntadeandalucia.es\/ceipnsangustias\/wp-json\/wp\/v2\/posts\/5999\/revisions\/6049"}],"wp:featuredmedia":[{"embeddable":true,"href":"https:\/\/blogsaverroes.juntadeandalucia.es\/ceipnsangustias\/wp-json\/wp\/v2\/media\/6048"}],"wp:attachment":[{"href":"https:\/\/blogsaverroes.juntadeandalucia.es\/ceipnsangustias\/wp-json\/wp\/v2\/media?parent=5999"}],"wp:term":[{"taxonomy":"category","embeddable":true,"href":"https:\/\/blogsaverroes.juntadeandalucia.es\/ceipnsangustias\/wp-json\/wp\/v2\/categories?post=5999"},{"taxonomy":"post_tag","embeddable":true,"href":"https:\/\/blogsaverroes.juntadeandalucia.es\/ceipnsangustias\/wp-json\/wp\/v2\/tags?post=5999"}],"curies":[{"name":"wp","href":"https:\/\/api.w.org\/{rel}","templated":true}]}}