{"id":6885,"date":"2025-12-04T11:53:01","date_gmt":"2025-12-04T10:53:01","guid":{"rendered":"https:\/\/blogsaverroes.juntadeandalucia.es\/ceipnsangustias\/?p=6885"},"modified":"2026-04-08T19:25:59","modified_gmt":"2026-04-08T18:25:59","slug":"taller-formativo-para-familias-sobre-el-proyecto-metaatencion-mentes-que-brillan-al-pensar","status":"publish","type":"post","link":"https:\/\/blogsaverroes.juntadeandalucia.es\/ceipnsangustias\/taller-formativo-para-familias-sobre-el-proyecto-metaatencion-mentes-que-brillan-al-pensar\/","title":{"rendered":"Taller formativo para familias sobre el proyecto &#8220;Metaatenci\u00f3n: mentes que brillan al pensar&#8221;"},"content":{"rendered":"<p>\u00a1Estimadas familias!<\/p>\n<p>Os recordamos que <span style=\"text-decoration: underline\">el lunes 12 de enero<\/span>, tras la vuelta de las vacaciones os esperamos en el <span style=\"text-decoration: underline\"><strong>taller formativo exclusivo para las familias del centro<\/strong><\/span> con el responsable del Psineco, la empresa con la que estamos realizando el Proyecto de Metacognici\u00f3n y autorregulaci\u00f3n emocional.<\/p>\n<p>En nuestra p\u00e1gina web, encontrar\u00e9is los diferentes recursos para poder trabajar en casa con vuestros ni\u00f1os y ni\u00f1as sobre estos aspectos tan fundamentales no s\u00f3lo para el aprendizaje escolar, sino para el d\u00eda a d\u00eda.<\/p>\n<p>Os recomendamos poner en pr\u00e1ctica las rutinas que os proponemos y, sobre todo, que liber\u00e9is de vuestras agendas cualquier tarea para poder contar con todas y todos el <span style=\"text-decoration: underline\"><strong>lunes 12 de enero, a las 17:00 horas<\/strong><\/span>, en el taller, de un proyecto de innovaci\u00f3n que est\u00e1 siendo validado por la Universidad de C\u00e1diz. Tendremos un ratito de convivencia-merienda antes del comienzo del taller&#8230;<\/p>\n<p style=\"text-align: center\">\u00a1Os esperamos!<\/p>\n<p>&nbsp;<\/p>\n<p style=\"text-align: center\"><em>&#8220;No puedes controlar todo lo que sucede, pero s\u00ed c\u00f3mo te sientes y act\u00faas frente a ello, <\/em><\/p>\n<p style=\"text-align: center\"><em>porque el autocontrol es la br\u00fajula de la inteligencia emocional <\/em><\/p>\n<p style=\"text-align: center\"><em>ya que cuando aprendes a gestionar tus emociones, <\/em><\/p>\n<p style=\"text-align: center\"><em>dejas de ser un prisionero de ellas y te conviertes en su l\u00edder&#8221;.&nbsp;<\/em><\/p>\n<p><img loading=\"lazy\" decoding=\"async\" class=\"aligncenter size-large wp-image-6889\" src=\"https:\/\/blogsaverroes.juntadeandalucia.es\/ceipnsangustias\/files\/2025\/12\/CARTEL-FAMILIAS-TALLER-1-725x1024.jpg\" alt=\"\" width=\"725\" height=\"1024\"><\/p>\n<p>&nbsp;<\/p>\n","protected":false},"excerpt":{"rendered":"<p>\u00a1Estimadas familias! Os recordamos que el lunes 12 de enero, tras la vuelta de las vacaciones os esperamos en el taller formativo exclusivo para las familias del centro con el responsable del Psineco, la empresa con la que estamos realizando el Proyecto de Metacognici\u00f3n y autorregulaci\u00f3n emocional. En nuestra p\u00e1gina web, encontrar\u00e9is los diferentes recursos [&hellip;]<\/p>\n","protected":false},"author":15846,"featured_media":6887,"comment_status":"closed","ping_status":"closed","sticky":false,"template":"","format":"standard","meta":{"_et_pb_use_builder":"","_et_pb_old_content":"","_et_gb_content_width":"","ngg_post_thumbnail":0,"footnotes":""},"categories":[20,366,10],"tags":[365,361,368,363],"aioseo_notices":[],"_links":{"self":[{"href":"https:\/\/blogsaverroes.juntadeandalucia.es\/ceipnsangustias\/wp-json\/wp\/v2\/posts\/6885"}],"collection":[{"href":"https:\/\/blogsaverroes.juntadeandalucia.es\/ceipnsangustias\/wp-json\/wp\/v2\/posts"}],"about":[{"href":"https:\/\/blogsaverroes.juntadeandalucia.es\/ceipnsangustias\/wp-json\/wp\/v2\/types\/post"}],"author":[{"embeddable":true,"href":"https:\/\/blogsaverroes.juntadeandalucia.es\/ceipnsangustias\/wp-json\/wp\/v2\/users\/15846"}],"replies":[{"embeddable":true,"href":"https:\/\/blogsaverroes.juntadeandalucia.es\/ceipnsangustias\/wp-json\/wp\/v2\/comments?post=6885"}],"version-history":[{"count":2,"href":"https:\/\/blogsaverroes.juntadeandalucia.es\/ceipnsangustias\/wp-json\/wp\/v2\/posts\/6885\/revisions"}],"predecessor-version":[{"id":6892,"href":"https:\/\/blogsaverroes.juntadeandalucia.es\/ceipnsangustias\/wp-json\/wp\/v2\/posts\/6885\/revisions\/6892"}],"wp:featuredmedia":[{"embeddable":true,"href":"https:\/\/blogsaverroes.juntadeandalucia.es\/ceipnsangustias\/wp-json\/wp\/v2\/media\/6887"}],"wp:attachment":[{"href":"https:\/\/blogsaverroes.juntadeandalucia.es\/ceipnsangustias\/wp-json\/wp\/v2\/media?parent=6885"}],"wp:term":[{"taxonomy":"category","embeddable":true,"href":"https:\/\/blogsaverroes.juntadeandalucia.es\/ceipnsangustias\/wp-json\/wp\/v2\/categories?post=6885"},{"taxonomy":"post_tag","embeddable":true,"href":"https:\/\/blogsaverroes.juntadeandalucia.es\/ceipnsangustias\/wp-json\/wp\/v2\/tags?post=6885"}],"curies":[{"name":"wp","href":"https:\/\/api.w.org\/{rel}","templated":true}]}}