{"id":6985,"date":"2026-02-28T15:33:02","date_gmt":"2026-02-28T14:33:02","guid":{"rendered":"https:\/\/blogsaverroes.juntadeandalucia.es\/ceipnsangustias\/?p=6985"},"modified":"2026-04-08T19:24:17","modified_gmt":"2026-04-08T18:24:17","slug":"comienza-el-proceso-de-admision-para-el-curso-26-27-alumnado-de-3-anos-y-quien-quiera-cambiar-de-centro","status":"publish","type":"post","link":"https:\/\/blogsaverroes.juntadeandalucia.es\/ceipnsangustias\/comienza-el-proceso-de-admision-para-el-curso-26-27-alumnado-de-3-anos-y-quien-quiera-cambiar-de-centro\/","title":{"rendered":"Comienza el proceso de admisi\u00f3n para el curso 26\/27: alumnado de 3 a\u00f1os y quien quiera cambiar de centro."},"content":{"rendered":"<p>Desde el 1 de marzo hasta el 31 de este mes se abre el plazo para solicitar plaza en nuestro centro de cara al pr\u00f3ximo curso para el alumnado nuevo de 3 a\u00f1os y\/o aquel de otros cursos que desee-necesite cambiar de centro.<\/p>\n<p>El tr\u00e1mite es sencillo y se puede realizar telem\u00e1ticamente desde la&nbsp;<strong><a href=\"https:\/\/www.juntadeandalucia.es\/educacion\/secretariavirtual\/accesoTramite\/543\/\">Secretar\u00eda Virtual de los Centros Andaluces,<\/a><\/strong>&nbsp;en el siguiente enlace:<\/p>\n<p><strong><a href=\"https:\/\/www.juntadeandalucia.es\/educacion\/secretariavirtual\/accesoTramite\/543\/\">https:\/\/www.juntadeandalucia.es\/educacion\/secretariavirtual\/accesoTramite\/543\/<\/a><\/strong><\/p>\n<p>Tambi\u00e9n pueden acudir a nuestro centro para recoger los impresos si desean rellenarlos y entregarlos de forma presencial.<\/p>\n<p>Igualmente, pueden descargar el impreso&nbsp;<a href=\"https:\/\/www.juntadeandalucia.es\/educacion\/portales\/documents\/100629\/669352\/Anexo%20III\/16050806-cd1f-89da-678f-001bb54aab73?version=1.0\"><strong>pinchando aqu\u00ed.<\/strong><\/a><\/p>\n<p>En este enlace tienen las&nbsp;<strong><a href=\"https:\/\/www.juntadeandalucia.es\/educacion\/portales\/documents\/270701\/669539\/Instrucciones%20de%2023%20de%20febrero%20de%202024,%20de%20la%20Viceconsejer%C3%ADa,%20sobre%20los%20procedimientos%20de%20admisi%C3%B3n%20y%20matriculaci%C3%B3n%20del%20alumnado%20en%20los%20centros%20docentes%20sostenidos%20con%20fondos%20p%C3%BAblicos%20para%20el%20curso%20escolar%202024-25\/34bf4f4f-c945-0591-8865-920d77bc560c?version=1.1\">INSTRUCCIONES DE 23 DE FEBRERO DE 2024, DE LA VICECONSEJER\u00cdA, SOBRE LOS PROCEDIMIENTOS DE ADMISI\u00d3N Y MATRICULACI\u00d3N DEL ALUMNADO EN LOS CENTROS DOCENTES SOSTENIDOS CON FONDOS P\u00daBLICOS PARA EL CURSO ESCOLAR 2024\/25<\/a>,<\/strong>&nbsp;con la normativa que regula el proceso.<\/p>\n<p>Pueden consultar todos los aspectos del procedimiento (calendario, autobaremo\u2026)<strong>&nbsp;<a href=\"https:\/\/www.juntadeandalucia.es\/educacion\/portales\/web\/escolarizacion\">aqu\u00ed, en el portal de escolarizaci\u00f3n de la Consejer\u00eda.<\/a><\/strong><\/p>\n<p>Les recordamos el n\u00famero de vacantes que ofertamos, sabiendo que existe la posibilidad de una segunda unidad de infantil de 3 a\u00f1os en el caso de que la solicitudes superasen las 22 plazas por unidad en 3 a\u00f1os que establece como novedad este a\u00f1o la <a href=\"https:\/\/www.juntadeandalucia.es\/boja\/2026\/9\/BOJA26-009-00003-251-01_00331478.pdf\"><strong>Orden de 11 de enero de 2026,<\/strong><\/a> por la que se modifica el apartado 2 del art\u00edculo 4 de la <em><a href=\"https:\/\/www.juntadeandalucia.es\/boja\/2020\/503\/BOJA20-503-00045-3038-01_00170469.pdf\">Orden de 20 de febrero de 2020, que desarrolla el procedimiento de admisi\u00f3n del alumnado en los centros docentes p\u00fablicos y privados concertados para cursar las ense\u00f1anzas de segundo ciclo de Educaci\u00f3n Infantil, Educaci\u00f3n Primaria, Educaci\u00f3n Especial, Educaci\u00f3n Secundaria Obligatoria y Bachillerato.<\/a><\/em><\/p>\n<p><a href=\"https:\/\/blogsaverroes.juntadeandalucia.es\/ceipnsangustias\/files\/2026\/02\/a7f52884-bea7-4cb3-95ca-b0700b3ca468_page-0002.jpg\"><img loading=\"lazy\" decoding=\"async\" class=\"aligncenter wp-image-6987 size-full\" src=\"https:\/\/blogsaverroes.juntadeandalucia.es\/ceipnsangustias\/files\/2026\/02\/a7f52884-bea7-4cb3-95ca-b0700b3ca468_page-0002.jpg\" alt=\"\" width=\"1240\" height=\"1755\" srcset=\"https:\/\/blogsaverroes.juntadeandalucia.es\/ceipnsangustias\/files\/2026\/02\/a7f52884-bea7-4cb3-95ca-b0700b3ca468_page-0002.jpg 1240w, https:\/\/blogsaverroes.juntadeandalucia.es\/ceipnsangustias\/files\/2026\/02\/a7f52884-bea7-4cb3-95ca-b0700b3ca468_page-0002-980x1387.jpg 980w, https:\/\/blogsaverroes.juntadeandalucia.es\/ceipnsangustias\/files\/2026\/02\/a7f52884-bea7-4cb3-95ca-b0700b3ca468_page-0002-480x679.jpg 480w\" sizes=\"(min-width: 0px) and (max-width: 480px) 480px, (min-width: 481px) and (max-width: 980px) 980px, (min-width: 981px) 1240px, 100vw\" \/><\/a><\/p>\n","protected":false},"excerpt":{"rendered":"<p>Desde el 1 de marzo hasta el 31 de este mes se abre el plazo para solicitar plaza en nuestro centro de cara al pr\u00f3ximo curso para el alumnado nuevo de 3 a\u00f1os y\/o aquel de otros cursos que desee-necesite cambiar de centro. El tr\u00e1mite es sencillo y se puede realizar telem\u00e1ticamente desde la&nbsp;Secretar\u00eda Virtual [&hellip;]<\/p>\n","protected":false},"author":15846,"featured_media":6986,"comment_status":"closed","ping_status":"closed","sticky":false,"template":"","format":"standard","meta":{"_et_pb_use_builder":"","_et_pb_old_content":"","_et_gb_content_width":"","ngg_post_thumbnail":0,"footnotes":""},"categories":[7,10],"tags":[220,160],"aioseo_notices":[],"_links":{"self":[{"href":"https:\/\/blogsaverroes.juntadeandalucia.es\/ceipnsangustias\/wp-json\/wp\/v2\/posts\/6985"}],"collection":[{"href":"https:\/\/blogsaverroes.juntadeandalucia.es\/ceipnsangustias\/wp-json\/wp\/v2\/posts"}],"about":[{"href":"https:\/\/blogsaverroes.juntadeandalucia.es\/ceipnsangustias\/wp-json\/wp\/v2\/types\/post"}],"author":[{"embeddable":true,"href":"https:\/\/blogsaverroes.juntadeandalucia.es\/ceipnsangustias\/wp-json\/wp\/v2\/users\/15846"}],"replies":[{"embeddable":true,"href":"https:\/\/blogsaverroes.juntadeandalucia.es\/ceipnsangustias\/wp-json\/wp\/v2\/comments?post=6985"}],"version-history":[{"count":1,"href":"https:\/\/blogsaverroes.juntadeandalucia.es\/ceipnsangustias\/wp-json\/wp\/v2\/posts\/6985\/revisions"}],"predecessor-version":[{"id":6988,"href":"https:\/\/blogsaverroes.juntadeandalucia.es\/ceipnsangustias\/wp-json\/wp\/v2\/posts\/6985\/revisions\/6988"}],"wp:featuredmedia":[{"embeddable":true,"href":"https:\/\/blogsaverroes.juntadeandalucia.es\/ceipnsangustias\/wp-json\/wp\/v2\/media\/6986"}],"wp:attachment":[{"href":"https:\/\/blogsaverroes.juntadeandalucia.es\/ceipnsangustias\/wp-json\/wp\/v2\/media?parent=6985"}],"wp:term":[{"taxonomy":"category","embeddable":true,"href":"https:\/\/blogsaverroes.juntadeandalucia.es\/ceipnsangustias\/wp-json\/wp\/v2\/categories?post=6985"},{"taxonomy":"post_tag","embeddable":true,"href":"https:\/\/blogsaverroes.juntadeandalucia.es\/ceipnsangustias\/wp-json\/wp\/v2\/tags?post=6985"}],"curies":[{"name":"wp","href":"https:\/\/api.w.org\/{rel}","templated":true}]}}