{"id":1641,"date":"2023-02-24T21:17:01","date_gmt":"2023-02-24T20:17:01","guid":{"rendered":"https:\/\/blogsaverroes.juntadeandalucia.es\/ceipnsdelrocio\/?p=1641"},"modified":"2023-03-01T10:01:08","modified_gmt":"2023-03-01T09:01:08","slug":"dia-de-andalucia","status":"publish","type":"post","link":"https:\/\/blogsaverroes.juntadeandalucia.es\/ceipnsdelrocio\/dia-de-andalucia\/","title":{"rendered":"D\u00eda de Andaluc\u00eda"},"content":{"rendered":"<p>Los dias 23 y 24 de febrero hemos celebrado la conmemoraci\u00f3n del D\u00eda de Andaluc\u00eda, una efem\u00e9ride que nos define e identifica como andaluces en much\u00edsimos aspectos: geogr\u00e1ficos, culturales, gastron\u00f3micos, etc. La riqueza de ser andaluz va tambi\u00e9n en nuestro car\u00e1cter alegre, luchador y acogedor con todas las personas que vienen a nuestra comunidad aut\u00f3noma.<\/p>\n<p>El d\u00eda 23 se realizaron en el centro nueve talleres para el alumnado con diferentes tem\u00e1ticas, con el fin de&nbsp; acercarnos y conocer mejor las caracter\u00edsticas que definen a Andaluc\u00eda. A continuaci\u00f3n detallamos todos los talleres realizados en los que el alumnado del centro ha participado con el profesorado que ha estado coordinando estos bonitos talleres:<\/p>\n<ul>\n<li>Taller Manualidad de Andaluc\u00eda. El alumnado ha elaborado un mural con la bandera de Andaluc\u00eda con plantillas recortadas y pegadas en dicho mural.<\/li>\n<li>Taller Saborea Andaluc\u00eda: En este taller han podido catar alimentos propios de nuestra comunidad como el aceite de oliva, las uvas o frutos rojos como fresas, ar\u00e1ndanos, frambuesas y moras que han sido cedidas por la empresa local <a href=\"https:\/\/bionest.es\/\"><strong>Bionest.<\/strong><\/a><\/li>\n<li>Taller Bandera, Escudo e Himno: El alumnado ha recibido un a explicaci\u00f3n detallada de estos s\u00edmbolos y han podido construir la bandera de Andaluc\u00eda con palillos y plastilina.<\/li>\n<li>Taller de M\u00fasica andaluza: Los alumnos y alumnas han participado en un juego musical de reconocimiento de artistas andaluces de actualidad para identificarlos en sus correspondientes provincias.<\/li>\n<li>Taller Viaje por Andaluc\u00eda: En este taller se ha realizado un viaje virtual por todas las provincias andaluzas pudiendo visionar los referentes m\u00e1s relevantes en cada una de ellas.<\/li>\n<li>Taller Gastron\u00f3mico: El alumnado ha podido ver in situ la elaboraci\u00f3n de uno de nuestros platos t\u00edpicos como es el gazpacho, participando en su elaboraci\u00f3n y posterior cata.<\/li>\n<li>Taller de Arte: Los alumnos y alumnas han coloreado a oleo diferentes elementos culturales y paisajes representativos de nuestra comunidad.<\/li>\n<li>Taller Pasapalabra: En este taller se ha llevado a cabo el conocido juego Pasapalabra con vocabulario que representa a nuestra comunidad en todos los niveles.<\/li>\n<li>Taller de Juegos Populares: Como su nombre indica se han organizado algunos juegos populares de nuestra comunidad como son las carreras de sacos o el juego de la cuerda.<\/li>\n<\/ul>\n<p>ngg_shortcode_0_placeholderEl d\u00eda 24 febrero, viernes, la AMPA del centro ha ofrecido a todo el alumnado del centro un desayuno andaluz compuesto por pan con aceite de oliva, jam\u00f3n y zumo. La implicaci\u00f3n de la AMPA en esta efem\u00e9ride ha sido espectacular en la organizaci\u00f3n de este riqu\u00edsimo desayuno andaluz. Posteriormente todo el alumnado del centro ha salido al patio donde hemos cantado el himno de Andaluc\u00eda con la bandera mural creada en el taller del d\u00eda anterior. Finalmente hemos hecho una foto de familia con toda la comunidad educativa de nuestro colegio.<\/p>\n<p>ngg_shortcode_1_placeholderEste mismo d\u00eda, hemos realizado una actividad complementaria en la que toda la comunidad educativa del centro ha podido pasar por un photocall en chroma en el que han visitado diferentes lugares de nuestra comunidad como son: el monumento de Col\u00f3n en Huelva, la feria de Sevilla y Plaza de Espa\u00f1a, el teatro Falla en C\u00e1diz, lo olivares de Ja\u00e9n, los patios de macetas en C\u00f3rdoba, las playas con espetos de M\u00e1laga, Sierra Nevada en Granada y el lejano oeste en Almer\u00eda.<\/p>\nngg_shortcode_2_placeholder\n<p style=\"text-align: center\"><iframe loading=\"lazy\" src=\"\/\/www.youtube.com\/embed\/5iPkJJpddTE\" width=\"560\" height=\"314\"><\/iframe><\/p>\n<p style=\"text-align: center\"><iframe loading=\"lazy\" src=\"\/\/www.youtube.com\/embed\/W-ij8AXX7Jo\" width=\"560\" height=\"314\"><\/iframe><\/p>\n","protected":false},"excerpt":{"rendered":"<p>Los dias 23 y 24 de febrero hemos celebrado la conmemoraci\u00f3n del D\u00eda de Andaluc\u00eda, una efem\u00e9ride que nos define e identifica como andaluces en much\u00edsimos aspectos: geogr\u00e1ficos, culturales, gastron\u00f3micos, etc. La riqueza de ser andaluz va tambi\u00e9n en nuestro car\u00e1cter alegre, luchador y acogedor con todas las personas que vienen a nuestra comunidad aut\u00f3noma. [&hellip;]<\/p>\n","protected":false},"author":15732,"featured_media":1776,"comment_status":"closed","ping_status":"open","sticky":false,"template":"","format":"standard","meta":{"_et_pb_use_builder":"","_et_pb_old_content":"","_et_gb_content_width":"","ngg_post_thumbnail":0,"footnotes":""},"categories":[17,26,15,11,12,13,14,3,4],"tags":[40,39],"aioseo_notices":[],"_links":{"self":[{"href":"https:\/\/blogsaverroes.juntadeandalucia.es\/ceipnsdelrocio\/wp-json\/wp\/v2\/posts\/1641"}],"collection":[{"href":"https:\/\/blogsaverroes.juntadeandalucia.es\/ceipnsdelrocio\/wp-json\/wp\/v2\/posts"}],"about":[{"href":"https:\/\/blogsaverroes.juntadeandalucia.es\/ceipnsdelrocio\/wp-json\/wp\/v2\/types\/post"}],"author":[{"embeddable":true,"href":"https:\/\/blogsaverroes.juntadeandalucia.es\/ceipnsdelrocio\/wp-json\/wp\/v2\/users\/15732"}],"replies":[{"embeddable":true,"href":"https:\/\/blogsaverroes.juntadeandalucia.es\/ceipnsdelrocio\/wp-json\/wp\/v2\/comments?post=1641"}],"version-history":[{"count":4,"href":"https:\/\/blogsaverroes.juntadeandalucia.es\/ceipnsdelrocio\/wp-json\/wp\/v2\/posts\/1641\/revisions"}],"predecessor-version":[{"id":1780,"href":"https:\/\/blogsaverroes.juntadeandalucia.es\/ceipnsdelrocio\/wp-json\/wp\/v2\/posts\/1641\/revisions\/1780"}],"wp:featuredmedia":[{"embeddable":true,"href":"https:\/\/blogsaverroes.juntadeandalucia.es\/ceipnsdelrocio\/wp-json\/wp\/v2\/media\/1776"}],"wp:attachment":[{"href":"https:\/\/blogsaverroes.juntadeandalucia.es\/ceipnsdelrocio\/wp-json\/wp\/v2\/media?parent=1641"}],"wp:term":[{"taxonomy":"category","embeddable":true,"href":"https:\/\/blogsaverroes.juntadeandalucia.es\/ceipnsdelrocio\/wp-json\/wp\/v2\/categories?post=1641"},{"taxonomy":"post_tag","embeddable":true,"href":"https:\/\/blogsaverroes.juntadeandalucia.es\/ceipnsdelrocio\/wp-json\/wp\/v2\/tags?post=1641"}],"curies":[{"name":"wp","href":"https:\/\/api.w.org\/{rel}","templated":true}]}}