{"id":3042,"date":"2025-11-20T22:49:28","date_gmt":"2025-11-20T21:49:28","guid":{"rendered":"https:\/\/blogsaverroes.juntadeandalucia.es\/ceipnsdelrocio\/?p=3042"},"modified":"2025-11-20T22:49:28","modified_gmt":"2025-11-20T21:49:28","slug":"dia-flamenco","status":"publish","type":"post","link":"https:\/\/blogsaverroes.juntadeandalucia.es\/ceipnsdelrocio\/dia-flamenco\/","title":{"rendered":"D\u00cdA FLAMENCO"},"content":{"rendered":"<p>&nbsp; &nbsp;Al igual que todos los a\u00f1os, el d\u00eda 16 de noviembre celebramos en todos los centros educativos de Andaluc\u00eda el d\u00eda del Flamenco. Para ello, este a\u00f1o, hemos realizado actividades a nivel de aula (exhibici\u00f3n del uso del caj\u00f3n flamenco) y a nivel de centro (visita al Teatro T\u00e1vora para ver la actuaci\u00f3n de danza flamenca y espa\u00f1ola de la compa\u00f1\u00eda Mar\u00eda Molina, con la obra &#8220;SIERPE&#8221;. Las actividades se celebraron el lunes 17, tanto a nivel de aula, como de centro y fue un d\u00eda inolvidable cargado de actividades y sentimientos que nos hicieron disfrutar del Flamenco.<\/p>\n<div style=\"width: 848px;\" class=\"wp-video\"><!--[if lt IE 9]><script>document.createElement('video');<\/script><![endif]-->\n<video class=\"wp-video-shortcode\" id=\"video-3042-1\" width=\"848\" height=\"478\" preload=\"metadata\" controls=\"controls\"><source type=\"video\/mp4\" src=\"https:\/\/blogsaverroes.juntadeandalucia.es\/ceipnsdelrocio\/files\/2025\/11\/WhatsApp-Video-2025-11-19-at-09.32.50.mp4?_=1\" \/><a href=\"https:\/\/blogsaverroes.juntadeandalucia.es\/ceipnsdelrocio\/files\/2025\/11\/WhatsApp-Video-2025-11-19-at-09.32.50.mp4\">https:\/\/blogsaverroes.juntadeandalucia.es\/ceipnsdelrocio\/files\/2025\/11\/WhatsApp-Video-2025-11-19-at-09.32.50.mp4<\/a><\/video><\/div>\nngg_shortcode_0_placeholder\n","protected":false},"excerpt":{"rendered":"<p>&nbsp; &nbsp;Al igual que todos los a\u00f1os, el d\u00eda 16 de noviembre celebramos en todos los centros educativos de Andaluc\u00eda el d\u00eda del Flamenco. Para ello, este a\u00f1o, hemos realizado actividades a nivel de aula (exhibici\u00f3n del uso del caj\u00f3n flamenco) y a nivel de centro (visita al Teatro T\u00e1vora para ver la actuaci\u00f3n de [&hellip;]<\/p>\n","protected":false},"author":15732,"featured_media":3053,"comment_status":"closed","ping_status":"open","sticky":false,"template":"","format":"standard","meta":{"_et_pb_use_builder":"","_et_pb_old_content":"","_et_gb_content_width":"","ngg_post_thumbnail":0,"footnotes":""},"categories":[10,26,3,4],"tags":[],"aioseo_notices":[],"_links":{"self":[{"href":"https:\/\/blogsaverroes.juntadeandalucia.es\/ceipnsdelrocio\/wp-json\/wp\/v2\/posts\/3042"}],"collection":[{"href":"https:\/\/blogsaverroes.juntadeandalucia.es\/ceipnsdelrocio\/wp-json\/wp\/v2\/posts"}],"about":[{"href":"https:\/\/blogsaverroes.juntadeandalucia.es\/ceipnsdelrocio\/wp-json\/wp\/v2\/types\/post"}],"author":[{"embeddable":true,"href":"https:\/\/blogsaverroes.juntadeandalucia.es\/ceipnsdelrocio\/wp-json\/wp\/v2\/users\/15732"}],"replies":[{"embeddable":true,"href":"https:\/\/blogsaverroes.juntadeandalucia.es\/ceipnsdelrocio\/wp-json\/wp\/v2\/comments?post=3042"}],"version-history":[{"count":1,"href":"https:\/\/blogsaverroes.juntadeandalucia.es\/ceipnsdelrocio\/wp-json\/wp\/v2\/posts\/3042\/revisions"}],"predecessor-version":[{"id":3054,"href":"https:\/\/blogsaverroes.juntadeandalucia.es\/ceipnsdelrocio\/wp-json\/wp\/v2\/posts\/3042\/revisions\/3054"}],"wp:featuredmedia":[{"embeddable":true,"href":"https:\/\/blogsaverroes.juntadeandalucia.es\/ceipnsdelrocio\/wp-json\/wp\/v2\/media\/3053"}],"wp:attachment":[{"href":"https:\/\/blogsaverroes.juntadeandalucia.es\/ceipnsdelrocio\/wp-json\/wp\/v2\/media?parent=3042"}],"wp:term":[{"taxonomy":"category","embeddable":true,"href":"https:\/\/blogsaverroes.juntadeandalucia.es\/ceipnsdelrocio\/wp-json\/wp\/v2\/categories?post=3042"},{"taxonomy":"post_tag","embeddable":true,"href":"https:\/\/blogsaverroes.juntadeandalucia.es\/ceipnsdelrocio\/wp-json\/wp\/v2\/tags?post=3042"}],"curies":[{"name":"wp","href":"https:\/\/api.w.org\/{rel}","templated":true}]}}