{"id":3139,"date":"2020-12-02T12:47:03","date_gmt":"2020-12-02T11:47:03","guid":{"rendered":"https:\/\/blogsaverroes.juntadeandalucia.es\/ceipnslasnieves\/?p=3139"},"modified":"2020-12-02T12:47:03","modified_gmt":"2020-12-02T11:47:03","slug":"dias-de-libre-disposicion","status":"publish","type":"post","link":"https:\/\/blogsaverroes.juntadeandalucia.es\/ceipnslasnieves\/dias-de-libre-disposicion\/","title":{"rendered":"D\u00cdAS DE LIBRE DISPOSICI\u00d3N"},"content":{"rendered":"<p><a href=\"https:\/\/blogsaverroes.juntadeandalucia.es\/ceipnslasnieves\/files\/2020\/12\/imagen-consejo-escolar-municipal.jpg\"><img fetchpriority=\"high\" decoding=\"async\" class=\" wp-image-3140 aligncenter\" src=\"https:\/\/blogsaverroes.juntadeandalucia.es\/ceipnslasnieves\/files\/2020\/12\/imagen-consejo-escolar-municipal-300x225.jpg\" alt=\"\" width=\"314\" height=\"236\" srcset=\"https:\/\/blogsaverroes.juntadeandalucia.es\/ceipnslasnieves\/files\/2020\/12\/imagen-consejo-escolar-municipal-300x225.jpg 300w, https:\/\/blogsaverroes.juntadeandalucia.es\/ceipnslasnieves\/files\/2020\/12\/imagen-consejo-escolar-municipal-1024x768.jpg 1024w, https:\/\/blogsaverroes.juntadeandalucia.es\/ceipnslasnieves\/files\/2020\/12\/imagen-consejo-escolar-municipal-768x576.jpg 768w, https:\/\/blogsaverroes.juntadeandalucia.es\/ceipnslasnieves\/files\/2020\/12\/imagen-consejo-escolar-municipal-1536x1152.jpg 1536w, https:\/\/blogsaverroes.juntadeandalucia.es\/ceipnslasnieves\/files\/2020\/12\/imagen-consejo-escolar-municipal-24x18.jpg 24w, https:\/\/blogsaverroes.juntadeandalucia.es\/ceipnslasnieves\/files\/2020\/12\/imagen-consejo-escolar-municipal-36x27.jpg 36w, https:\/\/blogsaverroes.juntadeandalucia.es\/ceipnslasnieves\/files\/2020\/12\/imagen-consejo-escolar-municipal-48x36.jpg 48w, https:\/\/blogsaverroes.juntadeandalucia.es\/ceipnslasnieves\/files\/2020\/12\/imagen-consejo-escolar-municipal.jpg 1600w\" sizes=\"(max-width: 314px) 100vw, 314px\" \/><\/a><\/p>\n<p>El pasado lunes 30 de noviembre se reuni\u00f3 el Consejo Escolar Municipal con representantes de los tres centros educativos para decidir, entre otros temas, los d\u00edas de libre disposici\u00f3n no lectivos para el presente curso. Estos d\u00edas son los siguientes:<\/p>\n<ul>\n<li>JUEVES, 7 DE ENERO<\/li>\n<li>VIERNES, 8 DE ENERO<\/li>\n<li>VIERNES, 21 DE MAYO<\/li>\n<li>LUNES, 24 DE MAYO<\/li>\n<\/ul>\n","protected":false},"excerpt":{"rendered":"<p>El pasado lunes 30 de noviembre se reuni\u00f3 el Consejo Escolar Municipal con representantes de los tres centros educativos para decidir, entre otros temas, los d\u00edas de libre disposici\u00f3n no lectivos para el presente&#46;&#46;&#46;<\/p>\n","protected":false},"author":1885,"featured_media":3140,"comment_status":"open","ping_status":"open","sticky":false,"template":"","format":"standard","meta":{"ngg_post_thumbnail":0,"footnotes":""},"categories":[11909,1510018],"tags":[],"aioseo_notices":[],"_links":{"self":[{"href":"https:\/\/blogsaverroes.juntadeandalucia.es\/ceipnslasnieves\/wp-json\/wp\/v2\/posts\/3139"}],"collection":[{"href":"https:\/\/blogsaverroes.juntadeandalucia.es\/ceipnslasnieves\/wp-json\/wp\/v2\/posts"}],"about":[{"href":"https:\/\/blogsaverroes.juntadeandalucia.es\/ceipnslasnieves\/wp-json\/wp\/v2\/types\/post"}],"author":[{"embeddable":true,"href":"https:\/\/blogsaverroes.juntadeandalucia.es\/ceipnslasnieves\/wp-json\/wp\/v2\/users\/1885"}],"replies":[{"embeddable":true,"href":"https:\/\/blogsaverroes.juntadeandalucia.es\/ceipnslasnieves\/wp-json\/wp\/v2\/comments?post=3139"}],"version-history":[{"count":1,"href":"https:\/\/blogsaverroes.juntadeandalucia.es\/ceipnslasnieves\/wp-json\/wp\/v2\/posts\/3139\/revisions"}],"predecessor-version":[{"id":3141,"href":"https:\/\/blogsaverroes.juntadeandalucia.es\/ceipnslasnieves\/wp-json\/wp\/v2\/posts\/3139\/revisions\/3141"}],"wp:featuredmedia":[{"embeddable":true,"href":"https:\/\/blogsaverroes.juntadeandalucia.es\/ceipnslasnieves\/wp-json\/wp\/v2\/media\/3140"}],"wp:attachment":[{"href":"https:\/\/blogsaverroes.juntadeandalucia.es\/ceipnslasnieves\/wp-json\/wp\/v2\/media?parent=3139"}],"wp:term":[{"taxonomy":"category","embeddable":true,"href":"https:\/\/blogsaverroes.juntadeandalucia.es\/ceipnslasnieves\/wp-json\/wp\/v2\/categories?post=3139"},{"taxonomy":"post_tag","embeddable":true,"href":"https:\/\/blogsaverroes.juntadeandalucia.es\/ceipnslasnieves\/wp-json\/wp\/v2\/tags?post=3139"}],"curies":[{"name":"wp","href":"https:\/\/api.w.org\/{rel}","templated":true}]}}