{"id":3200,"date":"2021-03-08T13:30:15","date_gmt":"2021-03-08T12:30:15","guid":{"rendered":"https:\/\/blogsaverroes.juntadeandalucia.es\/ceipnslasnieves\/?p=3200"},"modified":"2021-03-08T13:30:15","modified_gmt":"2021-03-08T12:30:15","slug":"dia-de-la-paz-2021","status":"publish","type":"post","link":"https:\/\/blogsaverroes.juntadeandalucia.es\/ceipnslasnieves\/dia-de-la-paz-2021\/","title":{"rendered":"D\u00cdA DE LA PAZ 2021"},"content":{"rendered":"<p>El CEIP Nuestra Se\u00f1ora de las Nieves celebra el D\u00eda de la Paz el 29 de enero de 2021.<\/p>\n<p>El alumnado de Infantil y Primaria ha trabajado el cuento de \u00abSadako y las mil grullas de papel\u00bb, donde los personajes del cuento narran la leyenda de que si los ni\u00f1os y ni\u00f1as elaboran mil grullas de papel, se cumplir\u00edan sus deseos y mejorar\u00eda as\u00ed el mundo.<\/p>\n<p>Nuestro alumnado ha elaborado grullas de papel para desear la <strong>paz en el mundo<\/strong>. Todas las grullas han sido expuestas en los pasillos y clases del colegio.<\/p>\n<p>Se han realizado actividades para conmemorar el D\u00eda de la Paz: concurso de dibujo, grullas, pajaritas, conocer la historia y dramatizaci\u00f3n del cuento de Sadako&#8230;<\/p>\n<p>Nuestros alumnos y alumnas, una vez mas, participan y adquieren valores de respeto, compa\u00f1erismo, ayuda y amistad, que ponen en pr\u00e1ctica durante todo el a\u00f1o y que hoy han querido alzar sus voces en la lucha por la paz en el mundo, para un mundo mejor.<\/p>\n<p>Toda la Comunidad Educativa ha participado en estas actividades (realizando grullas, fomentando valores como respeto, ayuda&#8230; y como broche final, hemos disfrutado grabando y colaborando en el v\u00eddeo \u00abCan\u00b4t Stop the Feeling\u00bb donde nuestros sentimientos no han parado de transmitirse.<\/p>\n<p><strong>Dani y Tania<\/strong>, \u00a1gracias por vuestro tiempo, trabajo, atenci\u00f3n y organizaci\u00f3n!<\/p>\n<p>A continuaci\u00f3n, os mostramos im\u00e1genes del resultado de dichas actividades.<\/p>\n<p><iframe title=\"D\u00cdA DE LA PAZ 2021\" width=\"500\" height=\"281\" src=\"https:\/\/www.youtube.com\/embed\/gBTqvuWxjmU?feature=oembed&#038;wmode=opaque\" frameborder=\"0\" allow=\"accelerometer; autoplay; clipboard-write; encrypted-media; gyroscope; picture-in-picture\" allowfullscreen><\/iframe><\/p>\n<p><a href=\"https:\/\/blogsaverroes.juntadeandalucia.es\/ceipnslasnieves\/files\/2021\/03\/1615202704794.jpg\"><img fetchpriority=\"high\" decoding=\"async\" class=\"alignnone size-medium wp-image-3209\" src=\"https:\/\/blogsaverroes.juntadeandalucia.es\/ceipnslasnieves\/files\/2021\/03\/1615202704794-300x225.jpg\" alt=\"\" width=\"300\" height=\"225\" srcset=\"https:\/\/blogsaverroes.juntadeandalucia.es\/ceipnslasnieves\/files\/2021\/03\/1615202704794-300x225.jpg 300w, https:\/\/blogsaverroes.juntadeandalucia.es\/ceipnslasnieves\/files\/2021\/03\/1615202704794-1024x768.jpg 1024w, https:\/\/blogsaverroes.juntadeandalucia.es\/ceipnslasnieves\/files\/2021\/03\/1615202704794-768x576.jpg 768w, https:\/\/blogsaverroes.juntadeandalucia.es\/ceipnslasnieves\/files\/2021\/03\/1615202704794-1536x1152.jpg 1536w, https:\/\/blogsaverroes.juntadeandalucia.es\/ceipnslasnieves\/files\/2021\/03\/1615202704794.jpg 1600w\" sizes=\"(max-width: 300px) 100vw, 300px\" \/><\/a> <a href=\"https:\/\/blogsaverroes.juntadeandalucia.es\/ceipnslasnieves\/files\/2021\/03\/1615202704802.jpg\"><img decoding=\"async\" class=\"alignnone size-medium wp-image-3212\" src=\"https:\/\/blogsaverroes.juntadeandalucia.es\/ceipnslasnieves\/files\/2021\/03\/1615202704802-300x225.jpg\" alt=\"\" width=\"300\" height=\"225\" srcset=\"https:\/\/blogsaverroes.juntadeandalucia.es\/ceipnslasnieves\/files\/2021\/03\/1615202704802-300x225.jpg 300w, https:\/\/blogsaverroes.juntadeandalucia.es\/ceipnslasnieves\/files\/2021\/03\/1615202704802-1024x768.jpg 1024w, https:\/\/blogsaverroes.juntadeandalucia.es\/ceipnslasnieves\/files\/2021\/03\/1615202704802-768x576.jpg 768w, https:\/\/blogsaverroes.juntadeandalucia.es\/ceipnslasnieves\/files\/2021\/03\/1615202704802-1536x1152.jpg 1536w, https:\/\/blogsaverroes.juntadeandalucia.es\/ceipnslasnieves\/files\/2021\/03\/1615202704802.jpg 1600w\" sizes=\"(max-width: 300px) 100vw, 300px\" \/><\/a> <a href=\"https:\/\/blogsaverroes.juntadeandalucia.es\/ceipnslasnieves\/files\/2021\/03\/1615202704799.jpg\"><img decoding=\"async\" class=\"alignnone size-medium wp-image-3211\" src=\"https:\/\/blogsaverroes.juntadeandalucia.es\/ceipnslasnieves\/files\/2021\/03\/1615202704799-300x225.jpg\" alt=\"\" width=\"300\" height=\"225\" srcset=\"https:\/\/blogsaverroes.juntadeandalucia.es\/ceipnslasnieves\/files\/2021\/03\/1615202704799-300x225.jpg 300w, https:\/\/blogsaverroes.juntadeandalucia.es\/ceipnslasnieves\/files\/2021\/03\/1615202704799-1024x768.jpg 1024w, https:\/\/blogsaverroes.juntadeandalucia.es\/ceipnslasnieves\/files\/2021\/03\/1615202704799-768x576.jpg 768w, https:\/\/blogsaverroes.juntadeandalucia.es\/ceipnslasnieves\/files\/2021\/03\/1615202704799-1536x1152.jpg 1536w, https:\/\/blogsaverroes.juntadeandalucia.es\/ceipnslasnieves\/files\/2021\/03\/1615202704799.jpg 1600w\" sizes=\"(max-width: 300px) 100vw, 300px\" \/><\/a> <a href=\"https:\/\/blogsaverroes.juntadeandalucia.es\/ceipnslasnieves\/files\/2021\/03\/1615202704796.jpg\"><img loading=\"lazy\" decoding=\"async\" class=\"alignnone size-medium wp-image-3210\" src=\"https:\/\/blogsaverroes.juntadeandalucia.es\/ceipnslasnieves\/files\/2021\/03\/1615202704796-300x225.jpg\" alt=\"\" width=\"300\" height=\"225\" srcset=\"https:\/\/blogsaverroes.juntadeandalucia.es\/ceipnslasnieves\/files\/2021\/03\/1615202704796-300x225.jpg 300w, https:\/\/blogsaverroes.juntadeandalucia.es\/ceipnslasnieves\/files\/2021\/03\/1615202704796-1024x768.jpg 1024w, https:\/\/blogsaverroes.juntadeandalucia.es\/ceipnslasnieves\/files\/2021\/03\/1615202704796-768x576.jpg 768w, https:\/\/blogsaverroes.juntadeandalucia.es\/ceipnslasnieves\/files\/2021\/03\/1615202704796-1536x1152.jpg 1536w, https:\/\/blogsaverroes.juntadeandalucia.es\/ceipnslasnieves\/files\/2021\/03\/1615202704796.jpg 1600w\" sizes=\"(max-width: 300px) 100vw, 300px\" \/><\/a> <a href=\"https:\/\/blogsaverroes.juntadeandalucia.es\/ceipnslasnieves\/files\/2021\/03\/1615202704791.jpg\"><img loading=\"lazy\" decoding=\"async\" class=\"alignnone size-medium wp-image-3208\" src=\"https:\/\/blogsaverroes.juntadeandalucia.es\/ceipnslasnieves\/files\/2021\/03\/1615202704791-300x225.jpg\" alt=\"\" width=\"300\" height=\"225\" srcset=\"https:\/\/blogsaverroes.juntadeandalucia.es\/ceipnslasnieves\/files\/2021\/03\/1615202704791-300x225.jpg 300w, https:\/\/blogsaverroes.juntadeandalucia.es\/ceipnslasnieves\/files\/2021\/03\/1615202704791-1024x768.jpg 1024w, https:\/\/blogsaverroes.juntadeandalucia.es\/ceipnslasnieves\/files\/2021\/03\/1615202704791-768x576.jpg 768w, https:\/\/blogsaverroes.juntadeandalucia.es\/ceipnslasnieves\/files\/2021\/03\/1615202704791-1536x1152.jpg 1536w, https:\/\/blogsaverroes.juntadeandalucia.es\/ceipnslasnieves\/files\/2021\/03\/1615202704791.jpg 1600w\" sizes=\"(max-width: 300px) 100vw, 300px\" \/><\/a> <a href=\"https:\/\/blogsaverroes.juntadeandalucia.es\/ceipnslasnieves\/files\/2021\/03\/1615202704789.jpg\"><img loading=\"lazy\" decoding=\"async\" class=\"alignnone size-medium wp-image-3207\" src=\"https:\/\/blogsaverroes.juntadeandalucia.es\/ceipnslasnieves\/files\/2021\/03\/1615202704789-300x225.jpg\" alt=\"\" width=\"300\" height=\"225\" srcset=\"https:\/\/blogsaverroes.juntadeandalucia.es\/ceipnslasnieves\/files\/2021\/03\/1615202704789-300x225.jpg 300w, https:\/\/blogsaverroes.juntadeandalucia.es\/ceipnslasnieves\/files\/2021\/03\/1615202704789-1024x768.jpg 1024w, https:\/\/blogsaverroes.juntadeandalucia.es\/ceipnslasnieves\/files\/2021\/03\/1615202704789-768x576.jpg 768w, https:\/\/blogsaverroes.juntadeandalucia.es\/ceipnslasnieves\/files\/2021\/03\/1615202704789-1536x1152.jpg 1536w, https:\/\/blogsaverroes.juntadeandalucia.es\/ceipnslasnieves\/files\/2021\/03\/1615202704789.jpg 1600w\" sizes=\"(max-width: 300px) 100vw, 300px\" \/><\/a> <a href=\"https:\/\/blogsaverroes.juntadeandalucia.es\/ceipnslasnieves\/files\/2021\/03\/1615202704786.jpg\"><img loading=\"lazy\" decoding=\"async\" class=\"alignnone size-medium wp-image-3206\" src=\"https:\/\/blogsaverroes.juntadeandalucia.es\/ceipnslasnieves\/files\/2021\/03\/1615202704786-300x225.jpg\" alt=\"\" width=\"300\" height=\"225\" srcset=\"https:\/\/blogsaverroes.juntadeandalucia.es\/ceipnslasnieves\/files\/2021\/03\/1615202704786-300x225.jpg 300w, https:\/\/blogsaverroes.juntadeandalucia.es\/ceipnslasnieves\/files\/2021\/03\/1615202704786-1024x768.jpg 1024w, https:\/\/blogsaverroes.juntadeandalucia.es\/ceipnslasnieves\/files\/2021\/03\/1615202704786-768x576.jpg 768w, https:\/\/blogsaverroes.juntadeandalucia.es\/ceipnslasnieves\/files\/2021\/03\/1615202704786-1536x1152.jpg 1536w, https:\/\/blogsaverroes.juntadeandalucia.es\/ceipnslasnieves\/files\/2021\/03\/1615202704786.jpg 1600w\" sizes=\"(max-width: 300px) 100vw, 300px\" \/><\/a> <a href=\"https:\/\/blogsaverroes.juntadeandalucia.es\/ceipnslasnieves\/files\/2021\/03\/1615202704784.jpg\"><img loading=\"lazy\" decoding=\"async\" class=\"alignnone size-medium wp-image-3205\" src=\"https:\/\/blogsaverroes.juntadeandalucia.es\/ceipnslasnieves\/files\/2021\/03\/1615202704784-225x300.jpg\" alt=\"\" width=\"225\" height=\"300\" srcset=\"https:\/\/blogsaverroes.juntadeandalucia.es\/ceipnslasnieves\/files\/2021\/03\/1615202704784-225x300.jpg 225w, https:\/\/blogsaverroes.juntadeandalucia.es\/ceipnslasnieves\/files\/2021\/03\/1615202704784-768x1024.jpg 768w, https:\/\/blogsaverroes.juntadeandalucia.es\/ceipnslasnieves\/files\/2021\/03\/1615202704784-1152x1536.jpg 1152w, https:\/\/blogsaverroes.juntadeandalucia.es\/ceipnslasnieves\/files\/2021\/03\/1615202704784.jpg 1200w\" sizes=\"(max-width: 225px) 100vw, 225px\" \/><\/a> <a href=\"https:\/\/blogsaverroes.juntadeandalucia.es\/ceipnslasnieves\/files\/2021\/03\/1615202704776.jpg\"><img loading=\"lazy\" decoding=\"async\" class=\"alignnone size-medium wp-image-3203\" src=\"https:\/\/blogsaverroes.juntadeandalucia.es\/ceipnslasnieves\/files\/2021\/03\/1615202704776-300x225.jpg\" alt=\"\" width=\"300\" height=\"225\" srcset=\"https:\/\/blogsaverroes.juntadeandalucia.es\/ceipnslasnieves\/files\/2021\/03\/1615202704776-300x225.jpg 300w, https:\/\/blogsaverroes.juntadeandalucia.es\/ceipnslasnieves\/files\/2021\/03\/1615202704776-1024x768.jpg 1024w, https:\/\/blogsaverroes.juntadeandalucia.es\/ceipnslasnieves\/files\/2021\/03\/1615202704776-768x576.jpg 768w, https:\/\/blogsaverroes.juntadeandalucia.es\/ceipnslasnieves\/files\/2021\/03\/1615202704776-1536x1152.jpg 1536w, https:\/\/blogsaverroes.juntadeandalucia.es\/ceipnslasnieves\/files\/2021\/03\/1615202704776.jpg 1600w\" sizes=\"(max-width: 300px) 100vw, 300px\" \/><\/a> <a href=\"https:\/\/blogsaverroes.juntadeandalucia.es\/ceipnslasnieves\/files\/2021\/03\/1615202704770.jpg\"><img loading=\"lazy\" decoding=\"async\" class=\"alignnone size-medium wp-image-3202\" src=\"https:\/\/blogsaverroes.juntadeandalucia.es\/ceipnslasnieves\/files\/2021\/03\/1615202704770-300x225.jpg\" alt=\"\" width=\"300\" height=\"225\" srcset=\"https:\/\/blogsaverroes.juntadeandalucia.es\/ceipnslasnieves\/files\/2021\/03\/1615202704770-300x225.jpg 300w, https:\/\/blogsaverroes.juntadeandalucia.es\/ceipnslasnieves\/files\/2021\/03\/1615202704770-1024x768.jpg 1024w, https:\/\/blogsaverroes.juntadeandalucia.es\/ceipnslasnieves\/files\/2021\/03\/1615202704770-768x576.jpg 768w, https:\/\/blogsaverroes.juntadeandalucia.es\/ceipnslasnieves\/files\/2021\/03\/1615202704770-1536x1152.jpg 1536w, https:\/\/blogsaverroes.juntadeandalucia.es\/ceipnslasnieves\/files\/2021\/03\/1615202704770.jpg 1600w\" sizes=\"(max-width: 300px) 100vw, 300px\" \/><\/a> <a href=\"https:\/\/blogsaverroes.juntadeandalucia.es\/ceipnslasnieves\/files\/2021\/03\/1615202704763.jpg\"><img loading=\"lazy\" decoding=\"async\" class=\"alignnone size-medium wp-image-3201\" src=\"https:\/\/blogsaverroes.juntadeandalucia.es\/ceipnslasnieves\/files\/2021\/03\/1615202704763-300x225.jpg\" alt=\"\" width=\"300\" height=\"225\" srcset=\"https:\/\/blogsaverroes.juntadeandalucia.es\/ceipnslasnieves\/files\/2021\/03\/1615202704763-300x225.jpg 300w, https:\/\/blogsaverroes.juntadeandalucia.es\/ceipnslasnieves\/files\/2021\/03\/1615202704763-1024x768.jpg 1024w, https:\/\/blogsaverroes.juntadeandalucia.es\/ceipnslasnieves\/files\/2021\/03\/1615202704763-768x576.jpg 768w, https:\/\/blogsaverroes.juntadeandalucia.es\/ceipnslasnieves\/files\/2021\/03\/1615202704763-1536x1152.jpg 1536w, https:\/\/blogsaverroes.juntadeandalucia.es\/ceipnslasnieves\/files\/2021\/03\/1615202704763.jpg 1600w\" sizes=\"(max-width: 300px) 100vw, 300px\" \/><\/a><\/p>\n","protected":false},"excerpt":{"rendered":"<p>El CEIP Nuestra Se\u00f1ora de las Nieves celebra el D\u00eda de la Paz el 29 de enero de 2021. El alumnado de Infantil y Primaria ha trabajado el cuento de \u00abSadako y las mil&#46;&#46;&#46;<\/p>\n","protected":false},"author":1885,"featured_media":3204,"comment_status":"open","ping_status":"open","sticky":false,"template":"","format":"standard","meta":{"ngg_post_thumbnail":0,"footnotes":""},"categories":[11909],"tags":[],"aioseo_notices":[],"_links":{"self":[{"href":"https:\/\/blogsaverroes.juntadeandalucia.es\/ceipnslasnieves\/wp-json\/wp\/v2\/posts\/3200"}],"collection":[{"href":"https:\/\/blogsaverroes.juntadeandalucia.es\/ceipnslasnieves\/wp-json\/wp\/v2\/posts"}],"about":[{"href":"https:\/\/blogsaverroes.juntadeandalucia.es\/ceipnslasnieves\/wp-json\/wp\/v2\/types\/post"}],"author":[{"embeddable":true,"href":"https:\/\/blogsaverroes.juntadeandalucia.es\/ceipnslasnieves\/wp-json\/wp\/v2\/users\/1885"}],"replies":[{"embeddable":true,"href":"https:\/\/blogsaverroes.juntadeandalucia.es\/ceipnslasnieves\/wp-json\/wp\/v2\/comments?post=3200"}],"version-history":[{"count":1,"href":"https:\/\/blogsaverroes.juntadeandalucia.es\/ceipnslasnieves\/wp-json\/wp\/v2\/posts\/3200\/revisions"}],"predecessor-version":[{"id":3213,"href":"https:\/\/blogsaverroes.juntadeandalucia.es\/ceipnslasnieves\/wp-json\/wp\/v2\/posts\/3200\/revisions\/3213"}],"wp:featuredmedia":[{"embeddable":true,"href":"https:\/\/blogsaverroes.juntadeandalucia.es\/ceipnslasnieves\/wp-json\/wp\/v2\/media\/3204"}],"wp:attachment":[{"href":"https:\/\/blogsaverroes.juntadeandalucia.es\/ceipnslasnieves\/wp-json\/wp\/v2\/media?parent=3200"}],"wp:term":[{"taxonomy":"category","embeddable":true,"href":"https:\/\/blogsaverroes.juntadeandalucia.es\/ceipnslasnieves\/wp-json\/wp\/v2\/categories?post=3200"},{"taxonomy":"post_tag","embeddable":true,"href":"https:\/\/blogsaverroes.juntadeandalucia.es\/ceipnslasnieves\/wp-json\/wp\/v2\/tags?post=3200"}],"curies":[{"name":"wp","href":"https:\/\/api.w.org\/{rel}","templated":true}]}}