{"id":3218,"date":"2021-03-25T10:40:18","date_gmt":"2021-03-25T09:40:18","guid":{"rendered":"https:\/\/blogsaverroes.juntadeandalucia.es\/ceipnslasnieves\/?p=3218"},"modified":"2021-03-25T10:40:18","modified_gmt":"2021-03-25T09:40:18","slug":"fin-de-trimestre","status":"publish","type":"post","link":"https:\/\/blogsaverroes.juntadeandalucia.es\/ceipnslasnieves\/fin-de-trimestre\/","title":{"rendered":"FIN DE TRIMESTRE"},"content":{"rendered":"<div dir=\"auto\">Se informa a la Comunidad Educativa que ma\u00f1ana viernes, 26 de marzo, a partir de las 14 h, se habilitar\u00e1 en iPasen la opci\u00f3n de consulta del bolet\u00edn de notas.<\/div>\n<div dir=\"auto\">Si alguien tuviera problemas de acceso a la aplicaci\u00f3n, pod\u00e9is poneros en contacto con el centro para solventar la incidencia a trav\u00e9s del tel\u00e9fono 955622117 o de los correos electr\u00f3nicos:<\/div>\n<div dir=\"auto\">secretario@ceiplasnieves.com<\/div>\n<div dir=\"auto\">administracion@ceiplasnieves.com<\/div>\n<div dir=\"auto\">La vuelta de las vacaciones ser\u00e1 el lunes 5 de abril.<\/div>\n<div dir=\"auto\">Recordad que el d\u00eda 31 termina el plazo, v\u00eda \u00abSecretar\u00eda Virtual\u00bb para solicitar plaza para alumnado de nueva incorporaci\u00f3n.<\/div>\n<div dir=\"auto\">Desde el CEIP Nuestra Se\u00f1ora de las Nieves os deseamos una feliz Semana Santa.<\/div>\n","protected":false},"excerpt":{"rendered":"<p>Se informa a la Comunidad Educativa que ma\u00f1ana viernes, 26 de marzo, a partir de las 14 h, se habilitar\u00e1 en iPasen la opci\u00f3n de consulta del bolet\u00edn de notas. Si alguien tuviera problemas&#46;&#46;&#46;<\/p>\n","protected":false},"author":1885,"featured_media":3219,"comment_status":"open","ping_status":"open","sticky":false,"template":"","format":"standard","meta":{"ngg_post_thumbnail":0,"footnotes":""},"categories":[1510018],"tags":[],"aioseo_notices":[],"_links":{"self":[{"href":"https:\/\/blogsaverroes.juntadeandalucia.es\/ceipnslasnieves\/wp-json\/wp\/v2\/posts\/3218"}],"collection":[{"href":"https:\/\/blogsaverroes.juntadeandalucia.es\/ceipnslasnieves\/wp-json\/wp\/v2\/posts"}],"about":[{"href":"https:\/\/blogsaverroes.juntadeandalucia.es\/ceipnslasnieves\/wp-json\/wp\/v2\/types\/post"}],"author":[{"embeddable":true,"href":"https:\/\/blogsaverroes.juntadeandalucia.es\/ceipnslasnieves\/wp-json\/wp\/v2\/users\/1885"}],"replies":[{"embeddable":true,"href":"https:\/\/blogsaverroes.juntadeandalucia.es\/ceipnslasnieves\/wp-json\/wp\/v2\/comments?post=3218"}],"version-history":[{"count":1,"href":"https:\/\/blogsaverroes.juntadeandalucia.es\/ceipnslasnieves\/wp-json\/wp\/v2\/posts\/3218\/revisions"}],"predecessor-version":[{"id":3220,"href":"https:\/\/blogsaverroes.juntadeandalucia.es\/ceipnslasnieves\/wp-json\/wp\/v2\/posts\/3218\/revisions\/3220"}],"wp:featuredmedia":[{"embeddable":true,"href":"https:\/\/blogsaverroes.juntadeandalucia.es\/ceipnslasnieves\/wp-json\/wp\/v2\/media\/3219"}],"wp:attachment":[{"href":"https:\/\/blogsaverroes.juntadeandalucia.es\/ceipnslasnieves\/wp-json\/wp\/v2\/media?parent=3218"}],"wp:term":[{"taxonomy":"category","embeddable":true,"href":"https:\/\/blogsaverroes.juntadeandalucia.es\/ceipnslasnieves\/wp-json\/wp\/v2\/categories?post=3218"},{"taxonomy":"post_tag","embeddable":true,"href":"https:\/\/blogsaverroes.juntadeandalucia.es\/ceipnslasnieves\/wp-json\/wp\/v2\/tags?post=3218"}],"curies":[{"name":"wp","href":"https:\/\/api.w.org\/{rel}","templated":true}]}}