{"id":3223,"date":"2021-04-13T12:02:09","date_gmt":"2021-04-13T10:02:09","guid":{"rendered":"https:\/\/blogsaverroes.juntadeandalucia.es\/ceipnslasnieves\/?p=3223"},"modified":"2021-04-13T12:02:09","modified_gmt":"2021-04-13T10:02:09","slug":"consumo-de-leche","status":"publish","type":"post","link":"https:\/\/blogsaverroes.juntadeandalucia.es\/ceipnslasnieves\/consumo-de-leche\/","title":{"rendered":"CONSUMO DE LECHE"},"content":{"rendered":"<p>Durante esta semana se est\u00e1 procediendo al reparto de leche, como parte del programa \u00abConsumo de leche en la Escuela\u00bb, el cual est\u00e1 siendo un \u00e9xito.<\/p>\n<p>A partir de ma\u00f1ana mi\u00e9rcoles, debido a la predicci\u00f3n de lluvia, se cancelan los repartos hasta la pr\u00f3xima semana.<\/p>\n<p><a href=\"https:\/\/blogsaverroes.juntadeandalucia.es\/ceipnslasnieves\/files\/2021\/04\/1618306949890-scaled.jpg\"><img fetchpriority=\"high\" decoding=\"async\" class=\"alignnone size-medium wp-image-3226\" src=\"https:\/\/blogsaverroes.juntadeandalucia.es\/ceipnslasnieves\/files\/2021\/04\/1618306949890-300x169.jpg\" alt=\"\" width=\"300\" height=\"169\" srcset=\"https:\/\/blogsaverroes.juntadeandalucia.es\/ceipnslasnieves\/files\/2021\/04\/1618306949890-300x169.jpg 300w, https:\/\/blogsaverroes.juntadeandalucia.es\/ceipnslasnieves\/files\/2021\/04\/1618306949890-1024x576.jpg 1024w, https:\/\/blogsaverroes.juntadeandalucia.es\/ceipnslasnieves\/files\/2021\/04\/1618306949890-768x432.jpg 768w, https:\/\/blogsaverroes.juntadeandalucia.es\/ceipnslasnieves\/files\/2021\/04\/1618306949890-1536x864.jpg 1536w, https:\/\/blogsaverroes.juntadeandalucia.es\/ceipnslasnieves\/files\/2021\/04\/1618306949890-2048x1152.jpg 2048w, https:\/\/blogsaverroes.juntadeandalucia.es\/ceipnslasnieves\/files\/2021\/04\/1618306949890-scaled.jpg 1600w\" sizes=\"(max-width: 300px) 100vw, 300px\" \/><\/a> <a href=\"https:\/\/blogsaverroes.juntadeandalucia.es\/ceipnslasnieves\/files\/2021\/04\/1618306949894-scaled.jpg\"><img decoding=\"async\" class=\"alignnone size-medium wp-image-3227\" src=\"https:\/\/blogsaverroes.juntadeandalucia.es\/ceipnslasnieves\/files\/2021\/04\/1618306949894-300x169.jpg\" alt=\"\" width=\"300\" height=\"169\" srcset=\"https:\/\/blogsaverroes.juntadeandalucia.es\/ceipnslasnieves\/files\/2021\/04\/1618306949894-300x169.jpg 300w, https:\/\/blogsaverroes.juntadeandalucia.es\/ceipnslasnieves\/files\/2021\/04\/1618306949894-1024x576.jpg 1024w, https:\/\/blogsaverroes.juntadeandalucia.es\/ceipnslasnieves\/files\/2021\/04\/1618306949894-768x432.jpg 768w, https:\/\/blogsaverroes.juntadeandalucia.es\/ceipnslasnieves\/files\/2021\/04\/1618306949894-1536x864.jpg 1536w, https:\/\/blogsaverroes.juntadeandalucia.es\/ceipnslasnieves\/files\/2021\/04\/1618306949894-2048x1152.jpg 2048w, https:\/\/blogsaverroes.juntadeandalucia.es\/ceipnslasnieves\/files\/2021\/04\/1618306949894-scaled.jpg 1600w\" sizes=\"(max-width: 300px) 100vw, 300px\" \/><\/a> <a href=\"https:\/\/blogsaverroes.juntadeandalucia.es\/ceipnslasnieves\/files\/2021\/04\/1618306949883-scaled.jpg\"><img decoding=\"async\" class=\"alignnone size-medium wp-image-3225\" src=\"https:\/\/blogsaverroes.juntadeandalucia.es\/ceipnslasnieves\/files\/2021\/04\/1618306949883-300x169.jpg\" alt=\"\" width=\"300\" height=\"169\" srcset=\"https:\/\/blogsaverroes.juntadeandalucia.es\/ceipnslasnieves\/files\/2021\/04\/1618306949883-300x169.jpg 300w, https:\/\/blogsaverroes.juntadeandalucia.es\/ceipnslasnieves\/files\/2021\/04\/1618306949883-1024x576.jpg 1024w, https:\/\/blogsaverroes.juntadeandalucia.es\/ceipnslasnieves\/files\/2021\/04\/1618306949883-768x432.jpg 768w, https:\/\/blogsaverroes.juntadeandalucia.es\/ceipnslasnieves\/files\/2021\/04\/1618306949883-1536x864.jpg 1536w, https:\/\/blogsaverroes.juntadeandalucia.es\/ceipnslasnieves\/files\/2021\/04\/1618306949883-2048x1152.jpg 2048w, https:\/\/blogsaverroes.juntadeandalucia.es\/ceipnslasnieves\/files\/2021\/04\/1618306949883-scaled.jpg 1600w\" sizes=\"(max-width: 300px) 100vw, 300px\" \/><\/a><\/p>\n","protected":false},"excerpt":{"rendered":"<p>Durante esta semana se est\u00e1 procediendo al reparto de leche, como parte del programa \u00abConsumo de leche en la Escuela\u00bb, el cual est\u00e1 siendo un \u00e9xito. A partir de ma\u00f1ana mi\u00e9rcoles, debido a la&#46;&#46;&#46;<\/p>\n","protected":false},"author":1885,"featured_media":3224,"comment_status":"open","ping_status":"open","sticky":false,"template":"","format":"standard","meta":{"ngg_post_thumbnail":0,"footnotes":""},"categories":[1510030],"tags":[],"aioseo_notices":[],"_links":{"self":[{"href":"https:\/\/blogsaverroes.juntadeandalucia.es\/ceipnslasnieves\/wp-json\/wp\/v2\/posts\/3223"}],"collection":[{"href":"https:\/\/blogsaverroes.juntadeandalucia.es\/ceipnslasnieves\/wp-json\/wp\/v2\/posts"}],"about":[{"href":"https:\/\/blogsaverroes.juntadeandalucia.es\/ceipnslasnieves\/wp-json\/wp\/v2\/types\/post"}],"author":[{"embeddable":true,"href":"https:\/\/blogsaverroes.juntadeandalucia.es\/ceipnslasnieves\/wp-json\/wp\/v2\/users\/1885"}],"replies":[{"embeddable":true,"href":"https:\/\/blogsaverroes.juntadeandalucia.es\/ceipnslasnieves\/wp-json\/wp\/v2\/comments?post=3223"}],"version-history":[{"count":1,"href":"https:\/\/blogsaverroes.juntadeandalucia.es\/ceipnslasnieves\/wp-json\/wp\/v2\/posts\/3223\/revisions"}],"predecessor-version":[{"id":3229,"href":"https:\/\/blogsaverroes.juntadeandalucia.es\/ceipnslasnieves\/wp-json\/wp\/v2\/posts\/3223\/revisions\/3229"}],"wp:featuredmedia":[{"embeddable":true,"href":"https:\/\/blogsaverroes.juntadeandalucia.es\/ceipnslasnieves\/wp-json\/wp\/v2\/media\/3224"}],"wp:attachment":[{"href":"https:\/\/blogsaverroes.juntadeandalucia.es\/ceipnslasnieves\/wp-json\/wp\/v2\/media?parent=3223"}],"wp:term":[{"taxonomy":"category","embeddable":true,"href":"https:\/\/blogsaverroes.juntadeandalucia.es\/ceipnslasnieves\/wp-json\/wp\/v2\/categories?post=3223"},{"taxonomy":"post_tag","embeddable":true,"href":"https:\/\/blogsaverroes.juntadeandalucia.es\/ceipnslasnieves\/wp-json\/wp\/v2\/tags?post=3223"}],"curies":[{"name":"wp","href":"https:\/\/api.w.org\/{rel}","templated":true}]}}