{"id":3309,"date":"2021-05-06T14:25:08","date_gmt":"2021-05-06T12:25:08","guid":{"rendered":"https:\/\/blogsaverroes.juntadeandalucia.es\/ceipnslasnieves\/?p=3309"},"modified":"2021-05-06T14:25:08","modified_gmt":"2021-05-06T12:25:08","slug":"d-e-p-juan","status":"publish","type":"post","link":"https:\/\/blogsaverroes.juntadeandalucia.es\/ceipnslasnieves\/d-e-p-juan\/","title":{"rendered":"D.E.P. Juan"},"content":{"rendered":"<p>Desde el CEIP Nuestra Se\u00f1ora de las Nieves queremos expresar nuestro m\u00e1s sentido p\u00e9same a la familia de Juan Perej\u00f3n, antiguo conserje del colegio, fallecido en el d\u00eda ayer.<\/p>\n","protected":false},"excerpt":{"rendered":"<p>Desde el CEIP Nuestra Se\u00f1ora de las Nieves queremos expresar nuestro m\u00e1s sentido p\u00e9same a la familia de Juan Perej\u00f3n, antiguo conserje del colegio, fallecido en el d\u00eda ayer.<\/p>\n","protected":false},"author":1885,"featured_media":3310,"comment_status":"open","ping_status":"open","sticky":false,"template":"","format":"standard","meta":{"ngg_post_thumbnail":0,"footnotes":""},"categories":[11909,1510018],"tags":[],"aioseo_notices":[],"_links":{"self":[{"href":"https:\/\/blogsaverroes.juntadeandalucia.es\/ceipnslasnieves\/wp-json\/wp\/v2\/posts\/3309"}],"collection":[{"href":"https:\/\/blogsaverroes.juntadeandalucia.es\/ceipnslasnieves\/wp-json\/wp\/v2\/posts"}],"about":[{"href":"https:\/\/blogsaverroes.juntadeandalucia.es\/ceipnslasnieves\/wp-json\/wp\/v2\/types\/post"}],"author":[{"embeddable":true,"href":"https:\/\/blogsaverroes.juntadeandalucia.es\/ceipnslasnieves\/wp-json\/wp\/v2\/users\/1885"}],"replies":[{"embeddable":true,"href":"https:\/\/blogsaverroes.juntadeandalucia.es\/ceipnslasnieves\/wp-json\/wp\/v2\/comments?post=3309"}],"version-history":[{"count":1,"href":"https:\/\/blogsaverroes.juntadeandalucia.es\/ceipnslasnieves\/wp-json\/wp\/v2\/posts\/3309\/revisions"}],"predecessor-version":[{"id":3311,"href":"https:\/\/blogsaverroes.juntadeandalucia.es\/ceipnslasnieves\/wp-json\/wp\/v2\/posts\/3309\/revisions\/3311"}],"wp:featuredmedia":[{"embeddable":true,"href":"https:\/\/blogsaverroes.juntadeandalucia.es\/ceipnslasnieves\/wp-json\/wp\/v2\/media\/3310"}],"wp:attachment":[{"href":"https:\/\/blogsaverroes.juntadeandalucia.es\/ceipnslasnieves\/wp-json\/wp\/v2\/media?parent=3309"}],"wp:term":[{"taxonomy":"category","embeddable":true,"href":"https:\/\/blogsaverroes.juntadeandalucia.es\/ceipnslasnieves\/wp-json\/wp\/v2\/categories?post=3309"},{"taxonomy":"post_tag","embeddable":true,"href":"https:\/\/blogsaverroes.juntadeandalucia.es\/ceipnslasnieves\/wp-json\/wp\/v2\/tags?post=3309"}],"curies":[{"name":"wp","href":"https:\/\/api.w.org\/{rel}","templated":true}]}}