{"id":3348,"date":"2021-05-26T13:18:25","date_gmt":"2021-05-26T11:18:25","guid":{"rendered":"https:\/\/blogsaverroes.juntadeandalucia.es\/ceipnslasnieves\/?p=3348"},"modified":"2021-05-26T13:18:25","modified_gmt":"2021-05-26T11:18:25","slug":"adquisicion-de-nuevas-pizarras","status":"publish","type":"post","link":"https:\/\/blogsaverroes.juntadeandalucia.es\/ceipnslasnieves\/adquisicion-de-nuevas-pizarras\/","title":{"rendered":"ADQUISICI\u00d3N DE NUEVAS PIZARRAS"},"content":{"rendered":"<p>La Agencia P\u00fablica Andaluza de Educaci\u00f3n nos ha provisto de 5 pizarras nuevas en Primaria y Aula de Integraci\u00f3n, renovando as\u00ed encerados de m\u00e1s de 30 a\u00f1os con un deterioro notable.<\/p>\n<p><a href=\"https:\/\/blogsaverroes.juntadeandalucia.es\/ceipnslasnieves\/files\/2021\/05\/1622027275011-scaled.jpg\"><img fetchpriority=\"high\" decoding=\"async\" class=\"alignnone size-medium wp-image-3350\" src=\"https:\/\/blogsaverroes.juntadeandalucia.es\/ceipnslasnieves\/files\/2021\/05\/1622027275011-300x169.jpg\" alt=\"\" width=\"300\" height=\"169\" srcset=\"https:\/\/blogsaverroes.juntadeandalucia.es\/ceipnslasnieves\/files\/2021\/05\/1622027275011-300x169.jpg 300w, https:\/\/blogsaverroes.juntadeandalucia.es\/ceipnslasnieves\/files\/2021\/05\/1622027275011-1024x576.jpg 1024w, https:\/\/blogsaverroes.juntadeandalucia.es\/ceipnslasnieves\/files\/2021\/05\/1622027275011-768x432.jpg 768w, https:\/\/blogsaverroes.juntadeandalucia.es\/ceipnslasnieves\/files\/2021\/05\/1622027275011-1536x864.jpg 1536w, https:\/\/blogsaverroes.juntadeandalucia.es\/ceipnslasnieves\/files\/2021\/05\/1622027275011-2048x1152.jpg 2048w, https:\/\/blogsaverroes.juntadeandalucia.es\/ceipnslasnieves\/files\/2021\/05\/1622027275011-scaled.jpg 1600w\" sizes=\"(max-width: 300px) 100vw, 300px\" \/><\/a> <a href=\"https:\/\/blogsaverroes.juntadeandalucia.es\/ceipnslasnieves\/files\/2021\/05\/1622027274997-scaled.jpg\"><img decoding=\"async\" class=\"alignnone size-medium wp-image-3351\" src=\"https:\/\/blogsaverroes.juntadeandalucia.es\/ceipnslasnieves\/files\/2021\/05\/1622027274997-300x169.jpg\" alt=\"\" width=\"300\" height=\"169\" srcset=\"https:\/\/blogsaverroes.juntadeandalucia.es\/ceipnslasnieves\/files\/2021\/05\/1622027274997-300x169.jpg 300w, https:\/\/blogsaverroes.juntadeandalucia.es\/ceipnslasnieves\/files\/2021\/05\/1622027274997-1024x576.jpg 1024w, https:\/\/blogsaverroes.juntadeandalucia.es\/ceipnslasnieves\/files\/2021\/05\/1622027274997-768x432.jpg 768w, https:\/\/blogsaverroes.juntadeandalucia.es\/ceipnslasnieves\/files\/2021\/05\/1622027274997-1536x864.jpg 1536w, https:\/\/blogsaverroes.juntadeandalucia.es\/ceipnslasnieves\/files\/2021\/05\/1622027274997-2048x1152.jpg 2048w, https:\/\/blogsaverroes.juntadeandalucia.es\/ceipnslasnieves\/files\/2021\/05\/1622027274997-scaled.jpg 1600w\" sizes=\"(max-width: 300px) 100vw, 300px\" \/><\/a> <a href=\"https:\/\/blogsaverroes.juntadeandalucia.es\/ceipnslasnieves\/files\/2021\/05\/1622027275004-scaled.jpg\"><img decoding=\"async\" class=\"alignnone size-medium wp-image-3352\" src=\"https:\/\/blogsaverroes.juntadeandalucia.es\/ceipnslasnieves\/files\/2021\/05\/1622027275004-300x169.jpg\" alt=\"\" width=\"300\" height=\"169\" srcset=\"https:\/\/blogsaverroes.juntadeandalucia.es\/ceipnslasnieves\/files\/2021\/05\/1622027275004-300x169.jpg 300w, https:\/\/blogsaverroes.juntadeandalucia.es\/ceipnslasnieves\/files\/2021\/05\/1622027275004-1024x576.jpg 1024w, https:\/\/blogsaverroes.juntadeandalucia.es\/ceipnslasnieves\/files\/2021\/05\/1622027275004-768x432.jpg 768w, https:\/\/blogsaverroes.juntadeandalucia.es\/ceipnslasnieves\/files\/2021\/05\/1622027275004-1536x864.jpg 1536w, https:\/\/blogsaverroes.juntadeandalucia.es\/ceipnslasnieves\/files\/2021\/05\/1622027275004-2048x1152.jpg 2048w, https:\/\/blogsaverroes.juntadeandalucia.es\/ceipnslasnieves\/files\/2021\/05\/1622027275004-scaled.jpg 1600w\" sizes=\"(max-width: 300px) 100vw, 300px\" \/><\/a><\/p>\n","protected":false},"excerpt":{"rendered":"<p>La Agencia P\u00fablica Andaluza de Educaci\u00f3n nos ha provisto de 5 pizarras nuevas en Primaria y Aula de Integraci\u00f3n, renovando as\u00ed encerados de m\u00e1s de 30 a\u00f1os con un deterioro notable.<\/p>\n","protected":false},"author":1885,"featured_media":3349,"comment_status":"open","ping_status":"open","sticky":false,"template":"","format":"standard","meta":{"ngg_post_thumbnail":0,"footnotes":""},"categories":[1510018],"tags":[],"aioseo_notices":[],"_links":{"self":[{"href":"https:\/\/blogsaverroes.juntadeandalucia.es\/ceipnslasnieves\/wp-json\/wp\/v2\/posts\/3348"}],"collection":[{"href":"https:\/\/blogsaverroes.juntadeandalucia.es\/ceipnslasnieves\/wp-json\/wp\/v2\/posts"}],"about":[{"href":"https:\/\/blogsaverroes.juntadeandalucia.es\/ceipnslasnieves\/wp-json\/wp\/v2\/types\/post"}],"author":[{"embeddable":true,"href":"https:\/\/blogsaverroes.juntadeandalucia.es\/ceipnslasnieves\/wp-json\/wp\/v2\/users\/1885"}],"replies":[{"embeddable":true,"href":"https:\/\/blogsaverroes.juntadeandalucia.es\/ceipnslasnieves\/wp-json\/wp\/v2\/comments?post=3348"}],"version-history":[{"count":1,"href":"https:\/\/blogsaverroes.juntadeandalucia.es\/ceipnslasnieves\/wp-json\/wp\/v2\/posts\/3348\/revisions"}],"predecessor-version":[{"id":3353,"href":"https:\/\/blogsaverroes.juntadeandalucia.es\/ceipnslasnieves\/wp-json\/wp\/v2\/posts\/3348\/revisions\/3353"}],"wp:featuredmedia":[{"embeddable":true,"href":"https:\/\/blogsaverroes.juntadeandalucia.es\/ceipnslasnieves\/wp-json\/wp\/v2\/media\/3349"}],"wp:attachment":[{"href":"https:\/\/blogsaverroes.juntadeandalucia.es\/ceipnslasnieves\/wp-json\/wp\/v2\/media?parent=3348"}],"wp:term":[{"taxonomy":"category","embeddable":true,"href":"https:\/\/blogsaverroes.juntadeandalucia.es\/ceipnslasnieves\/wp-json\/wp\/v2\/categories?post=3348"},{"taxonomy":"post_tag","embeddable":true,"href":"https:\/\/blogsaverroes.juntadeandalucia.es\/ceipnslasnieves\/wp-json\/wp\/v2\/tags?post=3348"}],"curies":[{"name":"wp","href":"https:\/\/api.w.org\/{rel}","templated":true}]}}