{"id":3528,"date":"2021-12-22T10:53:22","date_gmt":"2021-12-22T09:53:22","guid":{"rendered":"https:\/\/blogsaverroes.juntadeandalucia.es\/ceipnslasnieves\/?p=3528"},"modified":"2021-12-22T10:55:07","modified_gmt":"2021-12-22T09:55:07","slug":"visita-de-sus-majestades-los-reyes-magos","status":"publish","type":"post","link":"https:\/\/blogsaverroes.juntadeandalucia.es\/ceipnslasnieves\/visita-de-sus-majestades-los-reyes-magos\/","title":{"rendered":"VISITA DE SUS MAJESTADES LOS REYES MAGOS"},"content":{"rendered":"<p>El AMPA no quer\u00eda ser menos en estas fechas tan especiales y ha hecho un gran esfuerzo para que el Rey Melchor junto con su paje pudieran estar hoy en nuestro cole. Los Reyes tienen una agenda muy apretada pues quieren visitar la mayor parte de pueblos y ciudades. Afortunadamente han podido hacer un peque\u00f1a parada en Benacaz\u00f3n para hacer una visita a los alumnos de infantil (de 3 a 5 a\u00f1os) y de 1\u00ba a 3\u00ba de primaria. Los alumnos han depositado sus cartas en el buz\u00f3n real para que la noche del 5 de enero puedan recibir lo que han pedido.<\/p>\n<p>Desde el AMPA estamos muy contentos con la actividad y agradecemos al Rey Melchor y al paje que de forma desinteresada han querido colaborar con nosotros. Muchas gracias y&#8230; \u00a1Qu\u00e9 vivan los Reyes Magos!<\/p>\n<p><a href=\"https:\/\/ampa5deagosto.blogspot.com\/2021\/12\/gran-acogida-melchor-y-su-paje-en-el.html\">https:\/\/ampa5deagosto.blogspot.com\/2021\/12\/gran-acogida-melchor-y-su-paje-en-el.html<\/a><\/p>\n","protected":false},"excerpt":{"rendered":"<p>El AMPA no quer\u00eda ser menos en estas fechas tan especiales y ha hecho un gran esfuerzo para que el Rey Melchor junto con su paje pudieran estar hoy en nuestro cole. Los Reyes&#46;&#46;&#46;<\/p>\n","protected":false},"author":1885,"featured_media":3529,"comment_status":"open","ping_status":"open","sticky":false,"template":"","format":"standard","meta":{"ngg_post_thumbnail":0,"footnotes":""},"categories":[1510021,1510020],"tags":[],"aioseo_notices":[],"_links":{"self":[{"href":"https:\/\/blogsaverroes.juntadeandalucia.es\/ceipnslasnieves\/wp-json\/wp\/v2\/posts\/3528"}],"collection":[{"href":"https:\/\/blogsaverroes.juntadeandalucia.es\/ceipnslasnieves\/wp-json\/wp\/v2\/posts"}],"about":[{"href":"https:\/\/blogsaverroes.juntadeandalucia.es\/ceipnslasnieves\/wp-json\/wp\/v2\/types\/post"}],"author":[{"embeddable":true,"href":"https:\/\/blogsaverroes.juntadeandalucia.es\/ceipnslasnieves\/wp-json\/wp\/v2\/users\/1885"}],"replies":[{"embeddable":true,"href":"https:\/\/blogsaverroes.juntadeandalucia.es\/ceipnslasnieves\/wp-json\/wp\/v2\/comments?post=3528"}],"version-history":[{"count":1,"href":"https:\/\/blogsaverroes.juntadeandalucia.es\/ceipnslasnieves\/wp-json\/wp\/v2\/posts\/3528\/revisions"}],"predecessor-version":[{"id":3530,"href":"https:\/\/blogsaverroes.juntadeandalucia.es\/ceipnslasnieves\/wp-json\/wp\/v2\/posts\/3528\/revisions\/3530"}],"wp:featuredmedia":[{"embeddable":true,"href":"https:\/\/blogsaverroes.juntadeandalucia.es\/ceipnslasnieves\/wp-json\/wp\/v2\/media\/3529"}],"wp:attachment":[{"href":"https:\/\/blogsaverroes.juntadeandalucia.es\/ceipnslasnieves\/wp-json\/wp\/v2\/media?parent=3528"}],"wp:term":[{"taxonomy":"category","embeddable":true,"href":"https:\/\/blogsaverroes.juntadeandalucia.es\/ceipnslasnieves\/wp-json\/wp\/v2\/categories?post=3528"},{"taxonomy":"post_tag","embeddable":true,"href":"https:\/\/blogsaverroes.juntadeandalucia.es\/ceipnslasnieves\/wp-json\/wp\/v2\/tags?post=3528"}],"curies":[{"name":"wp","href":"https:\/\/api.w.org\/{rel}","templated":true}]}}