{"id":3693,"date":"2022-04-27T09:24:25","date_gmt":"2022-04-27T07:24:25","guid":{"rendered":"https:\/\/blogsaverroes.juntadeandalucia.es\/ceipnslasnieves\/?p=3693"},"modified":"2022-04-28T08:55:23","modified_gmt":"2022-04-28T06:55:23","slug":"reanimacion-cardiopulmonar-en-infantil","status":"publish","type":"post","link":"https:\/\/blogsaverroes.juntadeandalucia.es\/ceipnslasnieves\/reanimacion-cardiopulmonar-en-infantil\/","title":{"rendered":"REANIMACI\u00d3N CARDIOPULMONAR EN INFANTIL"},"content":{"rendered":"<p>La enfermera COVID del Centro de Salud de Sanl\u00facar nos env\u00eda este montaje en v\u00eddeo con las im\u00e1genes de su visita la semana pasada para impartir un curso de primeros auxilios de nivel b\u00e1sico a Infantil de 5 a\u00f1os y 1er Ciclo.<\/p>\n<p>La se\u00f1o Ana Cabrera de Educaci\u00f3n F\u00edsica prepar\u00f3 la canci\u00f3n con los alumnos previamente.<\/p>\n<div style=\"width: 1280px;\" class=\"wp-video\"><!--[if lt IE 9]><script>document.createElement('video');<\/script><![endif]-->\n<video class=\"wp-video-shortcode\" id=\"video-3693-1\" width=\"1280\" height=\"720\" preload=\"metadata\" controls=\"controls\"><source type=\"video\/mp4\" src=\"https:\/\/blogsaverroes.juntadeandalucia.es\/ceipnslasnieves\/files\/2022\/04\/REANIMACI\u00d3N-INFANTIL.mp4?_=1\" \/><a href=\"https:\/\/blogsaverroes.juntadeandalucia.es\/ceipnslasnieves\/files\/2022\/04\/REANIMACI\u00d3N-INFANTIL.mp4\">https:\/\/blogsaverroes.juntadeandalucia.es\/ceipnslasnieves\/files\/2022\/04\/REANIMACI\u00d3N-INFANTIL.mp4<\/a><\/video><\/div>\n","protected":false},"excerpt":{"rendered":"<p>La enfermera COVID del Centro de Salud de Sanl\u00facar nos env\u00eda este montaje en v\u00eddeo con las im\u00e1genes de su visita la semana pasada para impartir un curso de primeros auxilios de nivel b\u00e1sico&#46;&#46;&#46;<\/p>\n","protected":false},"author":1885,"featured_media":3695,"comment_status":"open","ping_status":"open","sticky":false,"template":"","format":"standard","meta":{"ngg_post_thumbnail":0,"footnotes":""},"categories":[1510027,1510030,1510018],"tags":[],"aioseo_notices":[],"_links":{"self":[{"href":"https:\/\/blogsaverroes.juntadeandalucia.es\/ceipnslasnieves\/wp-json\/wp\/v2\/posts\/3693"}],"collection":[{"href":"https:\/\/blogsaverroes.juntadeandalucia.es\/ceipnslasnieves\/wp-json\/wp\/v2\/posts"}],"about":[{"href":"https:\/\/blogsaverroes.juntadeandalucia.es\/ceipnslasnieves\/wp-json\/wp\/v2\/types\/post"}],"author":[{"embeddable":true,"href":"https:\/\/blogsaverroes.juntadeandalucia.es\/ceipnslasnieves\/wp-json\/wp\/v2\/users\/1885"}],"replies":[{"embeddable":true,"href":"https:\/\/blogsaverroes.juntadeandalucia.es\/ceipnslasnieves\/wp-json\/wp\/v2\/comments?post=3693"}],"version-history":[{"count":4,"href":"https:\/\/blogsaverroes.juntadeandalucia.es\/ceipnslasnieves\/wp-json\/wp\/v2\/posts\/3693\/revisions"}],"predecessor-version":[{"id":3699,"href":"https:\/\/blogsaverroes.juntadeandalucia.es\/ceipnslasnieves\/wp-json\/wp\/v2\/posts\/3693\/revisions\/3699"}],"wp:featuredmedia":[{"embeddable":true,"href":"https:\/\/blogsaverroes.juntadeandalucia.es\/ceipnslasnieves\/wp-json\/wp\/v2\/media\/3695"}],"wp:attachment":[{"href":"https:\/\/blogsaverroes.juntadeandalucia.es\/ceipnslasnieves\/wp-json\/wp\/v2\/media?parent=3693"}],"wp:term":[{"taxonomy":"category","embeddable":true,"href":"https:\/\/blogsaverroes.juntadeandalucia.es\/ceipnslasnieves\/wp-json\/wp\/v2\/categories?post=3693"},{"taxonomy":"post_tag","embeddable":true,"href":"https:\/\/blogsaverroes.juntadeandalucia.es\/ceipnslasnieves\/wp-json\/wp\/v2\/tags?post=3693"}],"curies":[{"name":"wp","href":"https:\/\/api.w.org\/{rel}","templated":true}]}}