{"id":3997,"date":"2021-09-19T16:25:50","date_gmt":"2021-09-19T16:25:50","guid":{"rendered":"http:\/\/blogsaverroes.juntadeandalucia.es\/ceipntrasradefatima\/?p=3997"},"modified":"2021-09-19T16:51:35","modified_gmt":"2021-09-19T16:51:35","slug":"comenzamos-el-curso-escolar-2021-22","status":"publish","type":"post","link":"https:\/\/blogsaverroes.juntadeandalucia.es\/ceipntrasradefatima\/2021\/09\/19\/comenzamos-el-curso-escolar-2021-22\/","title":{"rendered":"Comenzamos el curso escolar 2021-22"},"content":{"rendered":"<p><img loading=\"lazy\" decoding=\"async\" class=\" wp-image-4007 alignleft\" src=\"https:\/\/blogsaverroes.juntadeandalucia.es\/ceipntrasradefatima\/files\/2021\/09\/Sello3.png\" alt=\"\" width=\"126\" height=\"115\" srcset=\"https:\/\/blogsaverroes.juntadeandalucia.es\/ceipntrasradefatima\/files\/2021\/09\/Sello3.png 719w, https:\/\/blogsaverroes.juntadeandalucia.es\/ceipntrasradefatima\/files\/2021\/09\/Sello3-300x275.png 300w\" sizes=\"(max-width: 126px) 100vw, 126px\" \/>Estimada comunidad educativa del CEIP NTRA. SRA. DE F\u00c1TIMA,<\/p>\n<p>Nos alegra saludar y darles una afectuosa bienvenida al nuevo curso escolar 2021\/2022.<\/p>\n<p>Con gran alegr\u00eda estamos iniciando un nuevo a\u00f1o acad\u00e9mico, en un contexto de incertidumbres y temores, pero tambi\u00e9n de muchas esperanzas y alegr\u00edas que nos brinda el poder volver a reencontrarnos de forma presencial con algunos y virtual con otros.<\/p>\n<p>Este nuevo curso escolar vuelve a ser muy especial, y con responsabilidad, tendremos que poner lo mejor de nosotros mismos&nbsp; para que todo vuelva a salir bien. Ya nuestros alumnos y alumnas nos ense\u00f1aron, el curso pasado, que todo es posible y que ellos pueden lograr lo que se propongan. El Equipo Directivo y el Claustro de maestros y maestras estamos trabajando para que el retorno del alumnado sea lo m\u00e1s seguro posible.<\/p>\n<p>El esp\u00edritu que nos mueve es de procurar el mayor bienestar para todos los que formamos parte de esta comunidad, es por ello que como centro nos hemos preparado para recibirlos, respetando todas las medidas sanitarias, pero somos conscientes que necesitamos de la ayuda de las familias para que todo lo propuesto se pueda llevar a cabo de forma satisfactoria. Nuestro lema debe ser \u201cME CUIDO, TE CUIDO\u201d.<\/p>\n<p>La tarea de la prevenci\u00f3n parte por lo que cada uno realice, solo trabajando en conjunto saldremos adelante con \u00e9xito.<\/p>\n<p>Agradecemos a todas las familias la confianza que a\u00f1o tras a\u00f1o depositan en nuestro colegio y asumimos el compromiso de seguir trabajando por el bienestar de nuestro alumnado y por entregar una educaci\u00f3n de calidad.<\/p>\n<p>Recordar que durante el curso 21\/22 se continuar\u00e1 con la aplicaci\u00f3n de las medidas recogidas en el PROTOCOLO COVID-19 de nuestro centro, las cuales han sido revisadas y actualizadas siguiendo las instrucciones de la Consejer\u00eda de Salud y la Consejer\u00eda de Educaci\u00f3n y Deporte. <a href=\"https:\/\/drive.google.com\/file\/d\/18flNhpRNTQvkkCagDUbpCL43HpGixODe\/view?usp=sharing\">Pueden acceder al protocolo COVID revisado para el presente curso en el siguiente enlace<\/a>.<\/p>\n<p>Por \u00faltimo, aprovechamos para compartir con ustedes el calendario escolar de este a\u00f1o.<\/p>\n<p style=\"text-align: left\">Les saluda atentamente<\/p>\n<p style=\"text-align: left\">la Direcci\u00f3n del centro.<\/p>\n<p style=\"text-align: right\">*Fotograf\u00eda de cabecera procedente de la web del ayuntamiento de Osuna<\/p>\n<!--themify_builder_content-->\n<div id=\"themify_builder_content-3997\" data-postid=\"3997\" class=\"themify_builder_content themify_builder_content-3997 themify_builder tf_clear\">\n                    <div  data-lazy=\"1\" class=\"module_row themify_builder_row tb_hvxh984 tb_first tf_w\">\n                        <div class=\"row_inner col_align_top tb_col_count_1 tf_box tf_rel\">\n                        <div  data-lazy=\"1\" class=\"module_column tb-column col-full tb_lbta985 first\">\n                    <!-- module widget -->\n<div  class=\"module module-widget tb_oqgp864  \" data-lazy=\"1\">\n    <div class=\"widget_text widget widget_custom_html\"><div class=\"textwidget custom-html-widget\">[googleapps domain=\"drive\" dir=\"file\/d\/1rYP1FPArW6wayl93rOHZ8Kvo5TqWfWcj\/preview\" query=\"\" width=\"640\" height=\"480\" \/]<\/div><\/div><\/div>\n<!-- \/module widget -->\n        <\/div>\n                        <\/div>\n        <\/div>\n        <\/div>\n<!--\/themify_builder_content-->","protected":false},"excerpt":{"rendered":"<p>Estimada comunidad educativa del CEIP NTRA. SRA. DE F\u00c1TIMA, Nos alegra saludar y darles una afectuosa bienvenida al nuevo curso escolar 2021\/2022. Con gran alegr\u00eda estamos iniciando un nuevo a\u00f1o acad\u00e9mico, en un contexto de incertidumbres y temores, pero tambi\u00e9n de muchas esperanzas y alegr\u00edas que nos brinda el poder volver a reencontrarnos de forma [&hellip;]<\/p>\n","protected":false},"author":2285,"featured_media":4005,"comment_status":"closed","ping_status":"open","sticky":false,"template":"","format":"standard","meta":{"ngg_post_thumbnail":0,"footnotes":""},"categories":[526],"tags":[],"aioseo_notices":[],"_links":{"self":[{"href":"https:\/\/blogsaverroes.juntadeandalucia.es\/ceipntrasradefatima\/wp-json\/wp\/v2\/posts\/3997"}],"collection":[{"href":"https:\/\/blogsaverroes.juntadeandalucia.es\/ceipntrasradefatima\/wp-json\/wp\/v2\/posts"}],"about":[{"href":"https:\/\/blogsaverroes.juntadeandalucia.es\/ceipntrasradefatima\/wp-json\/wp\/v2\/types\/post"}],"author":[{"embeddable":true,"href":"https:\/\/blogsaverroes.juntadeandalucia.es\/ceipntrasradefatima\/wp-json\/wp\/v2\/users\/2285"}],"replies":[{"embeddable":true,"href":"https:\/\/blogsaverroes.juntadeandalucia.es\/ceipntrasradefatima\/wp-json\/wp\/v2\/comments?post=3997"}],"version-history":[{"count":30,"href":"https:\/\/blogsaverroes.juntadeandalucia.es\/ceipntrasradefatima\/wp-json\/wp\/v2\/posts\/3997\/revisions"}],"predecessor-version":[{"id":4032,"href":"https:\/\/blogsaverroes.juntadeandalucia.es\/ceipntrasradefatima\/wp-json\/wp\/v2\/posts\/3997\/revisions\/4032"}],"wp:featuredmedia":[{"embeddable":true,"href":"https:\/\/blogsaverroes.juntadeandalucia.es\/ceipntrasradefatima\/wp-json\/wp\/v2\/media\/4005"}],"wp:attachment":[{"href":"https:\/\/blogsaverroes.juntadeandalucia.es\/ceipntrasradefatima\/wp-json\/wp\/v2\/media?parent=3997"}],"wp:term":[{"taxonomy":"category","embeddable":true,"href":"https:\/\/blogsaverroes.juntadeandalucia.es\/ceipntrasradefatima\/wp-json\/wp\/v2\/categories?post=3997"},{"taxonomy":"post_tag","embeddable":true,"href":"https:\/\/blogsaverroes.juntadeandalucia.es\/ceipntrasradefatima\/wp-json\/wp\/v2\/tags?post=3997"}],"curies":[{"name":"wp","href":"https:\/\/api.w.org\/{rel}","templated":true}]}}