{"id":4363,"date":"2022-06-07T09:00:27","date_gmt":"2022-06-07T09:00:27","guid":{"rendered":"http:\/\/blogsaverroes.juntadeandalucia.es\/ceipntrasradefatima\/?p=4363"},"modified":"2022-06-08T07:52:04","modified_gmt":"2022-06-08T07:52:04","slug":"jornada-de-primeros-auxilios","status":"publish","type":"post","link":"https:\/\/blogsaverroes.juntadeandalucia.es\/ceipntrasradefatima\/2022\/06\/07\/jornada-de-primeros-auxilios\/","title":{"rendered":"JORNADA DE PRIMEROS AUXILIOS"},"content":{"rendered":"<blockquote><p>Desde el <strong>P<em>rograma de Innovaci\u00f3n Educativa <\/em><\/strong>desarrollada en nuestro centro, <strong>H\u00e1bitos de Vida Saludable<\/strong>, en la modalidad <em><strong>Creciendo en Salud<\/strong><\/em>, hemos querido dar la posibilidad a nuestro alumnado de adquirir conocimientos pr\u00e1cticos para la vida diaria. As\u00ed pues, en colaboraci\u00f3n con el Equipo de Promoci\u00f3n de la Salud de Ntra. Sra. de F\u00e1tima y gracias a las profesionales sanitarias del \u00c1rea Sanitaria de Osuna, Ana Pliego e Isabel Manzano, nuestros\u00a0 alumnos y alumnas mayores participaron, el pasado d\u00eda 2 de junio , en una <em><strong>Jornada sobre Primeros Auxilios <\/strong><\/em>para prepararlos en caso de emergencia sanitaria.<\/p>\n<p>Con esta actividad se pretende ponderar a la poblaci\u00f3n en situaciones de riesgo\u00a0 vital y reducir la ansiedad y las dudas en el momento de actuar. Los j\u00f3venes, con grandes inquietudes y curiosidad , escucharon, practicaron e hicieron las preguntas necesarias para resolver sus dudas en los casos de <em>paradas cardiorespiratorias, p\u00e9rdidas de conocimiento, atragantamientos,.<\/em>. y otras diferentes situaciones de peligro. Tambi\u00e9n, se les inform\u00f3 sobre la aplicaci\u00f3n Ariadna, muy \u00fatil para encontrar la ubicaci\u00f3n m\u00e1s cercana de los <em>desfibriladores<\/em> y en la que podemos participar activamente como ciudadanos. Una de las alumnas participantes, describe su experiencia de la siguiente manera:<\/p>\n<p style=\"text-align: left\"><em>\u00abEl jueves , 2 de junio, vinieron dos enfermeras a darnos una charla sobre los primeros auxilios. <\/em><\/p>\n<p style=\"text-align: left\"><em>Me gust\u00f3 mucho y me result\u00f3 muy interesante ya que nos ense\u00f1aron c\u00f3mo hacer la RCP, <\/em><\/p>\n<p style=\"text-align: left\"><em>la Maniobra de Heimlich y otros auxilios m\u00e1s&#8230;. Las practicamos entre los compa\u00f1eros y<\/em><\/p>\n<p style=\"text-align: left\"><em> compa\u00f1eras y con mu\u00f1ecos simuladores. <\/em><\/p>\n<p style=\"text-align: left\"><em>Tener conocimientos y pr\u00e1ctica en primeros auxilios me parece muy importante porque <\/em><\/p>\n<p style=\"text-align: left\"><em>nunca sabes si te vas a ver en la situaci\u00f3n de tener que realizarlo. Y lo m\u00e1s destacado, <\/em><\/p>\n<p style=\"text-align: left\"><em>si intervienes, probablemente est\u00e9s ayudando a salvar una vida. As\u00ed pues, invito a todas <\/em><\/p>\n<p style=\"text-align: left\"><em>la personas a que aprendan sobre este tema y que no duden en actuar en caso de necesidad.\u00bb<\/em><\/p>\n<p><em>\u00c1ngela Dom\u00ednguez Garc\u00eda.<\/em><\/p>\n<p>&nbsp;<\/p>\n<p style=\"text-align: left\">Algunas de las im\u00e1genes de este d\u00eda se presentan en este muro.<\/p>\n<p>&nbsp;<\/p>\n<p><a href=\"https:\/\/blogsaverroes.juntadeandalucia.es\/ceipntrasradefatima\/files\/2022\/06\/20220602_113842-scaled.jpg\"><img loading=\"lazy\" decoding=\"async\" class=\"alignnone size-medium wp-image-4373\" src=\"https:\/\/blogsaverroes.juntadeandalucia.es\/ceipntrasradefatima\/files\/2022\/06\/20220602_113842-300x169.jpg\" alt=\"\" width=\"300\" height=\"169\" srcset=\"https:\/\/blogsaverroes.juntadeandalucia.es\/ceipntrasradefatima\/files\/2022\/06\/20220602_113842-300x169.jpg 300w, https:\/\/blogsaverroes.juntadeandalucia.es\/ceipntrasradefatima\/files\/2022\/06\/20220602_113842-1024x576.jpg 1024w, https:\/\/blogsaverroes.juntadeandalucia.es\/ceipntrasradefatima\/files\/2022\/06\/20220602_113842-768x432.jpg 768w, https:\/\/blogsaverroes.juntadeandalucia.es\/ceipntrasradefatima\/files\/2022\/06\/20220602_113842-1536x864.jpg 1536w, https:\/\/blogsaverroes.juntadeandalucia.es\/ceipntrasradefatima\/files\/2022\/06\/20220602_113842-2048x1152.jpg 2048w\" sizes=\"(max-width: 300px) 100vw, 300px\" \/><\/a><a href=\"https:\/\/blogsaverroes.juntadeandalucia.es\/ceipntrasradefatima\/files\/2022\/06\/20220602_115256-scaled.jpg\"><img loading=\"lazy\" decoding=\"async\" class=\"alignnone size-medium wp-image-4372\" src=\"https:\/\/blogsaverroes.juntadeandalucia.es\/ceipntrasradefatima\/files\/2022\/06\/20220602_115256-300x169.jpg\" alt=\"\" width=\"300\" height=\"169\" srcset=\"https:\/\/blogsaverroes.juntadeandalucia.es\/ceipntrasradefatima\/files\/2022\/06\/20220602_115256-300x169.jpg 300w, https:\/\/blogsaverroes.juntadeandalucia.es\/ceipntrasradefatima\/files\/2022\/06\/20220602_115256-1024x576.jpg 1024w, https:\/\/blogsaverroes.juntadeandalucia.es\/ceipntrasradefatima\/files\/2022\/06\/20220602_115256-768x432.jpg 768w, https:\/\/blogsaverroes.juntadeandalucia.es\/ceipntrasradefatima\/files\/2022\/06\/20220602_115256-1536x864.jpg 1536w, https:\/\/blogsaverroes.juntadeandalucia.es\/ceipntrasradefatima\/files\/2022\/06\/20220602_115256-2048x1152.jpg 2048w\" sizes=\"(max-width: 300px) 100vw, 300px\" \/><\/a><a href=\"https:\/\/blogsaverroes.juntadeandalucia.es\/ceipntrasradefatima\/files\/2022\/06\/20220602_115409-scaled.jpg\"><img loading=\"lazy\" decoding=\"async\" class=\"alignnone size-medium wp-image-4371\" src=\"https:\/\/blogsaverroes.juntadeandalucia.es\/ceipntrasradefatima\/files\/2022\/06\/20220602_115409-300x169.jpg\" alt=\"\" width=\"300\" height=\"169\" srcset=\"https:\/\/blogsaverroes.juntadeandalucia.es\/ceipntrasradefatima\/files\/2022\/06\/20220602_115409-300x169.jpg 300w, https:\/\/blogsaverroes.juntadeandalucia.es\/ceipntrasradefatima\/files\/2022\/06\/20220602_115409-1024x576.jpg 1024w, https:\/\/blogsaverroes.juntadeandalucia.es\/ceipntrasradefatima\/files\/2022\/06\/20220602_115409-768x432.jpg 768w, https:\/\/blogsaverroes.juntadeandalucia.es\/ceipntrasradefatima\/files\/2022\/06\/20220602_115409-1536x864.jpg 1536w, https:\/\/blogsaverroes.juntadeandalucia.es\/ceipntrasradefatima\/files\/2022\/06\/20220602_115409-2048x1152.jpg 2048w\" sizes=\"(max-width: 300px) 100vw, 300px\" \/><img loading=\"lazy\" decoding=\"async\" class=\"alignnone size-medium wp-image-4374\" src=\"https:\/\/blogsaverroes.juntadeandalucia.es\/ceipntrasradefatima\/files\/2022\/06\/20220602_123817-300x169.jpg\" alt=\"\" width=\"300\" height=\"169\" srcset=\"https:\/\/blogsaverroes.juntadeandalucia.es\/ceipntrasradefatima\/files\/2022\/06\/20220602_123817-300x169.jpg 300w, https:\/\/blogsaverroes.juntadeandalucia.es\/ceipntrasradefatima\/files\/2022\/06\/20220602_123817-1024x576.jpg 1024w, https:\/\/blogsaverroes.juntadeandalucia.es\/ceipntrasradefatima\/files\/2022\/06\/20220602_123817-768x432.jpg 768w, https:\/\/blogsaverroes.juntadeandalucia.es\/ceipntrasradefatima\/files\/2022\/06\/20220602_123817-1536x864.jpg 1536w, https:\/\/blogsaverroes.juntadeandalucia.es\/ceipntrasradefatima\/files\/2022\/06\/20220602_123817-2048x1152.jpg 2048w\" sizes=\"(max-width: 300px) 100vw, 300px\" \/><\/a><\/p>\n<p>&nbsp;<\/p><\/blockquote>\n<p>&nbsp;<\/p>\n<!--themify_builder_content-->\n<div id=\"themify_builder_content-4363\" data-postid=\"4363\" class=\"themify_builder_content themify_builder_content-4363 themify_builder tf_clear\">\n    <\/div>\n<!--\/themify_builder_content-->\n","protected":false},"excerpt":{"rendered":"<p>Desde el Programa de Innovaci\u00f3n Educativa desarrollada en nuestro centro, H\u00e1bitos de Vida Saludable, en la modalidad Creciendo en Salud, hemos querido dar la posibilidad a nuestro alumnado de adquirir conocimientos pr\u00e1cticos para la vida diaria. As\u00ed pues, en colaboraci\u00f3n con el Equipo de Promoci\u00f3n de la Salud de Ntra. Sra. de F\u00e1tima y gracias [&hellip;]<\/p>\n","protected":false},"author":14826,"featured_media":4382,"comment_status":"closed","ping_status":"open","sticky":false,"template":"","format":"standard","meta":{"ngg_post_thumbnail":0,"footnotes":""},"categories":[5991,25496],"tags":[],"aioseo_notices":[],"_links":{"self":[{"href":"https:\/\/blogsaverroes.juntadeandalucia.es\/ceipntrasradefatima\/wp-json\/wp\/v2\/posts\/4363"}],"collection":[{"href":"https:\/\/blogsaverroes.juntadeandalucia.es\/ceipntrasradefatima\/wp-json\/wp\/v2\/posts"}],"about":[{"href":"https:\/\/blogsaverroes.juntadeandalucia.es\/ceipntrasradefatima\/wp-json\/wp\/v2\/types\/post"}],"author":[{"embeddable":true,"href":"https:\/\/blogsaverroes.juntadeandalucia.es\/ceipntrasradefatima\/wp-json\/wp\/v2\/users\/14826"}],"replies":[{"embeddable":true,"href":"https:\/\/blogsaverroes.juntadeandalucia.es\/ceipntrasradefatima\/wp-json\/wp\/v2\/comments?post=4363"}],"version-history":[{"count":8,"href":"https:\/\/blogsaverroes.juntadeandalucia.es\/ceipntrasradefatima\/wp-json\/wp\/v2\/posts\/4363\/revisions"}],"predecessor-version":[{"id":4380,"href":"https:\/\/blogsaverroes.juntadeandalucia.es\/ceipntrasradefatima\/wp-json\/wp\/v2\/posts\/4363\/revisions\/4380"}],"wp:featuredmedia":[{"embeddable":true,"href":"https:\/\/blogsaverroes.juntadeandalucia.es\/ceipntrasradefatima\/wp-json\/wp\/v2\/media\/4382"}],"wp:attachment":[{"href":"https:\/\/blogsaverroes.juntadeandalucia.es\/ceipntrasradefatima\/wp-json\/wp\/v2\/media?parent=4363"}],"wp:term":[{"taxonomy":"category","embeddable":true,"href":"https:\/\/blogsaverroes.juntadeandalucia.es\/ceipntrasradefatima\/wp-json\/wp\/v2\/categories?post=4363"},{"taxonomy":"post_tag","embeddable":true,"href":"https:\/\/blogsaverroes.juntadeandalucia.es\/ceipntrasradefatima\/wp-json\/wp\/v2\/tags?post=4363"}],"curies":[{"name":"wp","href":"https:\/\/api.w.org\/{rel}","templated":true}]}}