{"id":4440,"date":"2022-09-02T21:03:25","date_gmt":"2022-09-02T21:03:25","guid":{"rendered":"http:\/\/blogsaverroes.juntadeandalucia.es\/ceipntrasradefatima\/?p=4440"},"modified":"2022-09-03T10:36:06","modified_gmt":"2022-09-03T10:36:06","slug":"4440","status":"publish","type":"post","link":"https:\/\/blogsaverroes.juntadeandalucia.es\/ceipntrasradefatima\/2022\/09\/02\/4440\/","title":{"rendered":"Bienvenidos al curso 2022\/2023"},"content":{"rendered":"<p><img loading=\"lazy\" decoding=\"async\" class=\" wp-image-4007 alignleft\" src=\"https:\/\/blogsaverroes.juntadeandalucia.es\/ceipntrasradefatima\/files\/2021\/09\/Sello3.png\" alt=\"\" width=\"126\" height=\"115\" srcset=\"https:\/\/blogsaverroes.juntadeandalucia.es\/ceipntrasradefatima\/files\/2021\/09\/Sello3.png 719w, https:\/\/blogsaverroes.juntadeandalucia.es\/ceipntrasradefatima\/files\/2021\/09\/Sello3-300x275.png 300w\" sizes=\"(max-width: 126px) 100vw, 126px\" \/>Estimada comunidad educativa del CEIP NTRA. SRA. DE F\u00c1TIMA.<\/p>\n<p>Nos alegra saludar y darles una afectuosa bienvenida al nuevo curso escolar 2022\/2023.<\/p>\n<p>Con gran alegr\u00eda estamos iniciando un nuevo a\u00f1o acad\u00e9mico, en un contexto mejor que el de a\u00f1os anteriores, donde el protocolo y las restricciones del COVID han pasado a ser recomendaciones y una \u00abnormalidad\u00bb llega a nuestros centro no sin aprender sobre lo vivido y aplicar lo bueno de ello. Parece que se nos presenta un curso de muchas esperanzas y alegr\u00edas que nos brinda el poder volver a reencontrarnos de forma presencial y disfrutar todos del maravilloso proceso de ense\u00f1anza-aprendizaje<\/p>\n<p>Este nuevo curso escolar vuelve a ser especial pero esta vez por la alegr\u00eda de dejar atr\u00e1s a\u00f1os muy duros y poder tener mayores y mejores posibilidades para trabajar y poder dar lo mejor de nosotros mismos. Ya nuestros alumnos y alumnas nos ense\u00f1aron que todo es posible y que ellos pueden lograr lo que se propongan. Si lo consiguieron con aquella circunstancia, ahora pueden ser imparables. El Equipo Directivo y el Claustro de maestros y maestras estamos trabajando para que la vuelta al cole sea lo mejor posible.<\/p>\n<p>Se avecinan cambios de varios tipos: de normativa, de director, estructurales&#8230; pero siempre buscando la idoneidad.<\/p>\n<p>Familias y escuelas remamos en una misma direcci\u00f3n y con un mismo objetivo, que es, ni m\u00e1s ni menos, que la mejor educaci\u00f3n para nuestros\/as hijos\/as.<\/p>\n<p>Por \u00faltimo, aprovechamos para desear a toda la comunidad educativa que tengamos un buen inicio de curso y que estos meses que nos esperan lo pasemos con ilusi\u00f3n, ganas y con los menores incidentes posibles.<\/p>\n<p style=\"text-align: left\">Les saluda atentamente:<\/p>\n<p style=\"text-align: left\">La Direcci\u00f3n del centro.<\/p>\n<p style=\"text-align: right\">&nbsp;<\/p>\n<!--themify_builder_content-->\n<div id=\"themify_builder_content-4440\" data-postid=\"4440\" class=\"themify_builder_content themify_builder_content-4440 themify_builder tf_clear\">\n    <\/div>\n<!--\/themify_builder_content-->\n","protected":false},"excerpt":{"rendered":"<p>Estimada comunidad educativa del CEIP NTRA. SRA. DE F\u00c1TIMA. Nos alegra saludar y darles una afectuosa bienvenida al nuevo curso escolar 2022\/2023. Con gran alegr\u00eda estamos iniciando un nuevo a\u00f1o acad\u00e9mico, en un contexto mejor que el de a\u00f1os anteriores, donde el protocolo y las restricciones del COVID han pasado a ser recomendaciones y una [&hellip;]<\/p>\n","protected":false},"author":15531,"featured_media":4453,"comment_status":"closed","ping_status":"open","sticky":false,"template":"","format":"standard","meta":{"ngg_post_thumbnail":0,"footnotes":""},"categories":[11909],"tags":[],"aioseo_notices":[],"_links":{"self":[{"href":"https:\/\/blogsaverroes.juntadeandalucia.es\/ceipntrasradefatima\/wp-json\/wp\/v2\/posts\/4440"}],"collection":[{"href":"https:\/\/blogsaverroes.juntadeandalucia.es\/ceipntrasradefatima\/wp-json\/wp\/v2\/posts"}],"about":[{"href":"https:\/\/blogsaverroes.juntadeandalucia.es\/ceipntrasradefatima\/wp-json\/wp\/v2\/types\/post"}],"author":[{"embeddable":true,"href":"https:\/\/blogsaverroes.juntadeandalucia.es\/ceipntrasradefatima\/wp-json\/wp\/v2\/users\/15531"}],"replies":[{"embeddable":true,"href":"https:\/\/blogsaverroes.juntadeandalucia.es\/ceipntrasradefatima\/wp-json\/wp\/v2\/comments?post=4440"}],"version-history":[{"count":9,"href":"https:\/\/blogsaverroes.juntadeandalucia.es\/ceipntrasradefatima\/wp-json\/wp\/v2\/posts\/4440\/revisions"}],"predecessor-version":[{"id":4455,"href":"https:\/\/blogsaverroes.juntadeandalucia.es\/ceipntrasradefatima\/wp-json\/wp\/v2\/posts\/4440\/revisions\/4455"}],"wp:featuredmedia":[{"embeddable":true,"href":"https:\/\/blogsaverroes.juntadeandalucia.es\/ceipntrasradefatima\/wp-json\/wp\/v2\/media\/4453"}],"wp:attachment":[{"href":"https:\/\/blogsaverroes.juntadeandalucia.es\/ceipntrasradefatima\/wp-json\/wp\/v2\/media?parent=4440"}],"wp:term":[{"taxonomy":"category","embeddable":true,"href":"https:\/\/blogsaverroes.juntadeandalucia.es\/ceipntrasradefatima\/wp-json\/wp\/v2\/categories?post=4440"},{"taxonomy":"post_tag","embeddable":true,"href":"https:\/\/blogsaverroes.juntadeandalucia.es\/ceipntrasradefatima\/wp-json\/wp\/v2\/tags?post=4440"}],"curies":[{"name":"wp","href":"https:\/\/api.w.org\/{rel}","templated":true}]}}