{"id":5268,"date":"2025-02-25T22:39:52","date_gmt":"2025-02-25T22:39:52","guid":{"rendered":"https:\/\/blogsaverroes.juntadeandalucia.es\/ceipntrasradefatima\/?p=5268"},"modified":"2025-03-04T22:44:59","modified_gmt":"2025-03-04T22:44:59","slug":"visita-al-parque-de-las-ciencias-de-granada","status":"publish","type":"post","link":"https:\/\/blogsaverroes.juntadeandalucia.es\/ceipntrasradefatima\/2025\/02\/25\/visita-al-parque-de-las-ciencias-de-granada\/","title":{"rendered":"Visita al Parque de las Ciencias de Granada"},"content":{"rendered":"<p data-start=\"155\" data-end=\"431\">El alumnado de 5\u00ba y 6\u00ba del CEIP Nuestra Se\u00f1ora de F\u00e1tima ha vivido una jornada educativa inolvidable en el Parque de las Ciencias de Granada. Durante la visita, se adentraron de forma interactiva en el fascinante mundo de la astronom\u00eda, la biolog\u00eda, la f\u00edsica y la tecnolog\u00eda.<\/p>\n<p data-start=\"433\" data-end=\"839\">Entre las actividades m\u00e1s destacadas, los estudiantes disfrutaron de un v\u00eddeo sobre constelaciones en el planetario \ud83c\udf0c, participaron en un taller de qu\u00edmica del calor \ud83e\uddea\ud83d\udd25 y se maravillaron con una demostraci\u00f3n de vuelo de aves rapaces \ud83e\udd85. Adem\u00e1s, exploraron una exposici\u00f3n sobre el Titanic \ud83d\udea2\u2744\ufe0f, aprendiendo sobre su historia y los avances en seguridad mar\u00edtima que surgieron tras este emblem\u00e1tico suceso.<\/p>\nngg_shortcode_0_placeholder\n<p data-start=\"841\" data-end=\"1200\" data-is-last-node=\"\" data-is-only-node=\"\">Esta experiencia no solo ha reforzado conocimientos fundamentales del curr\u00edculo escolar, sino que tambi\u00e9n ha despertado la curiosidad, promovido el trabajo en equipo y resaltado el respeto por la ciencia y la naturaleza. \u00a1Un d\u00eda lleno de aprendizaje, descubrimientos y diversi\u00f3n que seguro quedar\u00e1 grabado en la memoria de nuestros peque\u00f1os exploradores! \ud83d\ude03\ud83d\udcf8<\/p>\n<!--themify_builder_content-->\n<div id=\"themify_builder_content-5268\" data-postid=\"5268\" class=\"themify_builder_content themify_builder_content-5268 themify_builder tf_clear\">\n    <\/div>\n<!--\/themify_builder_content-->\n","protected":false},"excerpt":{"rendered":"<p>El alumnado de 5\u00ba y 6\u00ba del CEIP Nuestra Se\u00f1ora de F\u00e1tima ha vivido una jornada educativa inolvidable en el Parque de las Ciencias de Granada. Durante la visita, se adentraron de forma interactiva en el fascinante mundo de la astronom\u00eda, la biolog\u00eda, la f\u00edsica y la tecnolog\u00eda. Entre las actividades m\u00e1s destacadas, los estudiantes [&hellip;]<\/p>\n","protected":false},"author":8231,"featured_media":5281,"comment_status":"closed","ping_status":"open","sticky":false,"template":"","format":"standard","meta":{"ngg_post_thumbnail":0,"footnotes":""},"categories":[307452],"tags":[],"aioseo_notices":[],"_links":{"self":[{"href":"https:\/\/blogsaverroes.juntadeandalucia.es\/ceipntrasradefatima\/wp-json\/wp\/v2\/posts\/5268"}],"collection":[{"href":"https:\/\/blogsaverroes.juntadeandalucia.es\/ceipntrasradefatima\/wp-json\/wp\/v2\/posts"}],"about":[{"href":"https:\/\/blogsaverroes.juntadeandalucia.es\/ceipntrasradefatima\/wp-json\/wp\/v2\/types\/post"}],"author":[{"embeddable":true,"href":"https:\/\/blogsaverroes.juntadeandalucia.es\/ceipntrasradefatima\/wp-json\/wp\/v2\/users\/8231"}],"replies":[{"embeddable":true,"href":"https:\/\/blogsaverroes.juntadeandalucia.es\/ceipntrasradefatima\/wp-json\/wp\/v2\/comments?post=5268"}],"version-history":[{"count":2,"href":"https:\/\/blogsaverroes.juntadeandalucia.es\/ceipntrasradefatima\/wp-json\/wp\/v2\/posts\/5268\/revisions"}],"predecessor-version":[{"id":5282,"href":"https:\/\/blogsaverroes.juntadeandalucia.es\/ceipntrasradefatima\/wp-json\/wp\/v2\/posts\/5268\/revisions\/5282"}],"wp:featuredmedia":[{"embeddable":true,"href":"https:\/\/blogsaverroes.juntadeandalucia.es\/ceipntrasradefatima\/wp-json\/wp\/v2\/media\/5281"}],"wp:attachment":[{"href":"https:\/\/blogsaverroes.juntadeandalucia.es\/ceipntrasradefatima\/wp-json\/wp\/v2\/media?parent=5268"}],"wp:term":[{"taxonomy":"category","embeddable":true,"href":"https:\/\/blogsaverroes.juntadeandalucia.es\/ceipntrasradefatima\/wp-json\/wp\/v2\/categories?post=5268"},{"taxonomy":"post_tag","embeddable":true,"href":"https:\/\/blogsaverroes.juntadeandalucia.es\/ceipntrasradefatima\/wp-json\/wp\/v2\/tags?post=5268"}],"curies":[{"name":"wp","href":"https:\/\/api.w.org\/{rel}","templated":true}]}}