{"id":1677,"date":"2025-05-29T16:02:22","date_gmt":"2025-05-29T15:02:22","guid":{"rendered":"https:\/\/blogsaverroes.juntadeandalucia.es\/ceipntrasradegraciabenameji\/?p=1677"},"modified":"2025-05-29T16:02:22","modified_gmt":"2025-05-29T15:02:22","slug":"programa-salud-bucodental","status":"publish","type":"post","link":"https:\/\/blogsaverroes.juntadeandalucia.es\/ceipntrasradegraciabenameji\/programa-salud-bucodental\/","title":{"rendered":"PROGRAMA SALUD BUCODENTAL"},"content":{"rendered":"<p>El equipo de Salud Bucodental del Centro de Salud de Puente Genil, ha llevado en nuestro Centro, con los alumnos de Primero de Primaria, actividades de Promoci\u00f3n y Prevenci\u00f3n de la Salud Bucodental en la Escuela. Dichas actividades han estado centradas fundamentalmente en el fomento de h\u00e1bitos saludables en Salud Bucodental, detecci\u00f3n precoz de Caries y otras anomal\u00edas, mediante la exploraci\u00f3n sistem\u00e1tica del alumnado los cuales sus familias dieron el consentimiento.<\/p>\n<p>&nbsp;<\/p>\n<p><img loading=\"lazy\" decoding=\"async\" class=\"alignnone size-full wp-image-1681\" src=\"https:\/\/blogsaverroes.juntadeandalucia.es\/ceipntrasradegraciabenameji\/files\/2025\/05\/WhatsApp-Image-2025-05-28-at-12.53.09.jpeg\" alt=\"\" width=\"1600\" height=\"1200\" srcset=\"https:\/\/blogsaverroes.juntadeandalucia.es\/ceipntrasradegraciabenameji\/files\/2025\/05\/WhatsApp-Image-2025-05-28-at-12.53.09.jpeg 1600w, https:\/\/blogsaverroes.juntadeandalucia.es\/ceipntrasradegraciabenameji\/files\/2025\/05\/WhatsApp-Image-2025-05-28-at-12.53.09-1280x960.jpeg 1280w, https:\/\/blogsaverroes.juntadeandalucia.es\/ceipntrasradegraciabenameji\/files\/2025\/05\/WhatsApp-Image-2025-05-28-at-12.53.09-980x735.jpeg 980w, https:\/\/blogsaverroes.juntadeandalucia.es\/ceipntrasradegraciabenameji\/files\/2025\/05\/WhatsApp-Image-2025-05-28-at-12.53.09-480x360.jpeg 480w\" sizes=\"(min-width: 0px) and (max-width: 480px) 480px, (min-width: 481px) and (max-width: 980px) 980px, (min-width: 981px) and (max-width: 1280px) 1280px, (min-width: 1281px) 1600px, 100vw\" \/> <img loading=\"lazy\" decoding=\"async\" class=\"alignnone size-full wp-image-1680\" src=\"https:\/\/blogsaverroes.juntadeandalucia.es\/ceipntrasradegraciabenameji\/files\/2025\/05\/WhatsApp-Image-2025-05-28-at-12.53.09-1.jpeg\" alt=\"\" width=\"1600\" height=\"1200\" srcset=\"https:\/\/blogsaverroes.juntadeandalucia.es\/ceipntrasradegraciabenameji\/files\/2025\/05\/WhatsApp-Image-2025-05-28-at-12.53.09-1.jpeg 1600w, https:\/\/blogsaverroes.juntadeandalucia.es\/ceipntrasradegraciabenameji\/files\/2025\/05\/WhatsApp-Image-2025-05-28-at-12.53.09-1-1280x960.jpeg 1280w, https:\/\/blogsaverroes.juntadeandalucia.es\/ceipntrasradegraciabenameji\/files\/2025\/05\/WhatsApp-Image-2025-05-28-at-12.53.09-1-980x735.jpeg 980w, https:\/\/blogsaverroes.juntadeandalucia.es\/ceipntrasradegraciabenameji\/files\/2025\/05\/WhatsApp-Image-2025-05-28-at-12.53.09-1-480x360.jpeg 480w\" sizes=\"(min-width: 0px) and (max-width: 480px) 480px, (min-width: 481px) and (max-width: 980px) 980px, (min-width: 981px) and (max-width: 1280px) 1280px, (min-width: 1281px) 1600px, 100vw\" \/> <img loading=\"lazy\" decoding=\"async\" class=\"alignnone size-full wp-image-1679\" src=\"https:\/\/blogsaverroes.juntadeandalucia.es\/ceipntrasradegraciabenameji\/files\/2025\/05\/WhatsApp-Image-2025-05-28-at-12.53.08.jpeg\" alt=\"\" width=\"1600\" height=\"1200\" srcset=\"https:\/\/blogsaverroes.juntadeandalucia.es\/ceipntrasradegraciabenameji\/files\/2025\/05\/WhatsApp-Image-2025-05-28-at-12.53.08.jpeg 1600w, https:\/\/blogsaverroes.juntadeandalucia.es\/ceipntrasradegraciabenameji\/files\/2025\/05\/WhatsApp-Image-2025-05-28-at-12.53.08-1280x960.jpeg 1280w, https:\/\/blogsaverroes.juntadeandalucia.es\/ceipntrasradegraciabenameji\/files\/2025\/05\/WhatsApp-Image-2025-05-28-at-12.53.08-980x735.jpeg 980w, https:\/\/blogsaverroes.juntadeandalucia.es\/ceipntrasradegraciabenameji\/files\/2025\/05\/WhatsApp-Image-2025-05-28-at-12.53.08-480x360.jpeg 480w\" sizes=\"(min-width: 0px) and (max-width: 480px) 480px, (min-width: 481px) and (max-width: 980px) 980px, (min-width: 981px) and (max-width: 1280px) 1280px, (min-width: 1281px) 1600px, 100vw\" \/><\/p>\n<p>&nbsp;<\/p>\n","protected":false},"excerpt":{"rendered":"<p>El equipo de Salud Bucodental del Centro de Salud de Puente Genil, ha llevado en nuestro Centro, con los alumnos de Primero de Primaria, actividades de Promoci\u00f3n y Prevenci\u00f3n de la Salud Bucodental en la Escuela. Dichas actividades han estado centradas fundamentalmente en el fomento de h\u00e1bitos saludables en Salud Bucodental, detecci\u00f3n precoz de Caries [&hellip;]<\/p>\n","protected":false},"author":20234,"featured_media":0,"comment_status":"closed","ping_status":"open","sticky":false,"template":"","format":"gallery","meta":{"_et_pb_use_builder":"","_et_pb_old_content":"","_et_gb_content_width":"","ngg_post_thumbnail":0,"footnotes":""},"categories":[3,1],"tags":[],"aioseo_notices":[],"_links":{"self":[{"href":"https:\/\/blogsaverroes.juntadeandalucia.es\/ceipntrasradegraciabenameji\/wp-json\/wp\/v2\/posts\/1677"}],"collection":[{"href":"https:\/\/blogsaverroes.juntadeandalucia.es\/ceipntrasradegraciabenameji\/wp-json\/wp\/v2\/posts"}],"about":[{"href":"https:\/\/blogsaverroes.juntadeandalucia.es\/ceipntrasradegraciabenameji\/wp-json\/wp\/v2\/types\/post"}],"author":[{"embeddable":true,"href":"https:\/\/blogsaverroes.juntadeandalucia.es\/ceipntrasradegraciabenameji\/wp-json\/wp\/v2\/users\/20234"}],"replies":[{"embeddable":true,"href":"https:\/\/blogsaverroes.juntadeandalucia.es\/ceipntrasradegraciabenameji\/wp-json\/wp\/v2\/comments?post=1677"}],"version-history":[{"count":4,"href":"https:\/\/blogsaverroes.juntadeandalucia.es\/ceipntrasradegraciabenameji\/wp-json\/wp\/v2\/posts\/1677\/revisions"}],"predecessor-version":[{"id":1691,"href":"https:\/\/blogsaverroes.juntadeandalucia.es\/ceipntrasradegraciabenameji\/wp-json\/wp\/v2\/posts\/1677\/revisions\/1691"}],"wp:attachment":[{"href":"https:\/\/blogsaverroes.juntadeandalucia.es\/ceipntrasradegraciabenameji\/wp-json\/wp\/v2\/media?parent=1677"}],"wp:term":[{"taxonomy":"category","embeddable":true,"href":"https:\/\/blogsaverroes.juntadeandalucia.es\/ceipntrasradegraciabenameji\/wp-json\/wp\/v2\/categories?post=1677"},{"taxonomy":"post_tag","embeddable":true,"href":"https:\/\/blogsaverroes.juntadeandalucia.es\/ceipntrasradegraciabenameji\/wp-json\/wp\/v2\/tags?post=1677"}],"curies":[{"name":"wp","href":"https:\/\/api.w.org\/{rel}","templated":true}]}}