{"id":1227,"date":"2021-10-06T20:49:06","date_gmt":"2021-10-06T20:49:06","guid":{"rendered":"https:\/\/blogsaverroes.juntadeandalucia.es\/ceipnuestrasenoradebelen\/?p=1227"},"modified":"2021-10-16T06:41:25","modified_gmt":"2021-10-16T06:41:25","slug":"1227","status":"publish","type":"post","link":"https:\/\/blogsaverroes.juntadeandalucia.es\/ceipnuestrasenoradebelen\/2021\/10\/06\/1227\/","title":{"rendered":"V\u00cdDEO-PRESENTACI\u00d3N A LA VII EDICI\u00d3N RETOTECH FUNDACI\u00d3N ENDESA"},"content":{"rendered":"<div class=\"kvgmc6g5 cxmmr5t8 oygrvhab hcukyx3x c1et5uql ii04i59q\">\n<div dir=\"auto\"><span style=\"font-size: 14pt\"><strong>VII Edici\u00f3n<\/strong><\/span><\/div>\n<div dir=\"auto\"><span style=\"font-size: 14pt\"><strong>RetoTech_Fundaci\u00f3n_Endesa<\/strong><\/span><\/div>\n<div dir=\"auto\">&nbsp;<\/div>\n<\/div>\n<div class=\"o9v6fnle cxmmr5t8 oygrvhab hcukyx3x c1et5uql ii04i59q\">\n<div dir=\"auto\">\u00a1El futuro tecnol\u00f3gico ya est\u00e1 aqu\u00ed!<\/div>\n<div dir=\"auto\">&nbsp;<\/div>\n<\/div>\n<div class=\"o9v6fnle cxmmr5t8 oygrvhab hcukyx3x c1et5uql ii04i59q\">\n<div dir=\"auto\">Nuestro centro educativo ha elaborado un v\u00eddeo-presentaci\u00f3n para inscribirnos en el proyecto de innovaci\u00f3n educativa basado en el desarrollo de proyectos tecnol\u00f3gicos a trav\u00e9s de distintas t\u00e9cnicas de rob\u00f3tica, programaci\u00f3n y creaci\u00f3n de apps de la Fundaci\u00f3n Endesa.<\/div>\n<\/div>\n<div class=\"o9v6fnle cxmmr5t8 oygrvhab hcukyx3x c1et5uql ii04i59q\">\n<div dir=\"auto\">Nuestros alumnos\/as ya han aceptado el reto&#8230; \u00bfy vosotros\/as?<\/div>\n<div dir=\"auto\">&nbsp;<\/div>\n<\/div>\n<div class=\"o9v6fnle cxmmr5t8 oygrvhab hcukyx3x c1et5uql ii04i59q\">\n<div dir=\"auto\">Os proporcionamos el enlace a nuestro canal de YouTube para su visionado y apoyo.<\/div>\n<div dir=\"auto\">&nbsp;<\/div>\n<\/div>\n<div class=\"o9v6fnle cxmmr5t8 oygrvhab hcukyx3x c1et5uql ii04i59q\">\n<div dir=\"auto\"><a class=\"oajrlxb2 g5ia77u1 qu0x051f esr5mh6w e9989ue4 r7d6kgcz rq0escxv nhd2j8a9 nc684nl6 p7hjln8o kvgmc6g5 cxmmr5t8 oygrvhab hcukyx3x jb3vyjys rz4wbd8a qt6c0cv9 a8nywdso i1ao9s8h esuyzwwr f1sip0of lzcic4wl py34i1dx gpro0wi8\" role=\"link\" href=\"https:\/\/www.youtube.com\/watch?v=uZ0X70pZs9w&amp;fbclid=IwAR33zSd2WtEEAMPtP4mSNqNAzaOf3bNekqBVVHhcOgUa1qYhXGE-3vnjUrw\" target=\"_blank\" rel=\"nofollow noopener noreferrer\">https:\/\/www.youtube.com\/watch?v=uZ0X70pZs9w<\/a><\/div>\n<div dir=\"auto\">&nbsp;<\/div>\n<\/div>\n<div class=\"o9v6fnle cxmmr5t8 oygrvhab hcukyx3x c1et5uql ii04i59q\">\n<div dir=\"auto\"><a class=\"oajrlxb2 g5ia77u1 qu0x051f esr5mh6w e9989ue4 r7d6kgcz rq0escxv nhd2j8a9 nc684nl6 p7hjln8o kvgmc6g5 cxmmr5t8 oygrvhab hcukyx3x jb3vyjys rz4wbd8a qt6c0cv9 a8nywdso i1ao9s8h esuyzwwr f1sip0of lzcic4wl q66pz984 gpro0wi8 b1v8xokw\" role=\"link\" href=\"https:\/\/www.facebook.com\/hashtag\/esp%C3%ADrituretotech?__eep__=6&amp;__cft__[0]=AZUWIil6o7S86hg8mxImN0BcYtGSOQWgXwqut7VsH_TOw-UCc3r_s9yGcWi73kYDMFZ2dKsJIHvX9Z0hNldHeSztNLj-E-f3zak9QFdCu8G4HJWKONb2o_j_6ASVU6rNIV1L80BA-5UlgX40DG7XHTO2SbzY7I-9JOwF5-5TH56BaPL9jZl16mqQlqghmw9_67o&amp;__tn__=*NK-R\">#Esp\u00edrituRetotech<\/a><\/div>\n<\/div>\n","protected":false},"excerpt":{"rendered":"<p>VII Edici\u00f3n RetoTech_Fundaci\u00f3n_Endesa &nbsp; \u00a1El futuro tecnol\u00f3gico ya est\u00e1 aqu\u00ed! &nbsp; Nuestro centro educativo ha elaborado un v\u00eddeo-presentaci\u00f3n para inscribirnos en el proyecto de innovaci\u00f3n educativa basado en el desarrollo de proyectos tecnol\u00f3gicos a&#46;&#46;&#46;<\/p>\n","protected":false},"author":5528,"featured_media":1228,"comment_status":"open","ping_status":"open","sticky":false,"template":"","format":"standard","meta":{"ngg_post_thumbnail":0,"footnotes":""},"categories":[11909],"tags":[],"aioseo_notices":[],"_links":{"self":[{"href":"https:\/\/blogsaverroes.juntadeandalucia.es\/ceipnuestrasenoradebelen\/wp-json\/wp\/v2\/posts\/1227"}],"collection":[{"href":"https:\/\/blogsaverroes.juntadeandalucia.es\/ceipnuestrasenoradebelen\/wp-json\/wp\/v2\/posts"}],"about":[{"href":"https:\/\/blogsaverroes.juntadeandalucia.es\/ceipnuestrasenoradebelen\/wp-json\/wp\/v2\/types\/post"}],"author":[{"embeddable":true,"href":"https:\/\/blogsaverroes.juntadeandalucia.es\/ceipnuestrasenoradebelen\/wp-json\/wp\/v2\/users\/5528"}],"replies":[{"embeddable":true,"href":"https:\/\/blogsaverroes.juntadeandalucia.es\/ceipnuestrasenoradebelen\/wp-json\/wp\/v2\/comments?post=1227"}],"version-history":[{"count":3,"href":"https:\/\/blogsaverroes.juntadeandalucia.es\/ceipnuestrasenoradebelen\/wp-json\/wp\/v2\/posts\/1227\/revisions"}],"predecessor-version":[{"id":1251,"href":"https:\/\/blogsaverroes.juntadeandalucia.es\/ceipnuestrasenoradebelen\/wp-json\/wp\/v2\/posts\/1227\/revisions\/1251"}],"wp:featuredmedia":[{"embeddable":true,"href":"https:\/\/blogsaverroes.juntadeandalucia.es\/ceipnuestrasenoradebelen\/wp-json\/wp\/v2\/media\/1228"}],"wp:attachment":[{"href":"https:\/\/blogsaverroes.juntadeandalucia.es\/ceipnuestrasenoradebelen\/wp-json\/wp\/v2\/media?parent=1227"}],"wp:term":[{"taxonomy":"category","embeddable":true,"href":"https:\/\/blogsaverroes.juntadeandalucia.es\/ceipnuestrasenoradebelen\/wp-json\/wp\/v2\/categories?post=1227"},{"taxonomy":"post_tag","embeddable":true,"href":"https:\/\/blogsaverroes.juntadeandalucia.es\/ceipnuestrasenoradebelen\/wp-json\/wp\/v2\/tags?post=1227"}],"curies":[{"name":"wp","href":"https:\/\/api.w.org\/{rel}","templated":true}]}}