{"id":1462,"date":"2022-03-01T21:46:13","date_gmt":"2022-03-01T21:46:13","guid":{"rendered":"https:\/\/blogsaverroes.juntadeandalucia.es\/ceipnuestrasenoradebelen\/?p=1462"},"modified":"2022-03-01T21:51:34","modified_gmt":"2022-03-01T21:51:34","slug":"abierto-el-plazo-de-admision-y-escolarizacion-2022-23","status":"publish","type":"post","link":"https:\/\/blogsaverroes.juntadeandalucia.es\/ceipnuestrasenoradebelen\/2022\/03\/01\/abierto-el-plazo-de-admision-y-escolarizacion-2022-23\/","title":{"rendered":"ABIERTO EL PLAZO DE ADMISI\u00d3N Y ESCOLARIZACI\u00d3N 2022\/23"},"content":{"rendered":"<div class=\"kvgmc6g5 cxmmr5t8 oygrvhab hcukyx3x c1et5uql ii04i59q\">\n<div dir=\"auto\">Durante todo el mes de marzo estar\u00e1 abierto el plazo para presentar solicitudes de admisi\u00f3n para un puesto escolar en el CEIP Ntra. Sra. de Bel\u00e9n para las ense\u00f1anzas correspondientes al segundo ciclo de la educaci\u00f3n infantil, educaci\u00f3n primaria y 1\u00ba ciclo de educaci\u00f3n secundaria obligatoria, debiendo solicitar una plaza escolar aquellos que se encuentren en alguna de las siguientes situaciones:<\/div>\n<\/div>\n<div class=\"cxmmr5t8 oygrvhab hcukyx3x c1et5uql o9v6fnle ii04i59q\">\n<div dir=\"auto\">&nbsp;<\/div>\n<\/div>\n<div class=\"cxmmr5t8 oygrvhab hcukyx3x c1et5uql o9v6fnle ii04i59q\">\n<div dir=\"auto\">&#8211; Quien acceda por primera vez al segundo ciclo de educaci\u00f3n infantil (3, 4 \u00f3 5 a\u00f1os).<\/div>\n<div dir=\"auto\">&#8211; Quien acceda por primera vez a la educaci\u00f3n primaria sin haber cursado antes el segundo ciclo de educaci\u00f3n infantil.<\/div>\n<div dir=\"auto\">&#8211; Quien estando matriculado en el curso escolar actual en un centro docente p\u00fablico o privado concertado desee cambiar a este centro educativo.<\/div>\n<div dir=\"auto\">&nbsp;<\/div>\n<\/div>\n<div class=\"cxmmr5t8 oygrvhab hcukyx3x c1et5uql o9v6fnle ii04i59q\">\n<div dir=\"auto\">La solicitud de admisi\u00f3n deber\u00e1 presentarse en el centro docente o a trav\u00e9s de la Secretar\u00eda Virtual de los centros docentes, pinchando en el siguiente enlace: <a class=\"oajrlxb2 g5ia77u1 qu0x051f esr5mh6w e9989ue4 r7d6kgcz rq0escxv nhd2j8a9 nc684nl6 p7hjln8o kvgmc6g5 cxmmr5t8 oygrvhab hcukyx3x jb3vyjys rz4wbd8a qt6c0cv9 a8nywdso i1ao9s8h esuyzwwr f1sip0of lzcic4wl gpro0wi8 py34i1dx\" role=\"link\" href=\"https:\/\/www.juntadeandalucia.es\/educacion\/secretariavirtual\/solicitudes\/?fbclid=IwAR0Q9CrdjkKEH3AZrBMmo2VfQqTbxmT7X14GtLvz5UVDnmvvGU89kWo89Yc\" target=\"_blank\" rel=\"nofollow noopener noreferrer\">https:\/\/www.juntadeandalucia.es\/&#8230;\/secretar&#8230;\/solicitudes\/<\/a><\/div>\n<div dir=\"auto\">&nbsp;<\/div>\n<\/div>\n<div class=\"cxmmr5t8 oygrvhab hcukyx3x c1et5uql o9v6fnle ii04i59q\">\n<div dir=\"auto\"><strong>El alumnado que se halle matriculado en nuestro centro y desee continuar en el mismo, no deber\u00e1 presentar solicitud de admisi\u00f3n durante el mes de marzo.<\/strong><\/div>\n<div dir=\"auto\">&nbsp;<\/div>\n<\/div>\n<div class=\"cxmmr5t8 oygrvhab hcukyx3x c1et5uql o9v6fnle ii04i59q\">\n<div dir=\"auto\">La solicitud de los servicios complementarios (comedor escolar y\/o actividades extraescolares) se realizar\u00e1 durante el periodo de matriculaci\u00f3n del alumnado, comprendido del 1 al 10 de junio de 2022.<\/div>\n<div dir=\"auto\">&nbsp;<\/div>\n<\/div>\n<div class=\"cxmmr5t8 oygrvhab hcukyx3x c1et5uql o9v6fnle ii04i59q\">\n<div dir=\"auto\">Para m\u00e1s informaci\u00f3n, acudan al <a href=\"https:\/\/www.juntadeandalucia.es\/educacion\/portals\/web\/escolarizacion\/infantil-a-bachillerato\">Portal de Escolarizaci\u00f3n<\/a> de la Junta de Andaluc\u00eda.<\/div>\n<\/div>\n","protected":false},"excerpt":{"rendered":"<p>Durante todo el mes de marzo estar\u00e1 abierto el plazo para presentar solicitudes de admisi\u00f3n para un puesto escolar en el CEIP Ntra. Sra. de Bel\u00e9n para las ense\u00f1anzas correspondientes al segundo ciclo de&#46;&#46;&#46;<\/p>\n","protected":false},"author":5528,"featured_media":1463,"comment_status":"open","ping_status":"open","sticky":false,"template":"","format":"standard","meta":{"ngg_post_thumbnail":0,"footnotes":""},"categories":[11909],"tags":[],"aioseo_notices":[],"_links":{"self":[{"href":"https:\/\/blogsaverroes.juntadeandalucia.es\/ceipnuestrasenoradebelen\/wp-json\/wp\/v2\/posts\/1462"}],"collection":[{"href":"https:\/\/blogsaverroes.juntadeandalucia.es\/ceipnuestrasenoradebelen\/wp-json\/wp\/v2\/posts"}],"about":[{"href":"https:\/\/blogsaverroes.juntadeandalucia.es\/ceipnuestrasenoradebelen\/wp-json\/wp\/v2\/types\/post"}],"author":[{"embeddable":true,"href":"https:\/\/blogsaverroes.juntadeandalucia.es\/ceipnuestrasenoradebelen\/wp-json\/wp\/v2\/users\/5528"}],"replies":[{"embeddable":true,"href":"https:\/\/blogsaverroes.juntadeandalucia.es\/ceipnuestrasenoradebelen\/wp-json\/wp\/v2\/comments?post=1462"}],"version-history":[{"count":3,"href":"https:\/\/blogsaverroes.juntadeandalucia.es\/ceipnuestrasenoradebelen\/wp-json\/wp\/v2\/posts\/1462\/revisions"}],"predecessor-version":[{"id":1466,"href":"https:\/\/blogsaverroes.juntadeandalucia.es\/ceipnuestrasenoradebelen\/wp-json\/wp\/v2\/posts\/1462\/revisions\/1466"}],"wp:featuredmedia":[{"embeddable":true,"href":"https:\/\/blogsaverroes.juntadeandalucia.es\/ceipnuestrasenoradebelen\/wp-json\/wp\/v2\/media\/1463"}],"wp:attachment":[{"href":"https:\/\/blogsaverroes.juntadeandalucia.es\/ceipnuestrasenoradebelen\/wp-json\/wp\/v2\/media?parent=1462"}],"wp:term":[{"taxonomy":"category","embeddable":true,"href":"https:\/\/blogsaverroes.juntadeandalucia.es\/ceipnuestrasenoradebelen\/wp-json\/wp\/v2\/categories?post=1462"},{"taxonomy":"post_tag","embeddable":true,"href":"https:\/\/blogsaverroes.juntadeandalucia.es\/ceipnuestrasenoradebelen\/wp-json\/wp\/v2\/tags?post=1462"}],"curies":[{"name":"wp","href":"https:\/\/api.w.org\/{rel}","templated":true}]}}