{"id":1484,"date":"2022-03-15T09:27:49","date_gmt":"2022-03-15T09:27:49","guid":{"rendered":"https:\/\/blogsaverroes.juntadeandalucia.es\/ceipnuestrasenoradebelen\/?p=1484"},"modified":"2022-03-15T09:27:49","modified_gmt":"2022-03-15T09:27:49","slug":"comienzo-del-programa-andalucia-profundiza","status":"publish","type":"post","link":"https:\/\/blogsaverroes.juntadeandalucia.es\/ceipnuestrasenoradebelen\/2022\/03\/15\/comienzo-del-programa-andalucia-profundiza\/","title":{"rendered":"COMIENZO DEL PROGRAMA ANDALUC\u00cdA PROFUNDIZA"},"content":{"rendered":"<p>La semana pr\u00f3xima dar\u00e1 comienzo en nuestro centro educativo el Programa Andaluc\u00eda Profundiza. En esta edici\u00f3n, nuestro centro educativo participar\u00e1 con el proyecto denominado \u00abESCUELA DE MAKERS\u00bb, destinado a 12 alumnos y alumnas de 3\u00ba ciclo de Educaci\u00f3n Primaria para el tratamiento del pensamiento computacional, la rob\u00f3tica, la impresi\u00f3n 3D y el dise\u00f1o de videojuegos.<\/p>\n<p>Tendr\u00e1 lugar todos los jueves que se relacionan seguidamente, en el aula STEAM, ubicada en la 1\u00aa planta de nuestro centro educativo, siempre en horario de 16 a 19 horas:<\/p>\n<ul>\n<li>24 de marzo.<\/li>\n<li>31 de marzo.<\/li>\n<li>7 de abril.<\/li>\n<li>21 de abril.<\/li>\n<li>28 de abril.<\/li>\n<li>5 de mayo.<\/li>\n<li>12 de mayo.<\/li>\n<li>19 de mayo.<\/li>\n<\/ul>\n<p>\u00a1Siempre mirando hacia adelante!<\/p>\n<p>&nbsp;<\/p>\n","protected":false},"excerpt":{"rendered":"<p>La semana pr\u00f3xima dar\u00e1 comienzo en nuestro centro educativo el Programa Andaluc\u00eda Profundiza. En esta edici\u00f3n, nuestro centro educativo participar\u00e1 con el proyecto denominado \u00abESCUELA DE MAKERS\u00bb, destinado a 12 alumnos y alumnas de&#46;&#46;&#46;<\/p>\n","protected":false},"author":5528,"featured_media":1485,"comment_status":"open","ping_status":"open","sticky":false,"template":"","format":"standard","meta":{"ngg_post_thumbnail":0,"footnotes":""},"categories":[11909],"tags":[],"aioseo_notices":[],"_links":{"self":[{"href":"https:\/\/blogsaverroes.juntadeandalucia.es\/ceipnuestrasenoradebelen\/wp-json\/wp\/v2\/posts\/1484"}],"collection":[{"href":"https:\/\/blogsaverroes.juntadeandalucia.es\/ceipnuestrasenoradebelen\/wp-json\/wp\/v2\/posts"}],"about":[{"href":"https:\/\/blogsaverroes.juntadeandalucia.es\/ceipnuestrasenoradebelen\/wp-json\/wp\/v2\/types\/post"}],"author":[{"embeddable":true,"href":"https:\/\/blogsaverroes.juntadeandalucia.es\/ceipnuestrasenoradebelen\/wp-json\/wp\/v2\/users\/5528"}],"replies":[{"embeddable":true,"href":"https:\/\/blogsaverroes.juntadeandalucia.es\/ceipnuestrasenoradebelen\/wp-json\/wp\/v2\/comments?post=1484"}],"version-history":[{"count":1,"href":"https:\/\/blogsaverroes.juntadeandalucia.es\/ceipnuestrasenoradebelen\/wp-json\/wp\/v2\/posts\/1484\/revisions"}],"predecessor-version":[{"id":1486,"href":"https:\/\/blogsaverroes.juntadeandalucia.es\/ceipnuestrasenoradebelen\/wp-json\/wp\/v2\/posts\/1484\/revisions\/1486"}],"wp:featuredmedia":[{"embeddable":true,"href":"https:\/\/blogsaverroes.juntadeandalucia.es\/ceipnuestrasenoradebelen\/wp-json\/wp\/v2\/media\/1485"}],"wp:attachment":[{"href":"https:\/\/blogsaverroes.juntadeandalucia.es\/ceipnuestrasenoradebelen\/wp-json\/wp\/v2\/media?parent=1484"}],"wp:term":[{"taxonomy":"category","embeddable":true,"href":"https:\/\/blogsaverroes.juntadeandalucia.es\/ceipnuestrasenoradebelen\/wp-json\/wp\/v2\/categories?post=1484"},{"taxonomy":"post_tag","embeddable":true,"href":"https:\/\/blogsaverroes.juntadeandalucia.es\/ceipnuestrasenoradebelen\/wp-json\/wp\/v2\/tags?post=1484"}],"curies":[{"name":"wp","href":"https:\/\/api.w.org\/{rel}","templated":true}]}}