{"id":1590,"date":"2022-05-20T20:51:13","date_gmt":"2022-05-20T20:51:13","guid":{"rendered":"https:\/\/blogsaverroes.juntadeandalucia.es\/ceipnuestrasenoradebelen\/?p=1590"},"modified":"2022-05-20T20:51:14","modified_gmt":"2022-05-20T20:51:14","slug":"fantec-2022","status":"publish","type":"post","link":"https:\/\/blogsaverroes.juntadeandalucia.es\/ceipnuestrasenoradebelen\/2022\/05\/20\/fantec-2022\/","title":{"rendered":"FANTEC 2022"},"content":{"rendered":"<p>El CEIP Ntra. Sra. de Bel\u00e9n ha participado en la Feria Andaluza de la Tecnolog\u00eda como centro expositor con un stand en el que ha mostrado diferentes productos relacionados con la rob\u00f3tica, impresi\u00f3n 3D y programaci\u00f3n, participando alumnado desde 2\u00b0 de Educaci\u00f3n Primaria a 2\u00b0 de ESO.<\/p>\n<div class=\"cxmmr5t8 oygrvhab hcukyx3x c1et5uql o9v6fnle ii04i59q\">\n<div dir=\"auto\">Esta feria ha tenido como objetivo dar visibilidad al trabajo que se hace en las aulas y que el alumnado comparta vivencias entre iguales, trabajando y explorando en equipo.<\/div>\n<div dir=\"auto\">&nbsp;<\/div>\n<\/div>\n<div class=\"cxmmr5t8 oygrvhab hcukyx3x c1et5uql o9v6fnle ii04i59q\">\n<div dir=\"auto\">\u00a1Lo mejor del joven talento digital andaluz!<\/div>\n<\/div>\n<p><a href=\"https:\/\/blogsaverroes.juntadeandalucia.es\/ceipnuestrasenoradebelen\/2022\/05\/20\/fantec-2022\/whatsapp-image-2022-05-20-at-5-30-59-pm\/\" rel=\"attachment wp-att-1591\"><img loading=\"lazy\" decoding=\"async\" class=\"alignnone size-medium wp-image-1591\" src=\"https:\/\/blogsaverroes.juntadeandalucia.es\/ceipnuestrasenoradebelen\/files\/2022\/05\/WhatsApp-Image-2022-05-20-at-5.30.59-PM-300x225.jpeg\" alt=\"\" width=\"300\" height=\"225\" srcset=\"https:\/\/blogsaverroes.juntadeandalucia.es\/ceipnuestrasenoradebelen\/files\/2022\/05\/WhatsApp-Image-2022-05-20-at-5.30.59-PM-300x225.jpeg 300w, https:\/\/blogsaverroes.juntadeandalucia.es\/ceipnuestrasenoradebelen\/files\/2022\/05\/WhatsApp-Image-2022-05-20-at-5.30.59-PM-1024x768.jpeg 1024w, https:\/\/blogsaverroes.juntadeandalucia.es\/ceipnuestrasenoradebelen\/files\/2022\/05\/WhatsApp-Image-2022-05-20-at-5.30.59-PM-768x576.jpeg 768w, https:\/\/blogsaverroes.juntadeandalucia.es\/ceipnuestrasenoradebelen\/files\/2022\/05\/WhatsApp-Image-2022-05-20-at-5.30.59-PM-1536x1152.jpeg 1536w, https:\/\/blogsaverroes.juntadeandalucia.es\/ceipnuestrasenoradebelen\/files\/2022\/05\/WhatsApp-Image-2022-05-20-at-5.30.59-PM-700x525.jpeg 700w, https:\/\/blogsaverroes.juntadeandalucia.es\/ceipnuestrasenoradebelen\/files\/2022\/05\/WhatsApp-Image-2022-05-20-at-5.30.59-PM.jpeg 1600w\" sizes=\"(max-width: 300px) 100vw, 300px\" \/><\/a> <a href=\"https:\/\/blogsaverroes.juntadeandalucia.es\/ceipnuestrasenoradebelen\/2022\/05\/20\/fantec-2022\/whatsapp-image-2022-05-20-at-5-36-44-pm\/\" rel=\"attachment wp-att-1592\"><img loading=\"lazy\" decoding=\"async\" class=\"alignnone size-medium wp-image-1592\" src=\"https:\/\/blogsaverroes.juntadeandalucia.es\/ceipnuestrasenoradebelen\/files\/2022\/05\/WhatsApp-Image-2022-05-20-at-5.36.44-PM-300x225.jpeg\" alt=\"\" width=\"300\" height=\"225\" srcset=\"https:\/\/blogsaverroes.juntadeandalucia.es\/ceipnuestrasenoradebelen\/files\/2022\/05\/WhatsApp-Image-2022-05-20-at-5.36.44-PM-300x225.jpeg 300w, https:\/\/blogsaverroes.juntadeandalucia.es\/ceipnuestrasenoradebelen\/files\/2022\/05\/WhatsApp-Image-2022-05-20-at-5.36.44-PM-1024x768.jpeg 1024w, https:\/\/blogsaverroes.juntadeandalucia.es\/ceipnuestrasenoradebelen\/files\/2022\/05\/WhatsApp-Image-2022-05-20-at-5.36.44-PM-768x576.jpeg 768w, https:\/\/blogsaverroes.juntadeandalucia.es\/ceipnuestrasenoradebelen\/files\/2022\/05\/WhatsApp-Image-2022-05-20-at-5.36.44-PM-1536x1152.jpeg 1536w, https:\/\/blogsaverroes.juntadeandalucia.es\/ceipnuestrasenoradebelen\/files\/2022\/05\/WhatsApp-Image-2022-05-20-at-5.36.44-PM-700x525.jpeg 700w, https:\/\/blogsaverroes.juntadeandalucia.es\/ceipnuestrasenoradebelen\/files\/2022\/05\/WhatsApp-Image-2022-05-20-at-5.36.44-PM.jpeg 1600w\" sizes=\"(max-width: 300px) 100vw, 300px\" \/><\/a> <a href=\"https:\/\/blogsaverroes.juntadeandalucia.es\/ceipnuestrasenoradebelen\/2022\/05\/20\/fantec-2022\/whatsapp-image-2022-05-20-at-5-36-38-pm\/\" rel=\"attachment wp-att-1593\"><img loading=\"lazy\" decoding=\"async\" class=\"alignnone size-medium wp-image-1593\" src=\"https:\/\/blogsaverroes.juntadeandalucia.es\/ceipnuestrasenoradebelen\/files\/2022\/05\/WhatsApp-Image-2022-05-20-at-5.36.38-PM-300x225.jpeg\" alt=\"\" width=\"300\" height=\"225\" srcset=\"https:\/\/blogsaverroes.juntadeandalucia.es\/ceipnuestrasenoradebelen\/files\/2022\/05\/WhatsApp-Image-2022-05-20-at-5.36.38-PM-300x225.jpeg 300w, https:\/\/blogsaverroes.juntadeandalucia.es\/ceipnuestrasenoradebelen\/files\/2022\/05\/WhatsApp-Image-2022-05-20-at-5.36.38-PM-1024x768.jpeg 1024w, https:\/\/blogsaverroes.juntadeandalucia.es\/ceipnuestrasenoradebelen\/files\/2022\/05\/WhatsApp-Image-2022-05-20-at-5.36.38-PM-768x576.jpeg 768w, https:\/\/blogsaverroes.juntadeandalucia.es\/ceipnuestrasenoradebelen\/files\/2022\/05\/WhatsApp-Image-2022-05-20-at-5.36.38-PM-1536x1152.jpeg 1536w, https:\/\/blogsaverroes.juntadeandalucia.es\/ceipnuestrasenoradebelen\/files\/2022\/05\/WhatsApp-Image-2022-05-20-at-5.36.38-PM-700x525.jpeg 700w, https:\/\/blogsaverroes.juntadeandalucia.es\/ceipnuestrasenoradebelen\/files\/2022\/05\/WhatsApp-Image-2022-05-20-at-5.36.38-PM.jpeg 1600w\" sizes=\"(max-width: 300px) 100vw, 300px\" \/><\/a> <a href=\"https:\/\/blogsaverroes.juntadeandalucia.es\/ceipnuestrasenoradebelen\/2022\/05\/20\/fantec-2022\/whatsapp-image-2022-05-20-at-5-31-09-pm\/\" rel=\"attachment wp-att-1594\"><img loading=\"lazy\" decoding=\"async\" class=\"alignnone size-medium wp-image-1594\" src=\"https:\/\/blogsaverroes.juntadeandalucia.es\/ceipnuestrasenoradebelen\/files\/2022\/05\/WhatsApp-Image-2022-05-20-at-5.31.09-PM-300x225.jpeg\" alt=\"\" width=\"300\" height=\"225\" srcset=\"https:\/\/blogsaverroes.juntadeandalucia.es\/ceipnuestrasenoradebelen\/files\/2022\/05\/WhatsApp-Image-2022-05-20-at-5.31.09-PM-300x225.jpeg 300w, https:\/\/blogsaverroes.juntadeandalucia.es\/ceipnuestrasenoradebelen\/files\/2022\/05\/WhatsApp-Image-2022-05-20-at-5.31.09-PM-1024x768.jpeg 1024w, https:\/\/blogsaverroes.juntadeandalucia.es\/ceipnuestrasenoradebelen\/files\/2022\/05\/WhatsApp-Image-2022-05-20-at-5.31.09-PM-768x576.jpeg 768w, https:\/\/blogsaverroes.juntadeandalucia.es\/ceipnuestrasenoradebelen\/files\/2022\/05\/WhatsApp-Image-2022-05-20-at-5.31.09-PM-1536x1152.jpeg 1536w, https:\/\/blogsaverroes.juntadeandalucia.es\/ceipnuestrasenoradebelen\/files\/2022\/05\/WhatsApp-Image-2022-05-20-at-5.31.09-PM-700x525.jpeg 700w, https:\/\/blogsaverroes.juntadeandalucia.es\/ceipnuestrasenoradebelen\/files\/2022\/05\/WhatsApp-Image-2022-05-20-at-5.31.09-PM.jpeg 1600w\" sizes=\"(max-width: 300px) 100vw, 300px\" \/><\/a> <a href=\"https:\/\/blogsaverroes.juntadeandalucia.es\/ceipnuestrasenoradebelen\/2022\/05\/20\/fantec-2022\/whatsapp-image-2022-05-20-at-5-31-07-pm\/\" rel=\"attachment wp-att-1595\"><img loading=\"lazy\" decoding=\"async\" class=\"alignnone size-medium wp-image-1595\" src=\"https:\/\/blogsaverroes.juntadeandalucia.es\/ceipnuestrasenoradebelen\/files\/2022\/05\/WhatsApp-Image-2022-05-20-at-5.31.07-PM-300x225.jpeg\" alt=\"\" width=\"300\" height=\"225\" srcset=\"https:\/\/blogsaverroes.juntadeandalucia.es\/ceipnuestrasenoradebelen\/files\/2022\/05\/WhatsApp-Image-2022-05-20-at-5.31.07-PM-300x225.jpeg 300w, https:\/\/blogsaverroes.juntadeandalucia.es\/ceipnuestrasenoradebelen\/files\/2022\/05\/WhatsApp-Image-2022-05-20-at-5.31.07-PM-1024x768.jpeg 1024w, https:\/\/blogsaverroes.juntadeandalucia.es\/ceipnuestrasenoradebelen\/files\/2022\/05\/WhatsApp-Image-2022-05-20-at-5.31.07-PM-768x576.jpeg 768w, https:\/\/blogsaverroes.juntadeandalucia.es\/ceipnuestrasenoradebelen\/files\/2022\/05\/WhatsApp-Image-2022-05-20-at-5.31.07-PM-1536x1152.jpeg 1536w, https:\/\/blogsaverroes.juntadeandalucia.es\/ceipnuestrasenoradebelen\/files\/2022\/05\/WhatsApp-Image-2022-05-20-at-5.31.07-PM-700x525.jpeg 700w, https:\/\/blogsaverroes.juntadeandalucia.es\/ceipnuestrasenoradebelen\/files\/2022\/05\/WhatsApp-Image-2022-05-20-at-5.31.07-PM.jpeg 1600w\" sizes=\"(max-width: 300px) 100vw, 300px\" \/><\/a> <a href=\"https:\/\/blogsaverroes.juntadeandalucia.es\/ceipnuestrasenoradebelen\/2022\/05\/20\/fantec-2022\/whatsapp-image-2022-05-20-at-5-31-06-pm\/\" rel=\"attachment wp-att-1596\"><img loading=\"lazy\" decoding=\"async\" class=\"alignnone size-medium wp-image-1596\" src=\"https:\/\/blogsaverroes.juntadeandalucia.es\/ceipnuestrasenoradebelen\/files\/2022\/05\/WhatsApp-Image-2022-05-20-at-5.31.06-PM-300x225.jpeg\" alt=\"\" width=\"300\" height=\"225\" srcset=\"https:\/\/blogsaverroes.juntadeandalucia.es\/ceipnuestrasenoradebelen\/files\/2022\/05\/WhatsApp-Image-2022-05-20-at-5.31.06-PM-300x225.jpeg 300w, https:\/\/blogsaverroes.juntadeandalucia.es\/ceipnuestrasenoradebelen\/files\/2022\/05\/WhatsApp-Image-2022-05-20-at-5.31.06-PM-1024x768.jpeg 1024w, https:\/\/blogsaverroes.juntadeandalucia.es\/ceipnuestrasenoradebelen\/files\/2022\/05\/WhatsApp-Image-2022-05-20-at-5.31.06-PM-768x576.jpeg 768w, https:\/\/blogsaverroes.juntadeandalucia.es\/ceipnuestrasenoradebelen\/files\/2022\/05\/WhatsApp-Image-2022-05-20-at-5.31.06-PM-1536x1152.jpeg 1536w, https:\/\/blogsaverroes.juntadeandalucia.es\/ceipnuestrasenoradebelen\/files\/2022\/05\/WhatsApp-Image-2022-05-20-at-5.31.06-PM-700x525.jpeg 700w, https:\/\/blogsaverroes.juntadeandalucia.es\/ceipnuestrasenoradebelen\/files\/2022\/05\/WhatsApp-Image-2022-05-20-at-5.31.06-PM.jpeg 1600w\" sizes=\"(max-width: 300px) 100vw, 300px\" \/><\/a> <a href=\"https:\/\/blogsaverroes.juntadeandalucia.es\/ceipnuestrasenoradebelen\/2022\/05\/20\/fantec-2022\/whatsapp-image-2022-05-20-at-5-31-05-pm\/\" rel=\"attachment wp-att-1597\"><img loading=\"lazy\" decoding=\"async\" class=\"alignnone size-medium wp-image-1597\" src=\"https:\/\/blogsaverroes.juntadeandalucia.es\/ceipnuestrasenoradebelen\/files\/2022\/05\/WhatsApp-Image-2022-05-20-at-5.31.05-PM-169x300.jpeg\" alt=\"\" width=\"169\" height=\"300\" srcset=\"https:\/\/blogsaverroes.juntadeandalucia.es\/ceipnuestrasenoradebelen\/files\/2022\/05\/WhatsApp-Image-2022-05-20-at-5.31.05-PM-169x300.jpeg 169w, https:\/\/blogsaverroes.juntadeandalucia.es\/ceipnuestrasenoradebelen\/files\/2022\/05\/WhatsApp-Image-2022-05-20-at-5.31.05-PM-576x1024.jpeg 576w, https:\/\/blogsaverroes.juntadeandalucia.es\/ceipnuestrasenoradebelen\/files\/2022\/05\/WhatsApp-Image-2022-05-20-at-5.31.05-PM-768x1365.jpeg 768w, https:\/\/blogsaverroes.juntadeandalucia.es\/ceipnuestrasenoradebelen\/files\/2022\/05\/WhatsApp-Image-2022-05-20-at-5.31.05-PM-864x1536.jpeg 864w, https:\/\/blogsaverroes.juntadeandalucia.es\/ceipnuestrasenoradebelen\/files\/2022\/05\/WhatsApp-Image-2022-05-20-at-5.31.05-PM-700x1244.jpeg 700w, https:\/\/blogsaverroes.juntadeandalucia.es\/ceipnuestrasenoradebelen\/files\/2022\/05\/WhatsApp-Image-2022-05-20-at-5.31.05-PM.jpeg 900w\" sizes=\"(max-width: 169px) 100vw, 169px\" \/><\/a> <a href=\"https:\/\/blogsaverroes.juntadeandalucia.es\/ceipnuestrasenoradebelen\/2022\/05\/20\/fantec-2022\/whatsapp-image-2022-05-20-at-5-31-04-pm-1\/\" rel=\"attachment wp-att-1598\"><img loading=\"lazy\" decoding=\"async\" class=\"alignnone size-medium wp-image-1598\" src=\"https:\/\/blogsaverroes.juntadeandalucia.es\/ceipnuestrasenoradebelen\/files\/2022\/05\/WhatsApp-Image-2022-05-20-at-5.31.04-PM-1-300x169.jpeg\" alt=\"\" width=\"300\" height=\"169\" srcset=\"https:\/\/blogsaverroes.juntadeandalucia.es\/ceipnuestrasenoradebelen\/files\/2022\/05\/WhatsApp-Image-2022-05-20-at-5.31.04-PM-1-300x169.jpeg 300w, https:\/\/blogsaverroes.juntadeandalucia.es\/ceipnuestrasenoradebelen\/files\/2022\/05\/WhatsApp-Image-2022-05-20-at-5.31.04-PM-1-1024x576.jpeg 1024w, https:\/\/blogsaverroes.juntadeandalucia.es\/ceipnuestrasenoradebelen\/files\/2022\/05\/WhatsApp-Image-2022-05-20-at-5.31.04-PM-1-768x432.jpeg 768w, https:\/\/blogsaverroes.juntadeandalucia.es\/ceipnuestrasenoradebelen\/files\/2022\/05\/WhatsApp-Image-2022-05-20-at-5.31.04-PM-1-1536x864.jpeg 1536w, https:\/\/blogsaverroes.juntadeandalucia.es\/ceipnuestrasenoradebelen\/files\/2022\/05\/WhatsApp-Image-2022-05-20-at-5.31.04-PM-1-700x393.jpeg 700w, https:\/\/blogsaverroes.juntadeandalucia.es\/ceipnuestrasenoradebelen\/files\/2022\/05\/WhatsApp-Image-2022-05-20-at-5.31.04-PM-1.jpeg 1600w\" sizes=\"(max-width: 300px) 100vw, 300px\" \/><\/a> <a href=\"https:\/\/blogsaverroes.juntadeandalucia.es\/ceipnuestrasenoradebelen\/2022\/05\/20\/fantec-2022\/whatsapp-image-2022-05-20-at-5-31-04-pm\/\" rel=\"attachment wp-att-1599\"><img loading=\"lazy\" decoding=\"async\" class=\"alignnone size-medium wp-image-1599\" src=\"https:\/\/blogsaverroes.juntadeandalucia.es\/ceipnuestrasenoradebelen\/files\/2022\/05\/WhatsApp-Image-2022-05-20-at-5.31.04-PM-169x300.jpeg\" alt=\"\" width=\"169\" height=\"300\" srcset=\"https:\/\/blogsaverroes.juntadeandalucia.es\/ceipnuestrasenoradebelen\/files\/2022\/05\/WhatsApp-Image-2022-05-20-at-5.31.04-PM-169x300.jpeg 169w, https:\/\/blogsaverroes.juntadeandalucia.es\/ceipnuestrasenoradebelen\/files\/2022\/05\/WhatsApp-Image-2022-05-20-at-5.31.04-PM-576x1024.jpeg 576w, https:\/\/blogsaverroes.juntadeandalucia.es\/ceipnuestrasenoradebelen\/files\/2022\/05\/WhatsApp-Image-2022-05-20-at-5.31.04-PM-768x1365.jpeg 768w, https:\/\/blogsaverroes.juntadeandalucia.es\/ceipnuestrasenoradebelen\/files\/2022\/05\/WhatsApp-Image-2022-05-20-at-5.31.04-PM-864x1536.jpeg 864w, https:\/\/blogsaverroes.juntadeandalucia.es\/ceipnuestrasenoradebelen\/files\/2022\/05\/WhatsApp-Image-2022-05-20-at-5.31.04-PM-700x1244.jpeg 700w, https:\/\/blogsaverroes.juntadeandalucia.es\/ceipnuestrasenoradebelen\/files\/2022\/05\/WhatsApp-Image-2022-05-20-at-5.31.04-PM.jpeg 900w\" sizes=\"(max-width: 169px) 100vw, 169px\" \/><\/a> <a href=\"https:\/\/blogsaverroes.juntadeandalucia.es\/ceipnuestrasenoradebelen\/2022\/05\/20\/fantec-2022\/whatsapp-image-2022-05-20-at-5-31-03-pm\/\" rel=\"attachment wp-att-1600\"><img loading=\"lazy\" decoding=\"async\" class=\"alignnone size-medium wp-image-1600\" src=\"https:\/\/blogsaverroes.juntadeandalucia.es\/ceipnuestrasenoradebelen\/files\/2022\/05\/WhatsApp-Image-2022-05-20-at-5.31.03-PM-169x300.jpeg\" alt=\"\" width=\"169\" height=\"300\" srcset=\"https:\/\/blogsaverroes.juntadeandalucia.es\/ceipnuestrasenoradebelen\/files\/2022\/05\/WhatsApp-Image-2022-05-20-at-5.31.03-PM-169x300.jpeg 169w, https:\/\/blogsaverroes.juntadeandalucia.es\/ceipnuestrasenoradebelen\/files\/2022\/05\/WhatsApp-Image-2022-05-20-at-5.31.03-PM-576x1024.jpeg 576w, https:\/\/blogsaverroes.juntadeandalucia.es\/ceipnuestrasenoradebelen\/files\/2022\/05\/WhatsApp-Image-2022-05-20-at-5.31.03-PM-768x1365.jpeg 768w, https:\/\/blogsaverroes.juntadeandalucia.es\/ceipnuestrasenoradebelen\/files\/2022\/05\/WhatsApp-Image-2022-05-20-at-5.31.03-PM-864x1536.jpeg 864w, https:\/\/blogsaverroes.juntadeandalucia.es\/ceipnuestrasenoradebelen\/files\/2022\/05\/WhatsApp-Image-2022-05-20-at-5.31.03-PM-700x1244.jpeg 700w, https:\/\/blogsaverroes.juntadeandalucia.es\/ceipnuestrasenoradebelen\/files\/2022\/05\/WhatsApp-Image-2022-05-20-at-5.31.03-PM.jpeg 900w\" sizes=\"(max-width: 169px) 100vw, 169px\" \/><\/a> <a href=\"https:\/\/blogsaverroes.juntadeandalucia.es\/ceipnuestrasenoradebelen\/2022\/05\/20\/fantec-2022\/whatsapp-image-2022-05-20-at-5-31-01-pm\/\" rel=\"attachment wp-att-1601\"><img loading=\"lazy\" decoding=\"async\" class=\"alignnone size-medium wp-image-1601\" src=\"https:\/\/blogsaverroes.juntadeandalucia.es\/ceipnuestrasenoradebelen\/files\/2022\/05\/WhatsApp-Image-2022-05-20-at-5.31.01-PM-300x225.jpeg\" alt=\"\" width=\"300\" height=\"225\" srcset=\"https:\/\/blogsaverroes.juntadeandalucia.es\/ceipnuestrasenoradebelen\/files\/2022\/05\/WhatsApp-Image-2022-05-20-at-5.31.01-PM-300x225.jpeg 300w, https:\/\/blogsaverroes.juntadeandalucia.es\/ceipnuestrasenoradebelen\/files\/2022\/05\/WhatsApp-Image-2022-05-20-at-5.31.01-PM-1024x768.jpeg 1024w, https:\/\/blogsaverroes.juntadeandalucia.es\/ceipnuestrasenoradebelen\/files\/2022\/05\/WhatsApp-Image-2022-05-20-at-5.31.01-PM-768x576.jpeg 768w, https:\/\/blogsaverroes.juntadeandalucia.es\/ceipnuestrasenoradebelen\/files\/2022\/05\/WhatsApp-Image-2022-05-20-at-5.31.01-PM-1536x1152.jpeg 1536w, https:\/\/blogsaverroes.juntadeandalucia.es\/ceipnuestrasenoradebelen\/files\/2022\/05\/WhatsApp-Image-2022-05-20-at-5.31.01-PM-700x525.jpeg 700w, https:\/\/blogsaverroes.juntadeandalucia.es\/ceipnuestrasenoradebelen\/files\/2022\/05\/WhatsApp-Image-2022-05-20-at-5.31.01-PM.jpeg 1600w\" sizes=\"(max-width: 300px) 100vw, 300px\" \/><\/a> <a href=\"https:\/\/blogsaverroes.juntadeandalucia.es\/ceipnuestrasenoradebelen\/2022\/05\/20\/fantec-2022\/whatsapp-image-2022-05-20-at-5-31-00-pm-1\/\" rel=\"attachment wp-att-1602\"><img loading=\"lazy\" decoding=\"async\" class=\"alignnone size-medium wp-image-1602\" src=\"https:\/\/blogsaverroes.juntadeandalucia.es\/ceipnuestrasenoradebelen\/files\/2022\/05\/WhatsApp-Image-2022-05-20-at-5.31.00-PM-1-300x225.jpeg\" alt=\"\" width=\"300\" height=\"225\" srcset=\"https:\/\/blogsaverroes.juntadeandalucia.es\/ceipnuestrasenoradebelen\/files\/2022\/05\/WhatsApp-Image-2022-05-20-at-5.31.00-PM-1-300x225.jpeg 300w, https:\/\/blogsaverroes.juntadeandalucia.es\/ceipnuestrasenoradebelen\/files\/2022\/05\/WhatsApp-Image-2022-05-20-at-5.31.00-PM-1-1024x768.jpeg 1024w, https:\/\/blogsaverroes.juntadeandalucia.es\/ceipnuestrasenoradebelen\/files\/2022\/05\/WhatsApp-Image-2022-05-20-at-5.31.00-PM-1-768x576.jpeg 768w, https:\/\/blogsaverroes.juntadeandalucia.es\/ceipnuestrasenoradebelen\/files\/2022\/05\/WhatsApp-Image-2022-05-20-at-5.31.00-PM-1-1536x1152.jpeg 1536w, https:\/\/blogsaverroes.juntadeandalucia.es\/ceipnuestrasenoradebelen\/files\/2022\/05\/WhatsApp-Image-2022-05-20-at-5.31.00-PM-1-700x525.jpeg 700w, https:\/\/blogsaverroes.juntadeandalucia.es\/ceipnuestrasenoradebelen\/files\/2022\/05\/WhatsApp-Image-2022-05-20-at-5.31.00-PM-1.jpeg 1600w\" sizes=\"(max-width: 300px) 100vw, 300px\" \/><\/a> <a href=\"https:\/\/blogsaverroes.juntadeandalucia.es\/ceipnuestrasenoradebelen\/2022\/05\/20\/fantec-2022\/whatsapp-image-2022-05-20-at-5-31-00-pm\/\" rel=\"attachment wp-att-1603\"><img loading=\"lazy\" decoding=\"async\" class=\"alignnone size-medium wp-image-1603\" src=\"https:\/\/blogsaverroes.juntadeandalucia.es\/ceipnuestrasenoradebelen\/files\/2022\/05\/WhatsApp-Image-2022-05-20-at-5.31.00-PM-300x225.jpeg\" alt=\"\" width=\"300\" height=\"225\" srcset=\"https:\/\/blogsaverroes.juntadeandalucia.es\/ceipnuestrasenoradebelen\/files\/2022\/05\/WhatsApp-Image-2022-05-20-at-5.31.00-PM-300x225.jpeg 300w, https:\/\/blogsaverroes.juntadeandalucia.es\/ceipnuestrasenoradebelen\/files\/2022\/05\/WhatsApp-Image-2022-05-20-at-5.31.00-PM-1024x768.jpeg 1024w, https:\/\/blogsaverroes.juntadeandalucia.es\/ceipnuestrasenoradebelen\/files\/2022\/05\/WhatsApp-Image-2022-05-20-at-5.31.00-PM-768x576.jpeg 768w, https:\/\/blogsaverroes.juntadeandalucia.es\/ceipnuestrasenoradebelen\/files\/2022\/05\/WhatsApp-Image-2022-05-20-at-5.31.00-PM-1536x1152.jpeg 1536w, https:\/\/blogsaverroes.juntadeandalucia.es\/ceipnuestrasenoradebelen\/files\/2022\/05\/WhatsApp-Image-2022-05-20-at-5.31.00-PM-700x525.jpeg 700w, https:\/\/blogsaverroes.juntadeandalucia.es\/ceipnuestrasenoradebelen\/files\/2022\/05\/WhatsApp-Image-2022-05-20-at-5.31.00-PM.jpeg 1600w\" sizes=\"(max-width: 300px) 100vw, 300px\" \/><\/a> <a href=\"https:\/\/blogsaverroes.juntadeandalucia.es\/ceipnuestrasenoradebelen\/2022\/05\/20\/fantec-2022\/whatsapp-image-2022-05-20-at-5-30-58-pm\/\" rel=\"attachment wp-att-1604\"><img loading=\"lazy\" decoding=\"async\" class=\"alignnone size-medium wp-image-1604\" src=\"https:\/\/blogsaverroes.juntadeandalucia.es\/ceipnuestrasenoradebelen\/files\/2022\/05\/WhatsApp-Image-2022-05-20-at-5.30.58-PM-300x225.jpeg\" alt=\"\" width=\"300\" height=\"225\" srcset=\"https:\/\/blogsaverroes.juntadeandalucia.es\/ceipnuestrasenoradebelen\/files\/2022\/05\/WhatsApp-Image-2022-05-20-at-5.30.58-PM-300x225.jpeg 300w, https:\/\/blogsaverroes.juntadeandalucia.es\/ceipnuestrasenoradebelen\/files\/2022\/05\/WhatsApp-Image-2022-05-20-at-5.30.58-PM-1024x768.jpeg 1024w, https:\/\/blogsaverroes.juntadeandalucia.es\/ceipnuestrasenoradebelen\/files\/2022\/05\/WhatsApp-Image-2022-05-20-at-5.30.58-PM-768x576.jpeg 768w, https:\/\/blogsaverroes.juntadeandalucia.es\/ceipnuestrasenoradebelen\/files\/2022\/05\/WhatsApp-Image-2022-05-20-at-5.30.58-PM-1536x1152.jpeg 1536w, https:\/\/blogsaverroes.juntadeandalucia.es\/ceipnuestrasenoradebelen\/files\/2022\/05\/WhatsApp-Image-2022-05-20-at-5.30.58-PM-700x525.jpeg 700w, https:\/\/blogsaverroes.juntadeandalucia.es\/ceipnuestrasenoradebelen\/files\/2022\/05\/WhatsApp-Image-2022-05-20-at-5.30.58-PM.jpeg 1600w\" sizes=\"(max-width: 300px) 100vw, 300px\" \/><\/a> <a href=\"https:\/\/blogsaverroes.juntadeandalucia.es\/ceipnuestrasenoradebelen\/2022\/05\/20\/fantec-2022\/whatsapp-image-2022-05-20-at-5-30-55-pm-1\/\" rel=\"attachment wp-att-1605\"><img loading=\"lazy\" decoding=\"async\" class=\"alignnone size-medium wp-image-1605\" src=\"https:\/\/blogsaverroes.juntadeandalucia.es\/ceipnuestrasenoradebelen\/files\/2022\/05\/WhatsApp-Image-2022-05-20-at-5.30.55-PM-1-300x225.jpeg\" alt=\"\" width=\"300\" height=\"225\" srcset=\"https:\/\/blogsaverroes.juntadeandalucia.es\/ceipnuestrasenoradebelen\/files\/2022\/05\/WhatsApp-Image-2022-05-20-at-5.30.55-PM-1-300x225.jpeg 300w, https:\/\/blogsaverroes.juntadeandalucia.es\/ceipnuestrasenoradebelen\/files\/2022\/05\/WhatsApp-Image-2022-05-20-at-5.30.55-PM-1-1024x768.jpeg 1024w, https:\/\/blogsaverroes.juntadeandalucia.es\/ceipnuestrasenoradebelen\/files\/2022\/05\/WhatsApp-Image-2022-05-20-at-5.30.55-PM-1-768x576.jpeg 768w, https:\/\/blogsaverroes.juntadeandalucia.es\/ceipnuestrasenoradebelen\/files\/2022\/05\/WhatsApp-Image-2022-05-20-at-5.30.55-PM-1-1536x1152.jpeg 1536w, https:\/\/blogsaverroes.juntadeandalucia.es\/ceipnuestrasenoradebelen\/files\/2022\/05\/WhatsApp-Image-2022-05-20-at-5.30.55-PM-1-700x525.jpeg 700w, https:\/\/blogsaverroes.juntadeandalucia.es\/ceipnuestrasenoradebelen\/files\/2022\/05\/WhatsApp-Image-2022-05-20-at-5.30.55-PM-1.jpeg 1600w\" sizes=\"(max-width: 300px) 100vw, 300px\" \/><\/a> <a href=\"https:\/\/blogsaverroes.juntadeandalucia.es\/ceipnuestrasenoradebelen\/2022\/05\/20\/fantec-2022\/whatsapp-image-2022-05-20-at-5-30-55-pm\/\" rel=\"attachment wp-att-1606\"><img loading=\"lazy\" decoding=\"async\" class=\"alignnone size-medium wp-image-1606\" src=\"https:\/\/blogsaverroes.juntadeandalucia.es\/ceipnuestrasenoradebelen\/files\/2022\/05\/WhatsApp-Image-2022-05-20-at-5.30.55-PM-300x225.jpeg\" alt=\"\" width=\"300\" height=\"225\" srcset=\"https:\/\/blogsaverroes.juntadeandalucia.es\/ceipnuestrasenoradebelen\/files\/2022\/05\/WhatsApp-Image-2022-05-20-at-5.30.55-PM-300x225.jpeg 300w, https:\/\/blogsaverroes.juntadeandalucia.es\/ceipnuestrasenoradebelen\/files\/2022\/05\/WhatsApp-Image-2022-05-20-at-5.30.55-PM-1024x768.jpeg 1024w, https:\/\/blogsaverroes.juntadeandalucia.es\/ceipnuestrasenoradebelen\/files\/2022\/05\/WhatsApp-Image-2022-05-20-at-5.30.55-PM-768x576.jpeg 768w, https:\/\/blogsaverroes.juntadeandalucia.es\/ceipnuestrasenoradebelen\/files\/2022\/05\/WhatsApp-Image-2022-05-20-at-5.30.55-PM-1536x1152.jpeg 1536w, https:\/\/blogsaverroes.juntadeandalucia.es\/ceipnuestrasenoradebelen\/files\/2022\/05\/WhatsApp-Image-2022-05-20-at-5.30.55-PM-700x525.jpeg 700w, https:\/\/blogsaverroes.juntadeandalucia.es\/ceipnuestrasenoradebelen\/files\/2022\/05\/WhatsApp-Image-2022-05-20-at-5.30.55-PM.jpeg 1600w\" sizes=\"(max-width: 300px) 100vw, 300px\" \/><\/a> <a href=\"https:\/\/blogsaverroes.juntadeandalucia.es\/ceipnuestrasenoradebelen\/2022\/05\/20\/fantec-2022\/whatsapp-image-2022-05-20-at-5-30-21-pm\/\" rel=\"attachment wp-att-1607\"><img loading=\"lazy\" decoding=\"async\" class=\"alignnone size-medium wp-image-1607\" src=\"https:\/\/blogsaverroes.juntadeandalucia.es\/ceipnuestrasenoradebelen\/files\/2022\/05\/WhatsApp-Image-2022-05-20-at-5.30.21-PM-300x225.jpeg\" alt=\"\" width=\"300\" height=\"225\" srcset=\"https:\/\/blogsaverroes.juntadeandalucia.es\/ceipnuestrasenoradebelen\/files\/2022\/05\/WhatsApp-Image-2022-05-20-at-5.30.21-PM-300x225.jpeg 300w, https:\/\/blogsaverroes.juntadeandalucia.es\/ceipnuestrasenoradebelen\/files\/2022\/05\/WhatsApp-Image-2022-05-20-at-5.30.21-PM-1024x768.jpeg 1024w, https:\/\/blogsaverroes.juntadeandalucia.es\/ceipnuestrasenoradebelen\/files\/2022\/05\/WhatsApp-Image-2022-05-20-at-5.30.21-PM-768x576.jpeg 768w, https:\/\/blogsaverroes.juntadeandalucia.es\/ceipnuestrasenoradebelen\/files\/2022\/05\/WhatsApp-Image-2022-05-20-at-5.30.21-PM-1536x1152.jpeg 1536w, https:\/\/blogsaverroes.juntadeandalucia.es\/ceipnuestrasenoradebelen\/files\/2022\/05\/WhatsApp-Image-2022-05-20-at-5.30.21-PM-700x525.jpeg 700w, https:\/\/blogsaverroes.juntadeandalucia.es\/ceipnuestrasenoradebelen\/files\/2022\/05\/WhatsApp-Image-2022-05-20-at-5.30.21-PM.jpeg 1600w\" sizes=\"(max-width: 300px) 100vw, 300px\" \/><\/a> <a href=\"https:\/\/blogsaverroes.juntadeandalucia.es\/ceipnuestrasenoradebelen\/2022\/05\/20\/fantec-2022\/whatsapp-image-2022-05-20-at-8-04-47-pm-6\/\" rel=\"attachment wp-att-1608\"><img loading=\"lazy\" decoding=\"async\" class=\"alignnone size-medium wp-image-1608\" src=\"https:\/\/blogsaverroes.juntadeandalucia.es\/ceipnuestrasenoradebelen\/files\/2022\/05\/WhatsApp-Image-2022-05-20-at-8.04.47-PM-6-300x225.jpeg\" alt=\"\" width=\"300\" height=\"225\" srcset=\"https:\/\/blogsaverroes.juntadeandalucia.es\/ceipnuestrasenoradebelen\/files\/2022\/05\/WhatsApp-Image-2022-05-20-at-8.04.47-PM-6-300x225.jpeg 300w, https:\/\/blogsaverroes.juntadeandalucia.es\/ceipnuestrasenoradebelen\/files\/2022\/05\/WhatsApp-Image-2022-05-20-at-8.04.47-PM-6-768x576.jpeg 768w, https:\/\/blogsaverroes.juntadeandalucia.es\/ceipnuestrasenoradebelen\/files\/2022\/05\/WhatsApp-Image-2022-05-20-at-8.04.47-PM-6-700x525.jpeg 700w, https:\/\/blogsaverroes.juntadeandalucia.es\/ceipnuestrasenoradebelen\/files\/2022\/05\/WhatsApp-Image-2022-05-20-at-8.04.47-PM-6.jpeg 1024w\" sizes=\"(max-width: 300px) 100vw, 300px\" \/><\/a> <a href=\"https:\/\/blogsaverroes.juntadeandalucia.es\/ceipnuestrasenoradebelen\/2022\/05\/20\/fantec-2022\/whatsapp-image-2022-05-20-at-8-04-47-pm-5\/\" rel=\"attachment wp-att-1609\"><img loading=\"lazy\" decoding=\"async\" class=\"alignnone size-medium wp-image-1609\" src=\"https:\/\/blogsaverroes.juntadeandalucia.es\/ceipnuestrasenoradebelen\/files\/2022\/05\/WhatsApp-Image-2022-05-20-at-8.04.47-PM-5-300x225.jpeg\" alt=\"\" width=\"300\" height=\"225\" srcset=\"https:\/\/blogsaverroes.juntadeandalucia.es\/ceipnuestrasenoradebelen\/files\/2022\/05\/WhatsApp-Image-2022-05-20-at-8.04.47-PM-5-300x225.jpeg 300w, https:\/\/blogsaverroes.juntadeandalucia.es\/ceipnuestrasenoradebelen\/files\/2022\/05\/WhatsApp-Image-2022-05-20-at-8.04.47-PM-5-768x576.jpeg 768w, https:\/\/blogsaverroes.juntadeandalucia.es\/ceipnuestrasenoradebelen\/files\/2022\/05\/WhatsApp-Image-2022-05-20-at-8.04.47-PM-5-700x525.jpeg 700w, https:\/\/blogsaverroes.juntadeandalucia.es\/ceipnuestrasenoradebelen\/files\/2022\/05\/WhatsApp-Image-2022-05-20-at-8.04.47-PM-5.jpeg 1024w\" sizes=\"(max-width: 300px) 100vw, 300px\" \/><\/a> <a href=\"https:\/\/blogsaverroes.juntadeandalucia.es\/ceipnuestrasenoradebelen\/2022\/05\/20\/fantec-2022\/whatsapp-image-2022-05-20-at-8-04-47-pm-4\/\" rel=\"attachment wp-att-1610\"><img loading=\"lazy\" decoding=\"async\" class=\"alignnone size-medium wp-image-1610\" src=\"https:\/\/blogsaverroes.juntadeandalucia.es\/ceipnuestrasenoradebelen\/files\/2022\/05\/WhatsApp-Image-2022-05-20-at-8.04.47-PM-4-300x225.jpeg\" alt=\"\" width=\"300\" height=\"225\" srcset=\"https:\/\/blogsaverroes.juntadeandalucia.es\/ceipnuestrasenoradebelen\/files\/2022\/05\/WhatsApp-Image-2022-05-20-at-8.04.47-PM-4-300x225.jpeg 300w, https:\/\/blogsaverroes.juntadeandalucia.es\/ceipnuestrasenoradebelen\/files\/2022\/05\/WhatsApp-Image-2022-05-20-at-8.04.47-PM-4-768x576.jpeg 768w, https:\/\/blogsaverroes.juntadeandalucia.es\/ceipnuestrasenoradebelen\/files\/2022\/05\/WhatsApp-Image-2022-05-20-at-8.04.47-PM-4-700x525.jpeg 700w, https:\/\/blogsaverroes.juntadeandalucia.es\/ceipnuestrasenoradebelen\/files\/2022\/05\/WhatsApp-Image-2022-05-20-at-8.04.47-PM-4.jpeg 1024w\" sizes=\"(max-width: 300px) 100vw, 300px\" \/><\/a> <a href=\"https:\/\/blogsaverroes.juntadeandalucia.es\/ceipnuestrasenoradebelen\/2022\/05\/20\/fantec-2022\/whatsapp-image-2022-05-20-at-8-04-47-pm-3\/\" rel=\"attachment wp-att-1611\"><img loading=\"lazy\" decoding=\"async\" class=\"alignnone size-medium wp-image-1611\" src=\"https:\/\/blogsaverroes.juntadeandalucia.es\/ceipnuestrasenoradebelen\/files\/2022\/05\/WhatsApp-Image-2022-05-20-at-8.04.47-PM-3-300x225.jpeg\" alt=\"\" width=\"300\" height=\"225\" srcset=\"https:\/\/blogsaverroes.juntadeandalucia.es\/ceipnuestrasenoradebelen\/files\/2022\/05\/WhatsApp-Image-2022-05-20-at-8.04.47-PM-3-300x225.jpeg 300w, https:\/\/blogsaverroes.juntadeandalucia.es\/ceipnuestrasenoradebelen\/files\/2022\/05\/WhatsApp-Image-2022-05-20-at-8.04.47-PM-3-768x576.jpeg 768w, https:\/\/blogsaverroes.juntadeandalucia.es\/ceipnuestrasenoradebelen\/files\/2022\/05\/WhatsApp-Image-2022-05-20-at-8.04.47-PM-3-700x525.jpeg 700w, https:\/\/blogsaverroes.juntadeandalucia.es\/ceipnuestrasenoradebelen\/files\/2022\/05\/WhatsApp-Image-2022-05-20-at-8.04.47-PM-3.jpeg 1024w\" sizes=\"(max-width: 300px) 100vw, 300px\" \/><\/a> <a href=\"https:\/\/blogsaverroes.juntadeandalucia.es\/ceipnuestrasenoradebelen\/2022\/05\/20\/fantec-2022\/whatsapp-image-2022-05-20-at-8-04-47-pm-2\/\" rel=\"attachment wp-att-1612\"><img loading=\"lazy\" decoding=\"async\" class=\"alignnone size-medium wp-image-1612\" src=\"https:\/\/blogsaverroes.juntadeandalucia.es\/ceipnuestrasenoradebelen\/files\/2022\/05\/WhatsApp-Image-2022-05-20-at-8.04.47-PM-2-300x225.jpeg\" alt=\"\" width=\"300\" height=\"225\" srcset=\"https:\/\/blogsaverroes.juntadeandalucia.es\/ceipnuestrasenoradebelen\/files\/2022\/05\/WhatsApp-Image-2022-05-20-at-8.04.47-PM-2-300x225.jpeg 300w, https:\/\/blogsaverroes.juntadeandalucia.es\/ceipnuestrasenoradebelen\/files\/2022\/05\/WhatsApp-Image-2022-05-20-at-8.04.47-PM-2-768x576.jpeg 768w, https:\/\/blogsaverroes.juntadeandalucia.es\/ceipnuestrasenoradebelen\/files\/2022\/05\/WhatsApp-Image-2022-05-20-at-8.04.47-PM-2-700x525.jpeg 700w, https:\/\/blogsaverroes.juntadeandalucia.es\/ceipnuestrasenoradebelen\/files\/2022\/05\/WhatsApp-Image-2022-05-20-at-8.04.47-PM-2.jpeg 1024w\" sizes=\"(max-width: 300px) 100vw, 300px\" \/><\/a> <a href=\"https:\/\/blogsaverroes.juntadeandalucia.es\/ceipnuestrasenoradebelen\/2022\/05\/20\/fantec-2022\/whatsapp-image-2022-05-20-at-8-04-47-pm-1\/\" rel=\"attachment wp-att-1613\"><img loading=\"lazy\" decoding=\"async\" class=\"alignnone size-medium wp-image-1613\" src=\"https:\/\/blogsaverroes.juntadeandalucia.es\/ceipnuestrasenoradebelen\/files\/2022\/05\/WhatsApp-Image-2022-05-20-at-8.04.47-PM-1-300x225.jpeg\" alt=\"\" width=\"300\" height=\"225\" srcset=\"https:\/\/blogsaverroes.juntadeandalucia.es\/ceipnuestrasenoradebelen\/files\/2022\/05\/WhatsApp-Image-2022-05-20-at-8.04.47-PM-1-300x225.jpeg 300w, https:\/\/blogsaverroes.juntadeandalucia.es\/ceipnuestrasenoradebelen\/files\/2022\/05\/WhatsApp-Image-2022-05-20-at-8.04.47-PM-1-768x576.jpeg 768w, https:\/\/blogsaverroes.juntadeandalucia.es\/ceipnuestrasenoradebelen\/files\/2022\/05\/WhatsApp-Image-2022-05-20-at-8.04.47-PM-1-700x525.jpeg 700w, https:\/\/blogsaverroes.juntadeandalucia.es\/ceipnuestrasenoradebelen\/files\/2022\/05\/WhatsApp-Image-2022-05-20-at-8.04.47-PM-1.jpeg 1024w\" sizes=\"(max-width: 300px) 100vw, 300px\" \/><\/a> <a href=\"https:\/\/blogsaverroes.juntadeandalucia.es\/ceipnuestrasenoradebelen\/2022\/05\/20\/fantec-2022\/whatsapp-image-2022-05-20-at-8-04-47-pm\/\" rel=\"attachment wp-att-1614\"><img loading=\"lazy\" decoding=\"async\" class=\"alignnone size-medium wp-image-1614\" src=\"https:\/\/blogsaverroes.juntadeandalucia.es\/ceipnuestrasenoradebelen\/files\/2022\/05\/WhatsApp-Image-2022-05-20-at-8.04.47-PM-300x225.jpeg\" alt=\"\" width=\"300\" height=\"225\" srcset=\"https:\/\/blogsaverroes.juntadeandalucia.es\/ceipnuestrasenoradebelen\/files\/2022\/05\/WhatsApp-Image-2022-05-20-at-8.04.47-PM-300x225.jpeg 300w, https:\/\/blogsaverroes.juntadeandalucia.es\/ceipnuestrasenoradebelen\/files\/2022\/05\/WhatsApp-Image-2022-05-20-at-8.04.47-PM-768x576.jpeg 768w, https:\/\/blogsaverroes.juntadeandalucia.es\/ceipnuestrasenoradebelen\/files\/2022\/05\/WhatsApp-Image-2022-05-20-at-8.04.47-PM-700x525.jpeg 700w, https:\/\/blogsaverroes.juntadeandalucia.es\/ceipnuestrasenoradebelen\/files\/2022\/05\/WhatsApp-Image-2022-05-20-at-8.04.47-PM.jpeg 1024w\" sizes=\"(max-width: 300px) 100vw, 300px\" \/><\/a><\/p>\n","protected":false},"excerpt":{"rendered":"<p>El CEIP Ntra. Sra. de Bel\u00e9n ha participado en la Feria Andaluza de la Tecnolog\u00eda como centro expositor con un stand en el que ha mostrado diferentes productos relacionados con la rob\u00f3tica, impresi\u00f3n 3D&#46;&#46;&#46;<\/p>\n","protected":false},"author":5528,"featured_media":1591,"comment_status":"open","ping_status":"open","sticky":false,"template":"","format":"standard","meta":{"ngg_post_thumbnail":0,"footnotes":""},"categories":[11909],"tags":[],"aioseo_notices":[],"_links":{"self":[{"href":"https:\/\/blogsaverroes.juntadeandalucia.es\/ceipnuestrasenoradebelen\/wp-json\/wp\/v2\/posts\/1590"}],"collection":[{"href":"https:\/\/blogsaverroes.juntadeandalucia.es\/ceipnuestrasenoradebelen\/wp-json\/wp\/v2\/posts"}],"about":[{"href":"https:\/\/blogsaverroes.juntadeandalucia.es\/ceipnuestrasenoradebelen\/wp-json\/wp\/v2\/types\/post"}],"author":[{"embeddable":true,"href":"https:\/\/blogsaverroes.juntadeandalucia.es\/ceipnuestrasenoradebelen\/wp-json\/wp\/v2\/users\/5528"}],"replies":[{"embeddable":true,"href":"https:\/\/blogsaverroes.juntadeandalucia.es\/ceipnuestrasenoradebelen\/wp-json\/wp\/v2\/comments?post=1590"}],"version-history":[{"count":2,"href":"https:\/\/blogsaverroes.juntadeandalucia.es\/ceipnuestrasenoradebelen\/wp-json\/wp\/v2\/posts\/1590\/revisions"}],"predecessor-version":[{"id":1616,"href":"https:\/\/blogsaverroes.juntadeandalucia.es\/ceipnuestrasenoradebelen\/wp-json\/wp\/v2\/posts\/1590\/revisions\/1616"}],"wp:featuredmedia":[{"embeddable":true,"href":"https:\/\/blogsaverroes.juntadeandalucia.es\/ceipnuestrasenoradebelen\/wp-json\/wp\/v2\/media\/1591"}],"wp:attachment":[{"href":"https:\/\/blogsaverroes.juntadeandalucia.es\/ceipnuestrasenoradebelen\/wp-json\/wp\/v2\/media?parent=1590"}],"wp:term":[{"taxonomy":"category","embeddable":true,"href":"https:\/\/blogsaverroes.juntadeandalucia.es\/ceipnuestrasenoradebelen\/wp-json\/wp\/v2\/categories?post=1590"},{"taxonomy":"post_tag","embeddable":true,"href":"https:\/\/blogsaverroes.juntadeandalucia.es\/ceipnuestrasenoradebelen\/wp-json\/wp\/v2\/tags?post=1590"}],"curies":[{"name":"wp","href":"https:\/\/api.w.org\/{rel}","templated":true}]}}