{"id":1728,"date":"2022-07-01T09:29:01","date_gmt":"2022-07-01T09:29:01","guid":{"rendered":"https:\/\/blogsaverroes.juntadeandalucia.es\/ceipnuestrasenoradebelen\/?p=1728"},"modified":"2022-07-01T09:29:21","modified_gmt":"2022-07-01T09:29:21","slug":"listado-definitivo-de-alumnado-admitidos-y-suplentes-de-los-servicios-complementarios-autorizados","status":"publish","type":"post","link":"https:\/\/blogsaverroes.juntadeandalucia.es\/ceipnuestrasenoradebelen\/2022\/07\/01\/listado-definitivo-de-alumnado-admitidos-y-suplentes-de-los-servicios-complementarios-autorizados\/","title":{"rendered":"LISTADO DEFINITIVO DE ALUMNADO (ADMITIDOS Y SUPLENTES) DE LOS SERVICIOS COMPLEMENTARIOS AUTORIZADOS"},"content":{"rendered":"<p>Se ha publicado en el tabl\u00f3n de anuncios el&nbsp;<strong>listado definitivo de admitidos\/as y suplentes<\/strong> de los servicios complementarios para el curso 22-23 (comedor y actividades extraescolares). Tambi\u00e9n podr\u00e1 consultarse en la siguiente direcci\u00f3n electr\u00f3nica, usando la clave iANDE:<\/p>\n<p>https:\/\/www.juntadeandalucia.es\/educacion\/secretariavirtual\/accesoConsultas\/1387\/<\/p>\n<p>Se recuerda que del 01\/09\/2022&nbsp; al 07\/09\/2022 estar\u00e1 abierto el plazo de presentaci\u00f3n de <strong>solicitudes de bonificaci\u00f3n de gratuidad\/bonificaci\u00f3n por los servicios complementarios<\/strong> que pudiera corresponder (Anexo V de la Orden de 17 de abril de 2017, modificado en el anexo II de la Orden de 27 de marzo de 2019) a trav\u00e9s de dos v\u00edas:<\/p>\n<div class=\"block pl-2\">\n<div class=\"field__item position-relative\">\n<h3 class=\"pb-1\">Por internet<\/h3>\n<p><a title=\"Solicita y tramita en l\u00ednea.\" href=\"https:\/\/www.juntadeandalucia.es\/educacion\/secretariavirtual\/\" target=\"_blank\" rel=\"noopener noreferrer\">Solicita y tramita en l\u00ednea.<\/a><\/p>\n<\/div>\n<div>&nbsp;<\/div>\n<\/div>\n<div class=\"block pl-2\">\n<h3 class=\"field__label mb-0\">Presencialmente<\/h3>\n<div class=\"field__item\">El medio de presentaci\u00f3n depender\u00e1 de lo que establezca la normativa que regule este procedimiento. Si el procedimiento es exclusivamente telem\u00e1tico, no podr\u00e1 presentar la solicitud en una oficina de asistencia en materia de registros.<\/div>\n<\/div>\n","protected":false},"excerpt":{"rendered":"<p>Se ha publicado en el tabl\u00f3n de anuncios el&nbsp;listado definitivo de admitidos\/as y suplentes de los servicios complementarios para el curso 22-23 (comedor y actividades extraescolares). Tambi\u00e9n podr\u00e1 consultarse en la siguiente direcci\u00f3n electr\u00f3nica,&#46;&#46;&#46;<\/p>\n","protected":false},"author":5528,"featured_media":1727,"comment_status":"open","ping_status":"open","sticky":false,"template":"","format":"standard","meta":{"ngg_post_thumbnail":0,"footnotes":""},"categories":[11909],"tags":[],"aioseo_notices":[],"_links":{"self":[{"href":"https:\/\/blogsaverroes.juntadeandalucia.es\/ceipnuestrasenoradebelen\/wp-json\/wp\/v2\/posts\/1728"}],"collection":[{"href":"https:\/\/blogsaverroes.juntadeandalucia.es\/ceipnuestrasenoradebelen\/wp-json\/wp\/v2\/posts"}],"about":[{"href":"https:\/\/blogsaverroes.juntadeandalucia.es\/ceipnuestrasenoradebelen\/wp-json\/wp\/v2\/types\/post"}],"author":[{"embeddable":true,"href":"https:\/\/blogsaverroes.juntadeandalucia.es\/ceipnuestrasenoradebelen\/wp-json\/wp\/v2\/users\/5528"}],"replies":[{"embeddable":true,"href":"https:\/\/blogsaverroes.juntadeandalucia.es\/ceipnuestrasenoradebelen\/wp-json\/wp\/v2\/comments?post=1728"}],"version-history":[{"count":2,"href":"https:\/\/blogsaverroes.juntadeandalucia.es\/ceipnuestrasenoradebelen\/wp-json\/wp\/v2\/posts\/1728\/revisions"}],"predecessor-version":[{"id":1730,"href":"https:\/\/blogsaverroes.juntadeandalucia.es\/ceipnuestrasenoradebelen\/wp-json\/wp\/v2\/posts\/1728\/revisions\/1730"}],"wp:featuredmedia":[{"embeddable":true,"href":"https:\/\/blogsaverroes.juntadeandalucia.es\/ceipnuestrasenoradebelen\/wp-json\/wp\/v2\/media\/1727"}],"wp:attachment":[{"href":"https:\/\/blogsaverroes.juntadeandalucia.es\/ceipnuestrasenoradebelen\/wp-json\/wp\/v2\/media?parent=1728"}],"wp:term":[{"taxonomy":"category","embeddable":true,"href":"https:\/\/blogsaverroes.juntadeandalucia.es\/ceipnuestrasenoradebelen\/wp-json\/wp\/v2\/categories?post=1728"},{"taxonomy":"post_tag","embeddable":true,"href":"https:\/\/blogsaverroes.juntadeandalucia.es\/ceipnuestrasenoradebelen\/wp-json\/wp\/v2\/tags?post=1728"}],"curies":[{"name":"wp","href":"https:\/\/api.w.org\/{rel}","templated":true}]}}