{"id":1889,"date":"2022-10-25T21:09:14","date_gmt":"2022-10-25T21:09:14","guid":{"rendered":"https:\/\/blogsaverroes.juntadeandalucia.es\/ceipnuestrasenoradebelen\/?p=1889"},"modified":"2022-10-25T21:16:16","modified_gmt":"2022-10-25T21:16:16","slug":"this-is-halloween","status":"publish","type":"post","link":"https:\/\/blogsaverroes.juntadeandalucia.es\/ceipnuestrasenoradebelen\/2022\/10\/25\/this-is-halloween\/","title":{"rendered":"THIS IS HALLOWEEN!"},"content":{"rendered":"<div class=\"x11i5rnm xat24cr x1mh8g0r x1vvkbs xtlvy1s x126k92a\">\n<div dir=\"auto\">Con motivo de la celebraci\u00f3n de Halloween, el pr\u00f3ximo lunes d\u00eda 31 de octubre desarrollaremos diferentes actividades festivas en nuestro centro educativo.<\/div>\n<div dir=\"auto\">&nbsp;<\/div>\n<\/div>\n<div class=\"x11i5rnm xat24cr x1mh8g0r x1vvkbs xtlvy1s x126k92a\">\n<div dir=\"auto\">El alumnado podr\u00e1 acudir disfrazado con tem\u00e1tica libre, siempre con car\u00e1cter voluntario, evitando portar objetos que puedan ser lesivos. Adem\u00e1s, desde el Programa de Innovaci\u00f3n Educativa Aldea, se propone la confecci\u00f3n de disfraces sostenibles con materiales reciclados, entreg\u00e1ndose un premio al m\u00e1s original, dise\u00f1ado e impreso en 3D. Tendr\u00e9is debida cuenta de todo lo que suceda gracias a nuestro photocall monstruoso. Del mismo modo, desde Creciendo en Salud, os invitamos a elaborar un desayuno terror\u00edfico saludable por ni\u00f1o\/a para su exhibici\u00f3n ante el grupo-clase y posterior degustaci\u00f3n.<\/div>\n<div dir=\"auto\">&nbsp;<\/div>\n<\/div>\n<div class=\"x11i5rnm xat24cr x1mh8g0r x1vvkbs xtlvy1s x126k92a\">\n<div dir=\"auto\">Por otro lado, se llevar\u00e1n a cabo tres talleres. En el primero de ellos, se contar\u00e1n \u00abHistorias de Halloween\u00bb que dar\u00e1n paso a una coreograf\u00eda musical. En el segundo, transformaremos a nuestros escolares gracias a diferentes dise\u00f1os realizados con maquillaje ecol\u00f3gico. En \u00faltimo lugar, terminaremos el d\u00eda llevando a cabo una serie de juegos al aire libre relacionados con esta tem\u00e1tica.<\/div>\n<div dir=\"auto\">&nbsp;<\/div>\n<\/div>\n<div class=\"x11i5rnm xat24cr x1mh8g0r x1vvkbs xtlvy1s x126k92a\">\n<div dir=\"auto\">\u00a1A disfrutar de un Halloween monstruosamente divertido!<\/div>\n<\/div>\n<div dir=\"auto\">&nbsp;<\/div>\n<div dir=\"auto\" style=\"text-align: left\"><a href=\"https:\/\/blogsaverroes.juntadeandalucia.es\/ceipnuestrasenoradebelen\/2022\/10\/25\/this-is-halloween\/orange-happy-halloween-banner\/\" rel=\"attachment wp-att-1895\"><img loading=\"lazy\" decoding=\"async\" class=\"alignnone size-medium wp-image-1895\" src=\"https:\/\/blogsaverroes.juntadeandalucia.es\/ceipnuestrasenoradebelen\/files\/2022\/10\/Orange-Happy-Halloween-Banner-300x150.png\" alt=\"\" width=\"300\" height=\"150\" srcset=\"https:\/\/blogsaverroes.juntadeandalucia.es\/ceipnuestrasenoradebelen\/files\/2022\/10\/Orange-Happy-Halloween-Banner-300x150.png 300w, https:\/\/blogsaverroes.juntadeandalucia.es\/ceipnuestrasenoradebelen\/files\/2022\/10\/Orange-Happy-Halloween-Banner-1024x512.png 1024w, https:\/\/blogsaverroes.juntadeandalucia.es\/ceipnuestrasenoradebelen\/files\/2022\/10\/Orange-Happy-Halloween-Banner-768x384.png 768w, https:\/\/blogsaverroes.juntadeandalucia.es\/ceipnuestrasenoradebelen\/files\/2022\/10\/Orange-Happy-Halloween-Banner-1536x768.png 1536w, https:\/\/blogsaverroes.juntadeandalucia.es\/ceipnuestrasenoradebelen\/files\/2022\/10\/Orange-Happy-Halloween-Banner-2048x1024.png 2048w, https:\/\/blogsaverroes.juntadeandalucia.es\/ceipnuestrasenoradebelen\/files\/2022\/10\/Orange-Happy-Halloween-Banner-700x350.png 700w, https:\/\/blogsaverroes.juntadeandalucia.es\/ceipnuestrasenoradebelen\/files\/2022\/10\/Orange-Happy-Halloween-Banner.png 1600w\" sizes=\"(max-width: 300px) 100vw, 300px\" \/><\/a><\/div>\n","protected":false},"excerpt":{"rendered":"<p>Con motivo de la celebraci\u00f3n de Halloween, el pr\u00f3ximo lunes d\u00eda 31 de octubre desarrollaremos diferentes actividades festivas en nuestro centro educativo. &nbsp; El alumnado podr\u00e1 acudir disfrazado con tem\u00e1tica libre, siempre con car\u00e1cter&#46;&#46;&#46;<\/p>\n","protected":false},"author":5528,"featured_media":1895,"comment_status":"open","ping_status":"open","sticky":false,"template":"","format":"standard","meta":{"ngg_post_thumbnail":0,"footnotes":""},"categories":[11909],"tags":[],"aioseo_notices":[],"_links":{"self":[{"href":"https:\/\/blogsaverroes.juntadeandalucia.es\/ceipnuestrasenoradebelen\/wp-json\/wp\/v2\/posts\/1889"}],"collection":[{"href":"https:\/\/blogsaverroes.juntadeandalucia.es\/ceipnuestrasenoradebelen\/wp-json\/wp\/v2\/posts"}],"about":[{"href":"https:\/\/blogsaverroes.juntadeandalucia.es\/ceipnuestrasenoradebelen\/wp-json\/wp\/v2\/types\/post"}],"author":[{"embeddable":true,"href":"https:\/\/blogsaverroes.juntadeandalucia.es\/ceipnuestrasenoradebelen\/wp-json\/wp\/v2\/users\/5528"}],"replies":[{"embeddable":true,"href":"https:\/\/blogsaverroes.juntadeandalucia.es\/ceipnuestrasenoradebelen\/wp-json\/wp\/v2\/comments?post=1889"}],"version-history":[{"count":5,"href":"https:\/\/blogsaverroes.juntadeandalucia.es\/ceipnuestrasenoradebelen\/wp-json\/wp\/v2\/posts\/1889\/revisions"}],"predecessor-version":[{"id":1896,"href":"https:\/\/blogsaverroes.juntadeandalucia.es\/ceipnuestrasenoradebelen\/wp-json\/wp\/v2\/posts\/1889\/revisions\/1896"}],"wp:featuredmedia":[{"embeddable":true,"href":"https:\/\/blogsaverroes.juntadeandalucia.es\/ceipnuestrasenoradebelen\/wp-json\/wp\/v2\/media\/1895"}],"wp:attachment":[{"href":"https:\/\/blogsaverroes.juntadeandalucia.es\/ceipnuestrasenoradebelen\/wp-json\/wp\/v2\/media?parent=1889"}],"wp:term":[{"taxonomy":"category","embeddable":true,"href":"https:\/\/blogsaverroes.juntadeandalucia.es\/ceipnuestrasenoradebelen\/wp-json\/wp\/v2\/categories?post=1889"},{"taxonomy":"post_tag","embeddable":true,"href":"https:\/\/blogsaverroes.juntadeandalucia.es\/ceipnuestrasenoradebelen\/wp-json\/wp\/v2\/tags?post=1889"}],"curies":[{"name":"wp","href":"https:\/\/api.w.org\/{rel}","templated":true}]}}