{"id":2057,"date":"2022-11-25T18:27:25","date_gmt":"2022-11-25T18:27:25","guid":{"rendered":"https:\/\/blogsaverroes.juntadeandalucia.es\/ceipnuestrasenoradebelen\/?p=2057"},"modified":"2022-11-25T22:37:58","modified_gmt":"2022-11-25T22:37:58","slug":"si-el-amor-aprieta-no-es-tu-talla","status":"publish","type":"post","link":"https:\/\/blogsaverroes.juntadeandalucia.es\/ceipnuestrasenoradebelen\/2022\/11\/25\/si-el-amor-aprieta-no-es-tu-talla\/","title":{"rendered":"SI EL AMOR APRIETA, NO ES TU TALLA"},"content":{"rendered":"<p>El <strong>D\u00eda Internacional de la Eliminaci\u00f3n de la Violencia contra la Mujer<\/strong> se celebra cada a\u00f1o el <strong>25 de noviembre&nbsp;<\/strong>para denunciar la violencia que se ejerce sobre las mujeres en todo el mundo y reclamar actuaciones para su erradicaci\u00f3n.<\/p>\n<p><a href=\"https:\/\/blogsaverroes.juntadeandalucia.es\/ceipnuestrasenoradebelen\/2022\/11\/25\/si-el-amor-aprieta-no-es-tu-talla\/blanco-negro-lunares-belleza-tarjeta-de-visita-1\/\" rel=\"attachment wp-att-2058\"><img loading=\"lazy\" decoding=\"async\" class=\"aligncenter wp-image-2058 size-large\" src=\"https:\/\/blogsaverroes.juntadeandalucia.es\/ceipnuestrasenoradebelen\/files\/2022\/11\/Blanco-Negro-Lunares-Belleza-Tarjeta-de-Visita-1-1024x585.png\" alt=\"\" width=\"660\" height=\"377\" srcset=\"https:\/\/blogsaverroes.juntadeandalucia.es\/ceipnuestrasenoradebelen\/files\/2022\/11\/Blanco-Negro-Lunares-Belleza-Tarjeta-de-Visita-1-1024x585.png 1024w, https:\/\/blogsaverroes.juntadeandalucia.es\/ceipnuestrasenoradebelen\/files\/2022\/11\/Blanco-Negro-Lunares-Belleza-Tarjeta-de-Visita-1-300x171.png 300w, https:\/\/blogsaverroes.juntadeandalucia.es\/ceipnuestrasenoradebelen\/files\/2022\/11\/Blanco-Negro-Lunares-Belleza-Tarjeta-de-Visita-1-768x439.png 768w, https:\/\/blogsaverroes.juntadeandalucia.es\/ceipnuestrasenoradebelen\/files\/2022\/11\/Blanco-Negro-Lunares-Belleza-Tarjeta-de-Visita-1-700x400.png 700w, https:\/\/blogsaverroes.juntadeandalucia.es\/ceipnuestrasenoradebelen\/files\/2022\/11\/Blanco-Negro-Lunares-Belleza-Tarjeta-de-Visita-1.png 1050w\" sizes=\"(max-width: 660px) 100vw, 660px\" \/><\/a><\/p>\n<p>En nuestro centro educativo hemos desarrollado una serie de actividades, auspiciadas todas ellas por nuestra coordinadora de Igualdad, do\u00f1a Paqui S\u00e1ez Pino, con el objetivo de dar a conocer los diferentes tipos y formas de violencia de g\u00e9nero, impulsar el rechazo hacia cualquier forma de violencia, prevenir las relaciones emocionales desiguales de control y dominio, valorando positivamente la igualdad personal y social como un elemento fundamental y promover los valores de respeto e igualdad de derechos para hombres y mujeres.<\/p>\n<p>As\u00ed, nuestro alumnado ha confeccionado margaritas contra la violencia, a partir de reflexiones en familia sobre comportamientos y maneras de actuar que favorecen una relaci\u00f3n sana, no solo amorosa, sino tambi\u00e9n entre amigos\/as, compa\u00f1eros\/as de clase o trabajo y familiares , y aquellos que fomentan una t\u00f3xica.<\/p>\n<p><a href=\"https:\/\/blogsaverroes.juntadeandalucia.es\/ceipnuestrasenoradebelen\/2022\/11\/25\/si-el-amor-aprieta-no-es-tu-talla\/margaritas\/\" rel=\"attachment wp-att-2062\"><img loading=\"lazy\" decoding=\"async\" class=\"aligncenter wp-image-2062 size-large\" src=\"https:\/\/blogsaverroes.juntadeandalucia.es\/ceipnuestrasenoradebelen\/files\/2022\/11\/MARGARITAS-1024x768.jpeg\" alt=\"\" width=\"660\" height=\"495\" srcset=\"https:\/\/blogsaverroes.juntadeandalucia.es\/ceipnuestrasenoradebelen\/files\/2022\/11\/MARGARITAS-1024x768.jpeg 1024w, https:\/\/blogsaverroes.juntadeandalucia.es\/ceipnuestrasenoradebelen\/files\/2022\/11\/MARGARITAS-300x225.jpeg 300w, https:\/\/blogsaverroes.juntadeandalucia.es\/ceipnuestrasenoradebelen\/files\/2022\/11\/MARGARITAS-768x576.jpeg 768w, https:\/\/blogsaverroes.juntadeandalucia.es\/ceipnuestrasenoradebelen\/files\/2022\/11\/MARGARITAS-1536x1152.jpeg 1536w, https:\/\/blogsaverroes.juntadeandalucia.es\/ceipnuestrasenoradebelen\/files\/2022\/11\/MARGARITAS-700x525.jpeg 700w, https:\/\/blogsaverroes.juntadeandalucia.es\/ceipnuestrasenoradebelen\/files\/2022\/11\/MARGARITAS.jpeg 1585w\" sizes=\"(max-width: 660px) 100vw, 660px\" \/><\/a><\/p>\n<p>Algunos de los mensajes en los <strong>p\u00e9talos&nbsp;\u201cMe quiere\u201d<\/strong>&nbsp;son los siguientes:<\/p>\n<ol>\n<li>Compartimos los problemas.<\/li>\n<li>Me acepta tal y como soy.<\/li>\n<li>Respeta mis opiniones.<\/li>\n<li>No me miente.<\/li>\n<li>Me apoya en lo que quiero hacer.<\/li>\n<li>Le gusta verme sonre\u00edr.<\/li>\n<li>Me anima a hacer cosas.<\/li>\n<li>Est\u00e1 conmigo en los momentos dif\u00edciles.<\/li>\n<li>Conf\u00eda en m\u00ed.<\/li>\n<li>Me anima a hacer cosas.<\/li>\n<\/ol>\n<p><a href=\"https:\/\/blogsaverroes.juntadeandalucia.es\/ceipnuestrasenoradebelen\/2022\/11\/25\/si-el-amor-aprieta-no-es-tu-talla\/whatsapp-image-2022-11-25-at-14-05-10\/\" rel=\"attachment wp-att-2059\"><img loading=\"lazy\" decoding=\"async\" class=\"aligncenter wp-image-2059 size-large\" src=\"https:\/\/blogsaverroes.juntadeandalucia.es\/ceipnuestrasenoradebelen\/files\/2022\/11\/WhatsApp-Image-2022-11-25-at-14.05.10-1024x766.jpeg\" alt=\"\" width=\"660\" height=\"494\" srcset=\"https:\/\/blogsaverroes.juntadeandalucia.es\/ceipnuestrasenoradebelen\/files\/2022\/11\/WhatsApp-Image-2022-11-25-at-14.05.10-1024x766.jpeg 1024w, https:\/\/blogsaverroes.juntadeandalucia.es\/ceipnuestrasenoradebelen\/files\/2022\/11\/WhatsApp-Image-2022-11-25-at-14.05.10-300x224.jpeg 300w, https:\/\/blogsaverroes.juntadeandalucia.es\/ceipnuestrasenoradebelen\/files\/2022\/11\/WhatsApp-Image-2022-11-25-at-14.05.10-768x575.jpeg 768w, https:\/\/blogsaverroes.juntadeandalucia.es\/ceipnuestrasenoradebelen\/files\/2022\/11\/WhatsApp-Image-2022-11-25-at-14.05.10-1536x1149.jpeg 1536w, https:\/\/blogsaverroes.juntadeandalucia.es\/ceipnuestrasenoradebelen\/files\/2022\/11\/WhatsApp-Image-2022-11-25-at-14.05.10-700x524.jpeg 700w, https:\/\/blogsaverroes.juntadeandalucia.es\/ceipnuestrasenoradebelen\/files\/2022\/11\/WhatsApp-Image-2022-11-25-at-14.05.10.jpeg 1600w\" sizes=\"(max-width: 660px) 100vw, 660px\" \/><\/a><\/p>\n<p>En los<strong> p\u00e9talos \u201cNo me quiere\u201d&nbsp;<\/strong><\/p>\n<ol>\n<li>Le molesta que est\u00e9 con otras personas.<\/li>\n<li>Me insulta.<\/li>\n<li>Me humilla.<\/li>\n<li>Me culpa de todo.<\/li>\n<li>Me trata mal.<\/li>\n<li>Me pega.<\/li>\n<li>Me grita.<\/li>\n<li>Tengo que darle explicaciones de todo lo que hago.<\/li>\n<li>Me controla.<\/li>\n<li>Mira mi m\u00f3vil.<\/li>\n<\/ol>\n<p>Tambi\u00e9n se ha elaborado un mural para sensibilizar contra esta lacra de nuestra sociedad.<br \/>\n<a href=\"https:\/\/blogsaverroes.juntadeandalucia.es\/ceipnuestrasenoradebelen\/2022\/11\/25\/si-el-amor-aprieta-no-es-tu-talla\/whatsapp-image-2022-11-25-at-19-24-16\/\" rel=\"attachment wp-att-2063\"><img loading=\"lazy\" decoding=\"async\" class=\"aligncenter wp-image-2063 size-large\" src=\"https:\/\/blogsaverroes.juntadeandalucia.es\/ceipnuestrasenoradebelen\/files\/2022\/11\/WhatsApp-Image-2022-11-25-at-19.24.16-1024x434.jpeg\" alt=\"\" width=\"660\" height=\"280\" srcset=\"https:\/\/blogsaverroes.juntadeandalucia.es\/ceipnuestrasenoradebelen\/files\/2022\/11\/WhatsApp-Image-2022-11-25-at-19.24.16-1024x434.jpeg 1024w, https:\/\/blogsaverroes.juntadeandalucia.es\/ceipnuestrasenoradebelen\/files\/2022\/11\/WhatsApp-Image-2022-11-25-at-19.24.16-300x127.jpeg 300w, https:\/\/blogsaverroes.juntadeandalucia.es\/ceipnuestrasenoradebelen\/files\/2022\/11\/WhatsApp-Image-2022-11-25-at-19.24.16-768x325.jpeg 768w, https:\/\/blogsaverroes.juntadeandalucia.es\/ceipnuestrasenoradebelen\/files\/2022\/11\/WhatsApp-Image-2022-11-25-at-19.24.16-1536x650.jpeg 1536w, https:\/\/blogsaverroes.juntadeandalucia.es\/ceipnuestrasenoradebelen\/files\/2022\/11\/WhatsApp-Image-2022-11-25-at-19.24.16-700x296.jpeg 700w, https:\/\/blogsaverroes.juntadeandalucia.es\/ceipnuestrasenoradebelen\/files\/2022\/11\/WhatsApp-Image-2022-11-25-at-19.24.16.jpeg 1600w\" sizes=\"(max-width: 660px) 100vw, 660px\" \/><\/a><\/p>\n","protected":false},"excerpt":{"rendered":"<p>El D\u00eda Internacional de la Eliminaci\u00f3n de la Violencia contra la Mujer se celebra cada a\u00f1o el 25 de noviembre&nbsp;para denunciar la violencia que se ejerce sobre las mujeres en todo el mundo y&#46;&#46;&#46;<\/p>\n","protected":false},"author":5528,"featured_media":2068,"comment_status":"open","ping_status":"open","sticky":false,"template":"","format":"standard","meta":{"ngg_post_thumbnail":0,"footnotes":""},"categories":[11909],"tags":[],"aioseo_notices":[],"_links":{"self":[{"href":"https:\/\/blogsaverroes.juntadeandalucia.es\/ceipnuestrasenoradebelen\/wp-json\/wp\/v2\/posts\/2057"}],"collection":[{"href":"https:\/\/blogsaverroes.juntadeandalucia.es\/ceipnuestrasenoradebelen\/wp-json\/wp\/v2\/posts"}],"about":[{"href":"https:\/\/blogsaverroes.juntadeandalucia.es\/ceipnuestrasenoradebelen\/wp-json\/wp\/v2\/types\/post"}],"author":[{"embeddable":true,"href":"https:\/\/blogsaverroes.juntadeandalucia.es\/ceipnuestrasenoradebelen\/wp-json\/wp\/v2\/users\/5528"}],"replies":[{"embeddable":true,"href":"https:\/\/blogsaverroes.juntadeandalucia.es\/ceipnuestrasenoradebelen\/wp-json\/wp\/v2\/comments?post=2057"}],"version-history":[{"count":3,"href":"https:\/\/blogsaverroes.juntadeandalucia.es\/ceipnuestrasenoradebelen\/wp-json\/wp\/v2\/posts\/2057\/revisions"}],"predecessor-version":[{"id":2065,"href":"https:\/\/blogsaverroes.juntadeandalucia.es\/ceipnuestrasenoradebelen\/wp-json\/wp\/v2\/posts\/2057\/revisions\/2065"}],"wp:featuredmedia":[{"embeddable":true,"href":"https:\/\/blogsaverroes.juntadeandalucia.es\/ceipnuestrasenoradebelen\/wp-json\/wp\/v2\/media\/2068"}],"wp:attachment":[{"href":"https:\/\/blogsaverroes.juntadeandalucia.es\/ceipnuestrasenoradebelen\/wp-json\/wp\/v2\/media?parent=2057"}],"wp:term":[{"taxonomy":"category","embeddable":true,"href":"https:\/\/blogsaverroes.juntadeandalucia.es\/ceipnuestrasenoradebelen\/wp-json\/wp\/v2\/categories?post=2057"},{"taxonomy":"post_tag","embeddable":true,"href":"https:\/\/blogsaverroes.juntadeandalucia.es\/ceipnuestrasenoradebelen\/wp-json\/wp\/v2\/tags?post=2057"}],"curies":[{"name":"wp","href":"https:\/\/api.w.org\/{rel}","templated":true}]}}