{"id":2204,"date":"2023-01-17T21:54:13","date_gmt":"2023-01-17T21:54:13","guid":{"rendered":"https:\/\/blogsaverroes.juntadeandalucia.es\/ceipnuestrasenoradebelen\/?p=2204"},"modified":"2023-01-17T21:54:14","modified_gmt":"2023-01-17T21:54:14","slug":"jornada-de-difusion-erasmus-2023-la-internacionalizacion-en-los-centros-andaluces","status":"publish","type":"post","link":"https:\/\/blogsaverroes.juntadeandalucia.es\/ceipnuestrasenoradebelen\/2023\/01\/17\/jornada-de-difusion-erasmus-2023-la-internacionalizacion-en-los-centros-andaluces\/","title":{"rendered":"JORNADA DE DIFUSI\u00d3N ERASMUS+ 2023: LA INTERNACIONALIZACI\u00d3N EN LOS CENTROS ANDALUCES"},"content":{"rendered":"<div class=\"x11i5rnm xat24cr x1mh8g0r x1vvkbs xtlvy1s x126k92a\">\n<div dir=\"auto\">El <a class=\"x1i10hfl xjbqb8w x6umtig x1b1mbwd xaqea5y xav7gou x9f619 x1ypdohk xt0psk2 xe8uvvx xdj266r x11i5rnm xat24cr x1mh8g0r xexx8yu x4uap5 x18d9i69 xkhd6sd x16tdsg8 x1hl2dhg xggy1nq x1a2a7pz xt0b8zv x1qq9wsj xo1l8bm\" role=\"link\" href=\"https:\/\/www.facebook.com\/CENTROPROFESORADOJAEN?__cft__[0]=AZV7JkHko39W7N4ZOj-7xnEPzBanVOOceyjrcEjnQpEagOFwBvI-u-jSCcL0WJy1eIzmlkMjO8Gm26FBSblXGrXGU_YLarmc9ZOl5ryhUIqkT2zaao-XC4LL6WWAIQaUHL4ZaN8thEIot3R8QdL4De6x&amp;__tn__=-]K-R\"><span class=\"xt0psk2\">Centro del Profesorado de Ja\u00e9n<\/span><\/a> ha organizado en el d\u00eda de hoy unas jornadas con car\u00e1cter regional para difundir las oportunidades de internacionalizaci\u00f3n de los centros andaluces.<\/div>\n<\/div>\n<div dir=\"auto\" style=\"text-align: center\">&nbsp;<\/div>\n<div dir=\"auto\">&nbsp;<\/div>\n<div dir=\"auto\"><a href=\"https:\/\/blogsaverroes.juntadeandalucia.es\/ceipnuestrasenoradebelen\/2023\/01\/17\/jornada-de-difusion-erasmus-2023-la-internacionalizacion-en-los-centros-andaluces\/whatsapp-image-2023-01-17-at-22-30-53\/\" rel=\"attachment wp-att-2206\"><img loading=\"lazy\" decoding=\"async\" class=\"size-medium wp-image-2206 alignnone\" src=\"https:\/\/blogsaverroes.juntadeandalucia.es\/ceipnuestrasenoradebelen\/files\/2023\/01\/WhatsApp-Image-2023-01-17-at-22.30.53-300x225.jpeg\" alt=\"\" width=\"300\" height=\"225\" srcset=\"https:\/\/blogsaverroes.juntadeandalucia.es\/ceipnuestrasenoradebelen\/files\/2023\/01\/WhatsApp-Image-2023-01-17-at-22.30.53-300x225.jpeg 300w, https:\/\/blogsaverroes.juntadeandalucia.es\/ceipnuestrasenoradebelen\/files\/2023\/01\/WhatsApp-Image-2023-01-17-at-22.30.53-1024x768.jpeg 1024w, https:\/\/blogsaverroes.juntadeandalucia.es\/ceipnuestrasenoradebelen\/files\/2023\/01\/WhatsApp-Image-2023-01-17-at-22.30.53-768x576.jpeg 768w, https:\/\/blogsaverroes.juntadeandalucia.es\/ceipnuestrasenoradebelen\/files\/2023\/01\/WhatsApp-Image-2023-01-17-at-22.30.53-1536x1152.jpeg 1536w, https:\/\/blogsaverroes.juntadeandalucia.es\/ceipnuestrasenoradebelen\/files\/2023\/01\/WhatsApp-Image-2023-01-17-at-22.30.53-700x525.jpeg 700w, https:\/\/blogsaverroes.juntadeandalucia.es\/ceipnuestrasenoradebelen\/files\/2023\/01\/WhatsApp-Image-2023-01-17-at-22.30.53.jpeg 1600w\" sizes=\"(max-width: 300px) 100vw, 300px\" \/><\/a> <a href=\"https:\/\/blogsaverroes.juntadeandalucia.es\/ceipnuestrasenoradebelen\/2023\/01\/17\/jornada-de-difusion-erasmus-2023-la-internacionalizacion-en-los-centros-andaluces\/whatsapp-image-2023-01-17-at-22-30-52-2\/\" rel=\"attachment wp-att-2207\"><img loading=\"lazy\" decoding=\"async\" class=\"size-medium wp-image-2207 alignnone\" src=\"https:\/\/blogsaverroes.juntadeandalucia.es\/ceipnuestrasenoradebelen\/files\/2023\/01\/WhatsApp-Image-2023-01-17-at-22.30.52-2-300x225.jpeg\" alt=\"\" width=\"300\" height=\"225\" srcset=\"https:\/\/blogsaverroes.juntadeandalucia.es\/ceipnuestrasenoradebelen\/files\/2023\/01\/WhatsApp-Image-2023-01-17-at-22.30.52-2-300x225.jpeg 300w, https:\/\/blogsaverroes.juntadeandalucia.es\/ceipnuestrasenoradebelen\/files\/2023\/01\/WhatsApp-Image-2023-01-17-at-22.30.52-2-1024x768.jpeg 1024w, https:\/\/blogsaverroes.juntadeandalucia.es\/ceipnuestrasenoradebelen\/files\/2023\/01\/WhatsApp-Image-2023-01-17-at-22.30.52-2-768x576.jpeg 768w, https:\/\/blogsaverroes.juntadeandalucia.es\/ceipnuestrasenoradebelen\/files\/2023\/01\/WhatsApp-Image-2023-01-17-at-22.30.52-2-1536x1152.jpeg 1536w, https:\/\/blogsaverroes.juntadeandalucia.es\/ceipnuestrasenoradebelen\/files\/2023\/01\/WhatsApp-Image-2023-01-17-at-22.30.52-2-700x525.jpeg 700w, https:\/\/blogsaverroes.juntadeandalucia.es\/ceipnuestrasenoradebelen\/files\/2023\/01\/WhatsApp-Image-2023-01-17-at-22.30.52-2.jpeg 1600w\" sizes=\"(max-width: 300px) 100vw, 300px\" \/><\/a><\/div>\n<div dir=\"auto\">&nbsp;<\/div>\n<div class=\"x11i5rnm xat24cr x1mh8g0r x1vvkbs xtlvy1s x126k92a\">\n<div dir=\"auto\">Lo f\u00e1cil ser\u00eda comentar que la organizaci\u00f3n del evento ha sido impecable y que los conferenciantes y ponentes, entre ellos Andr\u00e9s Ajo, director de la Unidad de Educaci\u00f3n Escolar y de Personas Adultas del SEPIE (<a class=\"x1i10hfl xjbqb8w x6umtig x1b1mbwd xaqea5y xav7gou x9f619 x1ypdohk xt0psk2 xe8uvvx xdj266r x11i5rnm xat24cr x1mh8g0r xexx8yu x4uap5 x18d9i69 xkhd6sd x16tdsg8 x1hl2dhg xggy1nq x1a2a7pz xt0b8zv x1qq9wsj xo1l8bm\" role=\"link\" href=\"https:\/\/www.facebook.com\/ErasmusPlusSEPIE\/?__cft__[0]=AZV7JkHko39W7N4ZOj-7xnEPzBanVOOceyjrcEjnQpEagOFwBvI-u-jSCcL0WJy1eIzmlkMjO8Gm26FBSblXGrXGU_YLarmc9ZOl5ryhUIqkT2zaao-XC4LL6WWAIQaUHL4ZaN8thEIot3R8QdL4De6x&amp;__tn__=kK-R\"><span class=\"xt0psk2\">Servicio Espa\u00f1ol para la Internacionalizaci\u00f3n de la Educaci\u00f3n<\/span><\/a>) han sabido conectar con los participantes, generando mucho inter\u00e9s por los contenidos tratados, pero, en realidad, lo verdaderamente importante es que centros peque\u00f1os como el <a class=\"x1i10hfl xjbqb8w x6umtig x1b1mbwd xaqea5y xav7gou x9f619 x1ypdohk xt0psk2 xe8uvvx xdj266r x11i5rnm xat24cr x1mh8g0r xexx8yu x4uap5 x18d9i69 xkhd6sd x16tdsg8 x1hl2dhg xggy1nq x1a2a7pz xt0b8zv x1qq9wsj xo1l8bm\" role=\"link\" href=\"https:\/\/www.facebook.com\/ceipntrasradebelen?__cft__[0]=AZV7JkHko39W7N4ZOj-7xnEPzBanVOOceyjrcEjnQpEagOFwBvI-u-jSCcL0WJy1eIzmlkMjO8Gm26FBSblXGrXGU_YLarmc9ZOl5ryhUIqkT2zaao-XC4LL6WWAIQaUHL4ZaN8thEIot3R8QdL4De6x&amp;__tn__=-]K-R\"><span class=\"xt0psk2\">CEIP Nuestra Se\u00f1ora de Bel\u00e9n<\/span><\/a>, situados en un entorno rural con menos oportunidades, han contado con el empuje, apoyo, atenci\u00f3n, escucha y compa\u00f1\u00eda de un grupo de profesionales, al frente de los cuales se halla Domingo Ruiz, director del CEP de Ja\u00e9n, para cumplir sus sue\u00f1os y desarrollar hoy d\u00eda un proyecto de movilidad de corta duraci\u00f3n y estar a la espera de resultados de una solicitud de acreditaci\u00f3n Erasmus en Educaci\u00f3n Escolar.<\/div>\n<\/div>\n<div dir=\"auto\"><a href=\"https:\/\/blogsaverroes.juntadeandalucia.es\/ceipnuestrasenoradebelen\/2023\/01\/17\/jornada-de-difusion-erasmus-2023-la-internacionalizacion-en-los-centros-andaluces\/whatsapp-image-2023-01-17-at-22-32-12\/\" rel=\"attachment wp-att-2205\"><img loading=\"lazy\" decoding=\"async\" class=\"size-medium wp-image-2205 aligncenter\" src=\"https:\/\/blogsaverroes.juntadeandalucia.es\/ceipnuestrasenoradebelen\/files\/2023\/01\/WhatsApp-Image-2023-01-17-at-22.32.12-300x225.jpeg\" alt=\"\" width=\"300\" height=\"225\" srcset=\"https:\/\/blogsaverroes.juntadeandalucia.es\/ceipnuestrasenoradebelen\/files\/2023\/01\/WhatsApp-Image-2023-01-17-at-22.32.12-300x225.jpeg 300w, https:\/\/blogsaverroes.juntadeandalucia.es\/ceipnuestrasenoradebelen\/files\/2023\/01\/WhatsApp-Image-2023-01-17-at-22.32.12-1024x768.jpeg 1024w, https:\/\/blogsaverroes.juntadeandalucia.es\/ceipnuestrasenoradebelen\/files\/2023\/01\/WhatsApp-Image-2023-01-17-at-22.32.12-768x576.jpeg 768w, https:\/\/blogsaverroes.juntadeandalucia.es\/ceipnuestrasenoradebelen\/files\/2023\/01\/WhatsApp-Image-2023-01-17-at-22.32.12-1536x1152.jpeg 1536w, https:\/\/blogsaverroes.juntadeandalucia.es\/ceipnuestrasenoradebelen\/files\/2023\/01\/WhatsApp-Image-2023-01-17-at-22.32.12-700x525.jpeg 700w, https:\/\/blogsaverroes.juntadeandalucia.es\/ceipnuestrasenoradebelen\/files\/2023\/01\/WhatsApp-Image-2023-01-17-at-22.32.12.jpeg 1600w\" sizes=\"(max-width: 300px) 100vw, 300px\" \/><\/a><\/div>\n<div class=\"x11i5rnm xat24cr x1mh8g0r x1vvkbs xtlvy1s x126k92a\">\n<div dir=\"auto\">En definitiva, personas que cuidan de personas.<\/div>\n<\/div>\n<div dir=\"auto\"><a href=\"https:\/\/blogsaverroes.juntadeandalucia.es\/ceipnuestrasenoradebelen\/2023\/01\/17\/jornada-de-difusion-erasmus-2023-la-internacionalizacion-en-los-centros-andaluces\/jornadas-erasmus\/\" rel=\"attachment wp-att-2210\"><img loading=\"lazy\" decoding=\"async\" class=\"aligncenter size-medium wp-image-2210\" src=\"https:\/\/blogsaverroes.juntadeandalucia.es\/ceipnuestrasenoradebelen\/files\/2023\/01\/JORNADAS-ERASMUS-300x156.jpeg\" alt=\"\" width=\"300\" height=\"156\" srcset=\"https:\/\/blogsaverroes.juntadeandalucia.es\/ceipnuestrasenoradebelen\/files\/2023\/01\/JORNADAS-ERASMUS-300x156.jpeg 300w, https:\/\/blogsaverroes.juntadeandalucia.es\/ceipnuestrasenoradebelen\/files\/2023\/01\/JORNADAS-ERASMUS-1024x534.jpeg 1024w, https:\/\/blogsaverroes.juntadeandalucia.es\/ceipnuestrasenoradebelen\/files\/2023\/01\/JORNADAS-ERASMUS-768x400.jpeg 768w, https:\/\/blogsaverroes.juntadeandalucia.es\/ceipnuestrasenoradebelen\/files\/2023\/01\/JORNADAS-ERASMUS-1536x801.jpeg 1536w, https:\/\/blogsaverroes.juntadeandalucia.es\/ceipnuestrasenoradebelen\/files\/2023\/01\/JORNADAS-ERASMUS-700x365.jpeg 700w, https:\/\/blogsaverroes.juntadeandalucia.es\/ceipnuestrasenoradebelen\/files\/2023\/01\/JORNADAS-ERASMUS.jpeg 1600w\" sizes=\"(max-width: 300px) 100vw, 300px\" \/><\/a><\/div>\n<div class=\"x11i5rnm xat24cr x1mh8g0r x1vvkbs xtlvy1s x126k92a\">\n<div dir=\"auto\">&nbsp;<\/div>\n<\/div>\n<div class=\"x11i5rnm xat24cr x1mh8g0r x1vvkbs xtlvy1s x126k92a\">&nbsp;<\/div>\n<div>&nbsp;<\/div>\n<div>&nbsp;<\/div>\n","protected":false},"excerpt":{"rendered":"<p>El Centro del Profesorado de Ja\u00e9n ha organizado en el d\u00eda de hoy unas jornadas con car\u00e1cter regional para difundir las oportunidades de internacionalizaci\u00f3n de los centros andaluces. &nbsp; &nbsp; &nbsp; Lo f\u00e1cil ser\u00eda&#46;&#46;&#46;<\/p>\n","protected":false},"author":5528,"featured_media":2208,"comment_status":"open","ping_status":"open","sticky":false,"template":"","format":"standard","meta":{"ngg_post_thumbnail":0,"footnotes":""},"categories":[11909],"tags":[],"aioseo_notices":[],"_links":{"self":[{"href":"https:\/\/blogsaverroes.juntadeandalucia.es\/ceipnuestrasenoradebelen\/wp-json\/wp\/v2\/posts\/2204"}],"collection":[{"href":"https:\/\/blogsaverroes.juntadeandalucia.es\/ceipnuestrasenoradebelen\/wp-json\/wp\/v2\/posts"}],"about":[{"href":"https:\/\/blogsaverroes.juntadeandalucia.es\/ceipnuestrasenoradebelen\/wp-json\/wp\/v2\/types\/post"}],"author":[{"embeddable":true,"href":"https:\/\/blogsaverroes.juntadeandalucia.es\/ceipnuestrasenoradebelen\/wp-json\/wp\/v2\/users\/5528"}],"replies":[{"embeddable":true,"href":"https:\/\/blogsaverroes.juntadeandalucia.es\/ceipnuestrasenoradebelen\/wp-json\/wp\/v2\/comments?post=2204"}],"version-history":[{"count":2,"href":"https:\/\/blogsaverroes.juntadeandalucia.es\/ceipnuestrasenoradebelen\/wp-json\/wp\/v2\/posts\/2204\/revisions"}],"predecessor-version":[{"id":2212,"href":"https:\/\/blogsaverroes.juntadeandalucia.es\/ceipnuestrasenoradebelen\/wp-json\/wp\/v2\/posts\/2204\/revisions\/2212"}],"wp:featuredmedia":[{"embeddable":true,"href":"https:\/\/blogsaverroes.juntadeandalucia.es\/ceipnuestrasenoradebelen\/wp-json\/wp\/v2\/media\/2208"}],"wp:attachment":[{"href":"https:\/\/blogsaverroes.juntadeandalucia.es\/ceipnuestrasenoradebelen\/wp-json\/wp\/v2\/media?parent=2204"}],"wp:term":[{"taxonomy":"category","embeddable":true,"href":"https:\/\/blogsaverroes.juntadeandalucia.es\/ceipnuestrasenoradebelen\/wp-json\/wp\/v2\/categories?post=2204"},{"taxonomy":"post_tag","embeddable":true,"href":"https:\/\/blogsaverroes.juntadeandalucia.es\/ceipnuestrasenoradebelen\/wp-json\/wp\/v2\/tags?post=2204"}],"curies":[{"name":"wp","href":"https:\/\/api.w.org\/{rel}","templated":true}]}}