{"id":2313,"date":"2023-02-11T20:35:11","date_gmt":"2023-02-11T20:35:11","guid":{"rendered":"https:\/\/blogsaverroes.juntadeandalucia.es\/ceipnuestrasenoradebelen\/?p=2313"},"modified":"2023-02-11T20:50:23","modified_gmt":"2023-02-11T20:50:23","slug":"dia-internacional-de-la-mujer-y-la-nina-en-la-ciencia","status":"publish","type":"post","link":"https:\/\/blogsaverroes.juntadeandalucia.es\/ceipnuestrasenoradebelen\/2023\/02\/11\/dia-internacional-de-la-mujer-y-la-nina-en-la-ciencia\/","title":{"rendered":"D\u00cdA INTERNACIONAL DE LA MUJER Y LA NI\u00d1A EN LA CIENCIA"},"content":{"rendered":"<p>Con motivo del D\u00eda Internacional de la Mujer y la Ni\u00f1a en la Ciencia, celebrado hoy d\u00eda 11 de febrero de 2023, ayer desarrollamos un breakout educativo para aprender desde y con ciencia.<\/p>\n<p><a href=\"https:\/\/blogsaverroes.juntadeandalucia.es\/ceipnuestrasenoradebelen\/2023\/02\/11\/dia-internacional-de-la-mujer-y-la-nina-en-la-ciencia\/post-de-facebook-dia-de-la-mujer-y-la-nina-en-la-ciencia-dibujo-nina-alegre-fondo-naranja\/\" rel=\"attachment wp-att-2314\"><img loading=\"lazy\" decoding=\"async\" class=\"aligncenter wp-image-2314 size-full\" src=\"https:\/\/blogsaverroes.juntadeandalucia.es\/ceipnuestrasenoradebelen\/files\/2023\/02\/Post-de-Facebook-D\u00eda-de-la-mujer-y-la-ni\u00f1a-en-la-ciencia-dibujo-ni\u00f1a-alegre-fondo-naranja.png\" alt=\"\" width=\"940\" height=\"788\" srcset=\"https:\/\/blogsaverroes.juntadeandalucia.es\/ceipnuestrasenoradebelen\/files\/2023\/02\/Post-de-Facebook-D\u00eda-de-la-mujer-y-la-ni\u00f1a-en-la-ciencia-dibujo-ni\u00f1a-alegre-fondo-naranja.png 940w, https:\/\/blogsaverroes.juntadeandalucia.es\/ceipnuestrasenoradebelen\/files\/2023\/02\/Post-de-Facebook-D\u00eda-de-la-mujer-y-la-ni\u00f1a-en-la-ciencia-dibujo-ni\u00f1a-alegre-fondo-naranja-300x251.png 300w, https:\/\/blogsaverroes.juntadeandalucia.es\/ceipnuestrasenoradebelen\/files\/2023\/02\/Post-de-Facebook-D\u00eda-de-la-mujer-y-la-ni\u00f1a-en-la-ciencia-dibujo-ni\u00f1a-alegre-fondo-naranja-768x644.png 768w, https:\/\/blogsaverroes.juntadeandalucia.es\/ceipnuestrasenoradebelen\/files\/2023\/02\/Post-de-Facebook-D\u00eda-de-la-mujer-y-la-ni\u00f1a-en-la-ciencia-dibujo-ni\u00f1a-alegre-fondo-naranja-700x587.png 700w\" sizes=\"(max-width: 940px) 100vw, 940px\" \/><\/a><\/p>\n<div class=\"x11i5rnm xat24cr x1mh8g0r x1vvkbs xtlvy1s x126k92a\">\n<div dir=\"auto\">El <a class=\"x1i10hfl xjbqb8w x6umtig x1b1mbwd xaqea5y xav7gou x9f619 x1ypdohk xt0psk2 xe8uvvx xdj266r x11i5rnm xat24cr x1mh8g0r xexx8yu x4uap5 x18d9i69 xkhd6sd x16tdsg8 x1hl2dhg xggy1nq x1a2a7pz xt0b8zv x1qq9wsj xo1l8bm\" role=\"link\" href=\"https:\/\/www.facebook.com\/ceipntrasradebelen?__cft__[0]=AZVstHCy3RryASfP4k7AUmL5fmQl_foZljeoWIi6oWoNmxpGeBrDzFVLPff2PEx2g6An8O6QK33qJ10aI2h3sfZuHSeyuNklFGo5JkPTUZF2FB8_LdkXwfQyalXSGy1srHYHI0vH4xVn6MBo4GScLbmNsHSb_7lvCJzXPKihk6g4Jb7XZ7H6g-xQfkd69P306zo&amp;__tn__=-]K-R\"><span class=\"xt0psk2\">CEIP Nuestra Se\u00f1ora de Bel\u00e9n<\/span><\/a> est\u00e1 enmarcado dentro de la metodolog\u00eda STEAM, t\u00e9rmino que proviene de sus siglas en ingl\u00e9s Science, Technology, Engineering, Art and Mathematics, es decir, Ciencia, Tecnolog\u00eda, Ingenier\u00eda, Arte y Matem\u00e1ticas, gracias a su participaci\u00f3n en los programas para la innovaci\u00f3n educativa STEAM: Pensamiento Computacional y Rob\u00f3tica aplicada al aula y en el programa Erasmus+ de la Uni\u00f3n Europea, promoviendo, as\u00ed, la cultura de pensamiento cient\u00edfico, que facilita y permite la adquisici\u00f3n de conocimientos, conceptos y contenidos tecnol\u00f3gicos y cient\u00edficos, trabajando por competencias, actitudes y comportamientos concretos como el trabajo en equipo, la competencia digital, la iniciativa personal y la toma de decisiones.<\/div>\n<\/div>\n<div dir=\"auto\">&nbsp;<\/div>\n<div dir=\"auto\"><a href=\"https:\/\/blogsaverroes.juntadeandalucia.es\/ceipnuestrasenoradebelen\/2023\/02\/11\/dia-internacional-de-la-mujer-y-la-nina-en-la-ciencia\/whatsapp-image-2023-02-11-at-20-03-32-1\/\" rel=\"attachment wp-att-2318\"><img loading=\"lazy\" decoding=\"async\" class=\"size-medium wp-image-2318 alignnone\" src=\"https:\/\/blogsaverroes.juntadeandalucia.es\/ceipnuestrasenoradebelen\/files\/2023\/02\/WhatsApp-Image-2023-02-11-at-20.03.32-1-300x225.jpeg\" alt=\"\" width=\"300\" height=\"225\" srcset=\"https:\/\/blogsaverroes.juntadeandalucia.es\/ceipnuestrasenoradebelen\/files\/2023\/02\/WhatsApp-Image-2023-02-11-at-20.03.32-1-300x225.jpeg 300w, https:\/\/blogsaverroes.juntadeandalucia.es\/ceipnuestrasenoradebelen\/files\/2023\/02\/WhatsApp-Image-2023-02-11-at-20.03.32-1-1024x768.jpeg 1024w, https:\/\/blogsaverroes.juntadeandalucia.es\/ceipnuestrasenoradebelen\/files\/2023\/02\/WhatsApp-Image-2023-02-11-at-20.03.32-1-768x576.jpeg 768w, https:\/\/blogsaverroes.juntadeandalucia.es\/ceipnuestrasenoradebelen\/files\/2023\/02\/WhatsApp-Image-2023-02-11-at-20.03.32-1-1536x1152.jpeg 1536w, https:\/\/blogsaverroes.juntadeandalucia.es\/ceipnuestrasenoradebelen\/files\/2023\/02\/WhatsApp-Image-2023-02-11-at-20.03.32-1-700x525.jpeg 700w, https:\/\/blogsaverroes.juntadeandalucia.es\/ceipnuestrasenoradebelen\/files\/2023\/02\/WhatsApp-Image-2023-02-11-at-20.03.32-1.jpeg 1600w\" sizes=\"(max-width: 300px) 100vw, 300px\" \/><\/a> <a href=\"https:\/\/blogsaverroes.juntadeandalucia.es\/ceipnuestrasenoradebelen\/2023\/02\/11\/dia-internacional-de-la-mujer-y-la-nina-en-la-ciencia\/whatsapp-image-2023-02-11-at-19-36-10\/\" rel=\"attachment wp-att-2322\"><img loading=\"lazy\" decoding=\"async\" class=\"size-medium wp-image-2322 alignnone\" src=\"https:\/\/blogsaverroes.juntadeandalucia.es\/ceipnuestrasenoradebelen\/files\/2023\/02\/WhatsApp-Image-2023-02-11-at-19.36.10-300x224.jpeg\" alt=\"\" width=\"300\" height=\"224\" srcset=\"https:\/\/blogsaverroes.juntadeandalucia.es\/ceipnuestrasenoradebelen\/files\/2023\/02\/WhatsApp-Image-2023-02-11-at-19.36.10-300x224.jpeg 300w, https:\/\/blogsaverroes.juntadeandalucia.es\/ceipnuestrasenoradebelen\/files\/2023\/02\/WhatsApp-Image-2023-02-11-at-19.36.10-1024x766.jpeg 1024w, https:\/\/blogsaverroes.juntadeandalucia.es\/ceipnuestrasenoradebelen\/files\/2023\/02\/WhatsApp-Image-2023-02-11-at-19.36.10-768x575.jpeg 768w, https:\/\/blogsaverroes.juntadeandalucia.es\/ceipnuestrasenoradebelen\/files\/2023\/02\/WhatsApp-Image-2023-02-11-at-19.36.10-1536x1149.jpeg 1536w, https:\/\/blogsaverroes.juntadeandalucia.es\/ceipnuestrasenoradebelen\/files\/2023\/02\/WhatsApp-Image-2023-02-11-at-19.36.10-700x524.jpeg 700w, https:\/\/blogsaverroes.juntadeandalucia.es\/ceipnuestrasenoradebelen\/files\/2023\/02\/WhatsApp-Image-2023-02-11-at-19.36.10.jpeg 1600w\" sizes=\"(max-width: 300px) 100vw, 300px\" \/><\/a><\/div>\n<div class=\"x11i5rnm xat24cr x1mh8g0r x1vvkbs xtlvy1s x126k92a\">\n<div dir=\"auto\">&nbsp;<\/div>\n<\/div>\n<div class=\"x11i5rnm xat24cr x1mh8g0r x1vvkbs xtlvy1s x126k92a\">\n<div dir=\"auto\">El uso de esta metodolog\u00eda es eminentemente pr\u00e1ctico y el alumnado trabaja de forma aplicada y real a trav\u00e9s de la experimentaci\u00f3n directa y de la puesta en pr\u00e1ctica del ensayo-error.<\/div>\n<\/div>\n<div dir=\"auto\">&nbsp;<\/div>\n<div dir=\"auto\">Pero, \u00bfqu\u00e9 es un breakout educativo? Pues es un juego de ocio que consiste en una aventura y experiencia ludificada f\u00edsica y mental cuyo objetivo es solucionar enigmas, pruebas, retos y problemas, esto es, una forma de aprender disfrutando y divirti\u00e9ndonos.&nbsp;<\/div>\n<div dir=\"auto\">&nbsp;<\/div>\n<div dir=\"auto\"><a href=\"https:\/\/blogsaverroes.juntadeandalucia.es\/ceipnuestrasenoradebelen\/2023\/02\/11\/dia-internacional-de-la-mujer-y-la-nina-en-la-ciencia\/whatsapp-image-2023-02-11-at-19-36-07\/\" rel=\"attachment wp-att-2324\"><img loading=\"lazy\" decoding=\"async\" class=\"size-medium wp-image-2324 alignnone\" src=\"https:\/\/blogsaverroes.juntadeandalucia.es\/ceipnuestrasenoradebelen\/files\/2023\/02\/WhatsApp-Image-2023-02-11-at-19.36.07-224x300.jpeg\" alt=\"\" width=\"224\" height=\"300\" srcset=\"https:\/\/blogsaverroes.juntadeandalucia.es\/ceipnuestrasenoradebelen\/files\/2023\/02\/WhatsApp-Image-2023-02-11-at-19.36.07-224x300.jpeg 224w, https:\/\/blogsaverroes.juntadeandalucia.es\/ceipnuestrasenoradebelen\/files\/2023\/02\/WhatsApp-Image-2023-02-11-at-19.36.07-766x1024.jpeg 766w, https:\/\/blogsaverroes.juntadeandalucia.es\/ceipnuestrasenoradebelen\/files\/2023\/02\/WhatsApp-Image-2023-02-11-at-19.36.07-768x1027.jpeg 768w, https:\/\/blogsaverroes.juntadeandalucia.es\/ceipnuestrasenoradebelen\/files\/2023\/02\/WhatsApp-Image-2023-02-11-at-19.36.07-1149x1536.jpeg 1149w, https:\/\/blogsaverroes.juntadeandalucia.es\/ceipnuestrasenoradebelen\/files\/2023\/02\/WhatsApp-Image-2023-02-11-at-19.36.07-700x936.jpeg 700w, https:\/\/blogsaverroes.juntadeandalucia.es\/ceipnuestrasenoradebelen\/files\/2023\/02\/WhatsApp-Image-2023-02-11-at-19.36.07.jpeg 1197w\" sizes=\"(max-width: 224px) 100vw, 224px\" \/><\/a><a href=\"https:\/\/blogsaverroes.juntadeandalucia.es\/ceipnuestrasenoradebelen\/2023\/02\/11\/dia-internacional-de-la-mujer-y-la-nina-en-la-ciencia\/whatsapp-image-2023-02-11-at-19-36-09-3\/\" rel=\"attachment wp-att-2320\"><img loading=\"lazy\" decoding=\"async\" class=\"size-medium wp-image-2320 alignnone\" src=\"https:\/\/blogsaverroes.juntadeandalucia.es\/ceipnuestrasenoradebelen\/files\/2023\/02\/WhatsApp-Image-2023-02-11-at-19.36.09-3-224x300.jpeg\" alt=\"\" width=\"224\" height=\"300\" srcset=\"https:\/\/blogsaverroes.juntadeandalucia.es\/ceipnuestrasenoradebelen\/files\/2023\/02\/WhatsApp-Image-2023-02-11-at-19.36.09-3-224x300.jpeg 224w, https:\/\/blogsaverroes.juntadeandalucia.es\/ceipnuestrasenoradebelen\/files\/2023\/02\/WhatsApp-Image-2023-02-11-at-19.36.09-3-766x1024.jpeg 766w, https:\/\/blogsaverroes.juntadeandalucia.es\/ceipnuestrasenoradebelen\/files\/2023\/02\/WhatsApp-Image-2023-02-11-at-19.36.09-3-768x1027.jpeg 768w, https:\/\/blogsaverroes.juntadeandalucia.es\/ceipnuestrasenoradebelen\/files\/2023\/02\/WhatsApp-Image-2023-02-11-at-19.36.09-3-1149x1536.jpeg 1149w, https:\/\/blogsaverroes.juntadeandalucia.es\/ceipnuestrasenoradebelen\/files\/2023\/02\/WhatsApp-Image-2023-02-11-at-19.36.09-3-700x936.jpeg 700w, https:\/\/blogsaverroes.juntadeandalucia.es\/ceipnuestrasenoradebelen\/files\/2023\/02\/WhatsApp-Image-2023-02-11-at-19.36.09-3.jpeg 1197w\" sizes=\"(max-width: 224px) 100vw, 224px\" \/><\/a><\/div>\n<div dir=\"auto\">&nbsp;<\/div>\n<div dir=\"auto\">\n<p>Somos muy conscientes de que es necesario un cambio metodol\u00f3gico en la ense\u00f1anza y creemos en la necesidad de aplicar nuevas herramientas &nbsp;educativas que&nbsp; mejoren&nbsp; el rendimiento&nbsp; de nuestros alumnos y alumnas. Esto es posible gracias a usar herramientas innovadoras y nuevas estrategias que nos contribuyen ostensiblemente a aumentar la motivaci\u00f3n y promover la participaci\u00f3n.<\/p>\n<p><a href=\"https:\/\/blogsaverroes.juntadeandalucia.es\/ceipnuestrasenoradebelen\/2023\/02\/11\/dia-internacional-de-la-mujer-y-la-nina-en-la-ciencia\/whatsapp-image-2023-02-11-at-19-35-44\/\" rel=\"attachment wp-att-2325\"><img loading=\"lazy\" decoding=\"async\" class=\"size-medium wp-image-2325 alignnone\" src=\"https:\/\/blogsaverroes.juntadeandalucia.es\/ceipnuestrasenoradebelen\/files\/2023\/02\/WhatsApp-Image-2023-02-11-at-19.35.44-300x224.jpeg\" alt=\"\" width=\"300\" height=\"224\" srcset=\"https:\/\/blogsaverroes.juntadeandalucia.es\/ceipnuestrasenoradebelen\/files\/2023\/02\/WhatsApp-Image-2023-02-11-at-19.35.44-300x224.jpeg 300w, https:\/\/blogsaverroes.juntadeandalucia.es\/ceipnuestrasenoradebelen\/files\/2023\/02\/WhatsApp-Image-2023-02-11-at-19.35.44-1024x766.jpeg 1024w, https:\/\/blogsaverroes.juntadeandalucia.es\/ceipnuestrasenoradebelen\/files\/2023\/02\/WhatsApp-Image-2023-02-11-at-19.35.44-768x575.jpeg 768w, https:\/\/blogsaverroes.juntadeandalucia.es\/ceipnuestrasenoradebelen\/files\/2023\/02\/WhatsApp-Image-2023-02-11-at-19.35.44-1536x1149.jpeg 1536w, https:\/\/blogsaverroes.juntadeandalucia.es\/ceipnuestrasenoradebelen\/files\/2023\/02\/WhatsApp-Image-2023-02-11-at-19.35.44-700x524.jpeg 700w, https:\/\/blogsaverroes.juntadeandalucia.es\/ceipnuestrasenoradebelen\/files\/2023\/02\/WhatsApp-Image-2023-02-11-at-19.35.44.jpeg 1600w\" sizes=\"(max-width: 300px) 100vw, 300px\" \/><\/a><a href=\"https:\/\/blogsaverroes.juntadeandalucia.es\/ceipnuestrasenoradebelen\/2023\/02\/11\/dia-internacional-de-la-mujer-y-la-nina-en-la-ciencia\/whatsapp-image-2023-02-11-at-19-35-41\/\" rel=\"attachment wp-att-2326\"><img loading=\"lazy\" decoding=\"async\" class=\"size-medium wp-image-2326 alignnone\" src=\"https:\/\/blogsaverroes.juntadeandalucia.es\/ceipnuestrasenoradebelen\/files\/2023\/02\/WhatsApp-Image-2023-02-11-at-19.35.41-300x224.jpeg\" alt=\"\" width=\"300\" height=\"224\" srcset=\"https:\/\/blogsaverroes.juntadeandalucia.es\/ceipnuestrasenoradebelen\/files\/2023\/02\/WhatsApp-Image-2023-02-11-at-19.35.41-300x224.jpeg 300w, https:\/\/blogsaverroes.juntadeandalucia.es\/ceipnuestrasenoradebelen\/files\/2023\/02\/WhatsApp-Image-2023-02-11-at-19.35.41-1024x766.jpeg 1024w, https:\/\/blogsaverroes.juntadeandalucia.es\/ceipnuestrasenoradebelen\/files\/2023\/02\/WhatsApp-Image-2023-02-11-at-19.35.41-768x575.jpeg 768w, https:\/\/blogsaverroes.juntadeandalucia.es\/ceipnuestrasenoradebelen\/files\/2023\/02\/WhatsApp-Image-2023-02-11-at-19.35.41-1536x1149.jpeg 1536w, https:\/\/blogsaverroes.juntadeandalucia.es\/ceipnuestrasenoradebelen\/files\/2023\/02\/WhatsApp-Image-2023-02-11-at-19.35.41-700x524.jpeg 700w, https:\/\/blogsaverroes.juntadeandalucia.es\/ceipnuestrasenoradebelen\/files\/2023\/02\/WhatsApp-Image-2023-02-11-at-19.35.41.jpeg 1600w\" sizes=\"(max-width: 300px) 100vw, 300px\" \/><\/a><\/p>\n<p>Algunas caracter\u00edsticas y beneficios de usar un&nbsp;<em>breakout&nbsp;<\/em>educativo son:<\/p>\n<ul>\n<li>El alumnado se convierte en el protagonista de su proceso de aprendizaje a trav\u00e9s de un proceso l\u00fadico motivador.<\/li>\n<li>Se adec\u00faa f\u00e1cilmente a cualquier contenido curricular, posibilitando el trabajo con herramientas digitales variadas para la mejora de la competencia digital del alumnado.<\/li>\n<li>Plantea retos ante los que se debe perseverar, despertando emociones positivas diversas: alegr\u00eda, curiosidad, felicidad, sorpresa, euforia, entusiasmo, etc.<\/li>\n<li>Desarrolla el pensamiento deductivo, cr\u00edtico y la habilidad para resolver problemas.<\/li>\n<li>Promueve la colaboraci\u00f3n, el trabajo en equipo y el aprendizaje cooperativo, a\u00fan trabajando bajo presi\u00f3n.<\/li>\n<\/ul>\n<\/div>\n","protected":false},"excerpt":{"rendered":"<p>Con motivo del D\u00eda Internacional de la Mujer y la Ni\u00f1a en la Ciencia, celebrado hoy d\u00eda 11 de febrero de 2023, ayer desarrollamos un breakout educativo para aprender desde y con ciencia. El&#46;&#46;&#46;<\/p>\n","protected":false},"author":5528,"featured_media":2315,"comment_status":"open","ping_status":"open","sticky":false,"template":"","format":"standard","meta":{"ngg_post_thumbnail":0,"footnotes":""},"categories":[11909],"tags":[],"aioseo_notices":[],"_links":{"self":[{"href":"https:\/\/blogsaverroes.juntadeandalucia.es\/ceipnuestrasenoradebelen\/wp-json\/wp\/v2\/posts\/2313"}],"collection":[{"href":"https:\/\/blogsaverroes.juntadeandalucia.es\/ceipnuestrasenoradebelen\/wp-json\/wp\/v2\/posts"}],"about":[{"href":"https:\/\/blogsaverroes.juntadeandalucia.es\/ceipnuestrasenoradebelen\/wp-json\/wp\/v2\/types\/post"}],"author":[{"embeddable":true,"href":"https:\/\/blogsaverroes.juntadeandalucia.es\/ceipnuestrasenoradebelen\/wp-json\/wp\/v2\/users\/5528"}],"replies":[{"embeddable":true,"href":"https:\/\/blogsaverroes.juntadeandalucia.es\/ceipnuestrasenoradebelen\/wp-json\/wp\/v2\/comments?post=2313"}],"version-history":[{"count":4,"href":"https:\/\/blogsaverroes.juntadeandalucia.es\/ceipnuestrasenoradebelen\/wp-json\/wp\/v2\/posts\/2313\/revisions"}],"predecessor-version":[{"id":2327,"href":"https:\/\/blogsaverroes.juntadeandalucia.es\/ceipnuestrasenoradebelen\/wp-json\/wp\/v2\/posts\/2313\/revisions\/2327"}],"wp:featuredmedia":[{"embeddable":true,"href":"https:\/\/blogsaverroes.juntadeandalucia.es\/ceipnuestrasenoradebelen\/wp-json\/wp\/v2\/media\/2315"}],"wp:attachment":[{"href":"https:\/\/blogsaverroes.juntadeandalucia.es\/ceipnuestrasenoradebelen\/wp-json\/wp\/v2\/media?parent=2313"}],"wp:term":[{"taxonomy":"category","embeddable":true,"href":"https:\/\/blogsaverroes.juntadeandalucia.es\/ceipnuestrasenoradebelen\/wp-json\/wp\/v2\/categories?post=2313"},{"taxonomy":"post_tag","embeddable":true,"href":"https:\/\/blogsaverroes.juntadeandalucia.es\/ceipnuestrasenoradebelen\/wp-json\/wp\/v2\/tags?post=2313"}],"curies":[{"name":"wp","href":"https:\/\/api.w.org\/{rel}","templated":true}]}}