{"id":2352,"date":"2023-02-25T18:28:02","date_gmt":"2023-02-25T18:28:02","guid":{"rendered":"https:\/\/blogsaverroes.juntadeandalucia.es\/ceipnuestrasenoradebelen\/?p=2352"},"modified":"2023-02-25T18:31:44","modified_gmt":"2023-02-25T18:31:44","slug":"dia-de-andalucia-2","status":"publish","type":"post","link":"https:\/\/blogsaverroes.juntadeandalucia.es\/ceipnuestrasenoradebelen\/2023\/02\/25\/dia-de-andalucia-2\/","title":{"rendered":"D\u00cdA DE ANDALUC\u00cdA"},"content":{"rendered":"<div class=\"x11i5rnm xat24cr x1mh8g0r x1vvkbs xtlvy1s x126k92a\">\n<div dir=\"auto\">En las \u00faltimas semanas, do\u00f1a Margarita Montilla Garc\u00eda, maestra de Educaci\u00f3n F\u00edsica, ha dedicado las sesiones del \u00e1rea que imparte al tratamiento de los juegos populares por parte del alumnado de secundaria con el objeto de darlos a conocer al resto de compa\u00f1eros\/as del centro y disfrutar con su pr\u00e1ctica, aprovechando la celebraci\u00f3n adelantada del D\u00eda de Andaluc\u00eda.<\/div>\n<div dir=\"auto\">&nbsp;<\/div>\n<\/div>\n<div class=\"x11i5rnm xat24cr x1mh8g0r x1vvkbs xtlvy1s x126k92a\">\n<div dir=\"auto\">Esta iniciativa recupera as\u00ed la esencia del juego como agente socializador, de colaboraci\u00f3n, factor de desarrollo integral y potenciador de habilidades en nuestros ni\u00f1os y ni\u00f1as. Adem\u00e1s, promueve la conservaci\u00f3n de tradiciones culturales andaluzas en sucesivas generaciones.<\/div>\n<\/div>\n<div dir=\"auto\">&nbsp;<\/div>\n<div dir=\"auto\"><a href=\"https:\/\/blogsaverroes.juntadeandalucia.es\/ceipnuestrasenoradebelen\/2023\/02\/25\/dia-de-andalucia-2\/a9\/\" rel=\"attachment wp-att-2354\"><img loading=\"lazy\" decoding=\"async\" class=\"size-medium wp-image-2354 alignnone\" src=\"https:\/\/blogsaverroes.juntadeandalucia.es\/ceipnuestrasenoradebelen\/files\/2023\/02\/A9-300x225.jpg\" alt=\"\" width=\"300\" height=\"225\" srcset=\"https:\/\/blogsaverroes.juntadeandalucia.es\/ceipnuestrasenoradebelen\/files\/2023\/02\/A9-300x225.jpg 300w, https:\/\/blogsaverroes.juntadeandalucia.es\/ceipnuestrasenoradebelen\/files\/2023\/02\/A9-1024x768.jpg 1024w, https:\/\/blogsaverroes.juntadeandalucia.es\/ceipnuestrasenoradebelen\/files\/2023\/02\/A9-768x576.jpg 768w, https:\/\/blogsaverroes.juntadeandalucia.es\/ceipnuestrasenoradebelen\/files\/2023\/02\/A9-1536x1152.jpg 1536w, https:\/\/blogsaverroes.juntadeandalucia.es\/ceipnuestrasenoradebelen\/files\/2023\/02\/A9-700x525.jpg 700w, https:\/\/blogsaverroes.juntadeandalucia.es\/ceipnuestrasenoradebelen\/files\/2023\/02\/A9.jpg 1600w\" sizes=\"(max-width: 300px) 100vw, 300px\" \/><\/a> <a href=\"https:\/\/blogsaverroes.juntadeandalucia.es\/ceipnuestrasenoradebelen\/2023\/02\/25\/dia-de-andalucia-2\/a8\/\" rel=\"attachment wp-att-2355\"><img loading=\"lazy\" decoding=\"async\" class=\"size-medium wp-image-2355 alignnone\" src=\"https:\/\/blogsaverroes.juntadeandalucia.es\/ceipnuestrasenoradebelen\/files\/2023\/02\/A8-300x224.jpg\" alt=\"\" width=\"300\" height=\"224\" srcset=\"https:\/\/blogsaverroes.juntadeandalucia.es\/ceipnuestrasenoradebelen\/files\/2023\/02\/A8-300x224.jpg 300w, https:\/\/blogsaverroes.juntadeandalucia.es\/ceipnuestrasenoradebelen\/files\/2023\/02\/A8-1024x766.jpg 1024w, https:\/\/blogsaverroes.juntadeandalucia.es\/ceipnuestrasenoradebelen\/files\/2023\/02\/A8-768x575.jpg 768w, https:\/\/blogsaverroes.juntadeandalucia.es\/ceipnuestrasenoradebelen\/files\/2023\/02\/A8-1536x1149.jpg 1536w, https:\/\/blogsaverroes.juntadeandalucia.es\/ceipnuestrasenoradebelen\/files\/2023\/02\/A8-700x524.jpg 700w, https:\/\/blogsaverroes.juntadeandalucia.es\/ceipnuestrasenoradebelen\/files\/2023\/02\/A8.jpg 1600w\" sizes=\"(max-width: 300px) 100vw, 300px\" \/><\/a> <a href=\"https:\/\/blogsaverroes.juntadeandalucia.es\/ceipnuestrasenoradebelen\/2023\/02\/25\/dia-de-andalucia-2\/a7\/\" rel=\"attachment wp-att-2356\"><img loading=\"lazy\" decoding=\"async\" class=\"size-medium wp-image-2356 alignnone\" src=\"https:\/\/blogsaverroes.juntadeandalucia.es\/ceipnuestrasenoradebelen\/files\/2023\/02\/A7-300x224.jpg\" alt=\"\" width=\"300\" height=\"224\" srcset=\"https:\/\/blogsaverroes.juntadeandalucia.es\/ceipnuestrasenoradebelen\/files\/2023\/02\/A7-300x224.jpg 300w, https:\/\/blogsaverroes.juntadeandalucia.es\/ceipnuestrasenoradebelen\/files\/2023\/02\/A7-1024x766.jpg 1024w, https:\/\/blogsaverroes.juntadeandalucia.es\/ceipnuestrasenoradebelen\/files\/2023\/02\/A7-768x575.jpg 768w, https:\/\/blogsaverroes.juntadeandalucia.es\/ceipnuestrasenoradebelen\/files\/2023\/02\/A7-1536x1149.jpg 1536w, https:\/\/blogsaverroes.juntadeandalucia.es\/ceipnuestrasenoradebelen\/files\/2023\/02\/A7-700x524.jpg 700w, https:\/\/blogsaverroes.juntadeandalucia.es\/ceipnuestrasenoradebelen\/files\/2023\/02\/A7.jpg 1600w\" sizes=\"(max-width: 300px) 100vw, 300px\" \/><\/a> <a href=\"https:\/\/blogsaverroes.juntadeandalucia.es\/ceipnuestrasenoradebelen\/2023\/02\/25\/dia-de-andalucia-2\/a5\/\" rel=\"attachment wp-att-2357\"><img loading=\"lazy\" decoding=\"async\" class=\"size-medium wp-image-2357 alignnone\" src=\"https:\/\/blogsaverroes.juntadeandalucia.es\/ceipnuestrasenoradebelen\/files\/2023\/02\/A5-300x225.jpg\" alt=\"\" width=\"300\" height=\"225\" srcset=\"https:\/\/blogsaverroes.juntadeandalucia.es\/ceipnuestrasenoradebelen\/files\/2023\/02\/A5-300x225.jpg 300w, https:\/\/blogsaverroes.juntadeandalucia.es\/ceipnuestrasenoradebelen\/files\/2023\/02\/A5-1024x768.jpg 1024w, https:\/\/blogsaverroes.juntadeandalucia.es\/ceipnuestrasenoradebelen\/files\/2023\/02\/A5-768x576.jpg 768w, https:\/\/blogsaverroes.juntadeandalucia.es\/ceipnuestrasenoradebelen\/files\/2023\/02\/A5-1536x1152.jpg 1536w, https:\/\/blogsaverroes.juntadeandalucia.es\/ceipnuestrasenoradebelen\/files\/2023\/02\/A5-700x525.jpg 700w, https:\/\/blogsaverroes.juntadeandalucia.es\/ceipnuestrasenoradebelen\/files\/2023\/02\/A5.jpg 1600w\" sizes=\"(max-width: 300px) 100vw, 300px\" \/><\/a> <a href=\"https:\/\/blogsaverroes.juntadeandalucia.es\/ceipnuestrasenoradebelen\/2023\/02\/25\/dia-de-andalucia-2\/a4\/\" rel=\"attachment wp-att-2358\"><img loading=\"lazy\" decoding=\"async\" class=\"size-medium wp-image-2358 alignnone\" src=\"https:\/\/blogsaverroes.juntadeandalucia.es\/ceipnuestrasenoradebelen\/files\/2023\/02\/A4-300x225.jpg\" alt=\"\" width=\"300\" height=\"225\" srcset=\"https:\/\/blogsaverroes.juntadeandalucia.es\/ceipnuestrasenoradebelen\/files\/2023\/02\/A4-300x225.jpg 300w, https:\/\/blogsaverroes.juntadeandalucia.es\/ceipnuestrasenoradebelen\/files\/2023\/02\/A4-1024x768.jpg 1024w, https:\/\/blogsaverroes.juntadeandalucia.es\/ceipnuestrasenoradebelen\/files\/2023\/02\/A4-768x576.jpg 768w, https:\/\/blogsaverroes.juntadeandalucia.es\/ceipnuestrasenoradebelen\/files\/2023\/02\/A4-1536x1152.jpg 1536w, https:\/\/blogsaverroes.juntadeandalucia.es\/ceipnuestrasenoradebelen\/files\/2023\/02\/A4-700x525.jpg 700w, https:\/\/blogsaverroes.juntadeandalucia.es\/ceipnuestrasenoradebelen\/files\/2023\/02\/A4.jpg 1600w\" sizes=\"(max-width: 300px) 100vw, 300px\" \/><\/a> <a href=\"https:\/\/blogsaverroes.juntadeandalucia.es\/ceipnuestrasenoradebelen\/2023\/02\/25\/dia-de-andalucia-2\/a3\/\" rel=\"attachment wp-att-2359\"><img loading=\"lazy\" decoding=\"async\" class=\"size-medium wp-image-2359 alignnone\" src=\"https:\/\/blogsaverroes.juntadeandalucia.es\/ceipnuestrasenoradebelen\/files\/2023\/02\/A3-300x225.jpg\" alt=\"\" width=\"300\" height=\"225\" srcset=\"https:\/\/blogsaverroes.juntadeandalucia.es\/ceipnuestrasenoradebelen\/files\/2023\/02\/A3-300x225.jpg 300w, https:\/\/blogsaverroes.juntadeandalucia.es\/ceipnuestrasenoradebelen\/files\/2023\/02\/A3-768x576.jpg 768w, https:\/\/blogsaverroes.juntadeandalucia.es\/ceipnuestrasenoradebelen\/files\/2023\/02\/A3-700x525.jpg 700w, https:\/\/blogsaverroes.juntadeandalucia.es\/ceipnuestrasenoradebelen\/files\/2023\/02\/A3.jpg 960w\" sizes=\"(max-width: 300px) 100vw, 300px\" \/><\/a> <a href=\"https:\/\/blogsaverroes.juntadeandalucia.es\/ceipnuestrasenoradebelen\/2023\/02\/25\/dia-de-andalucia-2\/a2\/\" rel=\"attachment wp-att-2360\"><img loading=\"lazy\" decoding=\"async\" class=\"size-medium wp-image-2360 alignleft\" src=\"https:\/\/blogsaverroes.juntadeandalucia.es\/ceipnuestrasenoradebelen\/files\/2023\/02\/A2-300x225.jpg\" alt=\"\" width=\"300\" height=\"225\" srcset=\"https:\/\/blogsaverroes.juntadeandalucia.es\/ceipnuestrasenoradebelen\/files\/2023\/02\/A2-300x225.jpg 300w, https:\/\/blogsaverroes.juntadeandalucia.es\/ceipnuestrasenoradebelen\/files\/2023\/02\/A2-768x576.jpg 768w, https:\/\/blogsaverroes.juntadeandalucia.es\/ceipnuestrasenoradebelen\/files\/2023\/02\/A2-700x525.jpg 700w, https:\/\/blogsaverroes.juntadeandalucia.es\/ceipnuestrasenoradebelen\/files\/2023\/02\/A2.jpg 960w\" sizes=\"(max-width: 300px) 100vw, 300px\" \/><\/a><\/div>\n<div dir=\"auto\"><a href=\"https:\/\/blogsaverroes.juntadeandalucia.es\/ceipnuestrasenoradebelen\/2023\/02\/25\/dia-de-andalucia-2\/a1\/\" rel=\"attachment wp-att-2361\"><img loading=\"lazy\" decoding=\"async\" class=\"size-medium wp-image-2361 alignnone\" src=\"https:\/\/blogsaverroes.juntadeandalucia.es\/ceipnuestrasenoradebelen\/files\/2023\/02\/A1-300x300.jpg\" alt=\"\" width=\"300\" height=\"300\" srcset=\"https:\/\/blogsaverroes.juntadeandalucia.es\/ceipnuestrasenoradebelen\/files\/2023\/02\/A1-300x300.jpg 300w, https:\/\/blogsaverroes.juntadeandalucia.es\/ceipnuestrasenoradebelen\/files\/2023\/02\/A1-150x150.jpg 150w, https:\/\/blogsaverroes.juntadeandalucia.es\/ceipnuestrasenoradebelen\/files\/2023\/02\/A1-768x768.jpg 768w, https:\/\/blogsaverroes.juntadeandalucia.es\/ceipnuestrasenoradebelen\/files\/2023\/02\/A1-432x432.jpg 432w, https:\/\/blogsaverroes.juntadeandalucia.es\/ceipnuestrasenoradebelen\/files\/2023\/02\/A1-268x268.jpg 268w, https:\/\/blogsaverroes.juntadeandalucia.es\/ceipnuestrasenoradebelen\/files\/2023\/02\/A1-700x700.jpg 700w, https:\/\/blogsaverroes.juntadeandalucia.es\/ceipnuestrasenoradebelen\/files\/2023\/02\/A1.jpg 960w\" sizes=\"(max-width: 300px) 100vw, 300px\" \/><\/a><\/div>\n<div dir=\"auto\">&nbsp;<\/div>\n<div dir=\"auto\">\n<div class=\"x11i5rnm xat24cr x1mh8g0r x1vvkbs xtlvy1s x126k92a\">\n<div dir=\"auto\">Por otra parte, el alumnado de 1\u00b0de ESO, guiado por don Pablo Moraga, maestro del \u00e1rea de Computaci\u00f3n y Rob\u00f3tica, ha elaborado cuestionarios sobre Andaluc\u00eda, e incluso otros temas, con Scratch, para transmitir conocimientos relacionados con el vasto patrimonio cultural y art\u00edstico de una Comunidad Aut\u00f3noma que ha conquistado a millones de personas procedentes de todos los rincones del mundo.<\/div>\n<div dir=\"auto\">&nbsp;<\/div>\n<\/div>\n<div class=\"x11i5rnm xat24cr x1mh8g0r x1vvkbs xtlvy1s x126k92a\">\n<div dir=\"auto\">Al mismo tiempo, ha puesto en valor el aprendizaje entre iguales como metodolog\u00eda de trabajo motivadora que refuerza el aprendizaje propio y contribuye a la formaci\u00f3n y al \u00e9xito de nuestros escolares.<\/div>\n<\/div>\n<\/div>\n<div dir=\"auto\">&nbsp;<\/div>\n<div dir=\"auto\"><a href=\"https:\/\/blogsaverroes.juntadeandalucia.es\/ceipnuestrasenoradebelen\/2023\/02\/25\/dia-de-andalucia-2\/a16\/\" rel=\"attachment wp-att-2362\"><img loading=\"lazy\" decoding=\"async\" class=\"size-medium wp-image-2362 alignnone\" src=\"https:\/\/blogsaverroes.juntadeandalucia.es\/ceipnuestrasenoradebelen\/files\/2023\/02\/A16-300x256.jpg\" alt=\"\" width=\"300\" height=\"256\" srcset=\"https:\/\/blogsaverroes.juntadeandalucia.es\/ceipnuestrasenoradebelen\/files\/2023\/02\/A16-300x256.jpg 300w, https:\/\/blogsaverroes.juntadeandalucia.es\/ceipnuestrasenoradebelen\/files\/2023\/02\/A16-1024x873.jpg 1024w, https:\/\/blogsaverroes.juntadeandalucia.es\/ceipnuestrasenoradebelen\/files\/2023\/02\/A16-768x655.jpg 768w, https:\/\/blogsaverroes.juntadeandalucia.es\/ceipnuestrasenoradebelen\/files\/2023\/02\/A16-1536x1310.jpg 1536w, https:\/\/blogsaverroes.juntadeandalucia.es\/ceipnuestrasenoradebelen\/files\/2023\/02\/A16-700x597.jpg 700w, https:\/\/blogsaverroes.juntadeandalucia.es\/ceipnuestrasenoradebelen\/files\/2023\/02\/A16.jpg 1600w\" sizes=\"(max-width: 300px) 100vw, 300px\" \/><\/a> <a href=\"https:\/\/blogsaverroes.juntadeandalucia.es\/ceipnuestrasenoradebelen\/2023\/02\/25\/dia-de-andalucia-2\/a15\/\" rel=\"attachment wp-att-2363\"><img loading=\"lazy\" decoding=\"async\" class=\"size-medium wp-image-2363 alignnone\" src=\"https:\/\/blogsaverroes.juntadeandalucia.es\/ceipnuestrasenoradebelen\/files\/2023\/02\/A15-254x300.jpg\" alt=\"\" width=\"254\" height=\"300\" srcset=\"https:\/\/blogsaverroes.juntadeandalucia.es\/ceipnuestrasenoradebelen\/files\/2023\/02\/A15-254x300.jpg 254w, https:\/\/blogsaverroes.juntadeandalucia.es\/ceipnuestrasenoradebelen\/files\/2023\/02\/A15-866x1024.jpg 866w, https:\/\/blogsaverroes.juntadeandalucia.es\/ceipnuestrasenoradebelen\/files\/2023\/02\/A15-768x908.jpg 768w, https:\/\/blogsaverroes.juntadeandalucia.es\/ceipnuestrasenoradebelen\/files\/2023\/02\/A15-1299x1536.jpg 1299w, https:\/\/blogsaverroes.juntadeandalucia.es\/ceipnuestrasenoradebelen\/files\/2023\/02\/A15-700x828.jpg 700w, https:\/\/blogsaverroes.juntadeandalucia.es\/ceipnuestrasenoradebelen\/files\/2023\/02\/A15.jpg 1353w\" sizes=\"(max-width: 254px) 100vw, 254px\" \/><\/a> <a href=\"https:\/\/blogsaverroes.juntadeandalucia.es\/ceipnuestrasenoradebelen\/2023\/02\/25\/dia-de-andalucia-2\/a14\/\" rel=\"attachment wp-att-2364\"><img loading=\"lazy\" decoding=\"async\" class=\"size-medium wp-image-2364 alignnone\" src=\"https:\/\/blogsaverroes.juntadeandalucia.es\/ceipnuestrasenoradebelen\/files\/2023\/02\/A14-269x300.jpg\" alt=\"\" width=\"269\" height=\"300\" srcset=\"https:\/\/blogsaverroes.juntadeandalucia.es\/ceipnuestrasenoradebelen\/files\/2023\/02\/A14-269x300.jpg 269w, https:\/\/blogsaverroes.juntadeandalucia.es\/ceipnuestrasenoradebelen\/files\/2023\/02\/A14-919x1024.jpg 919w, https:\/\/blogsaverroes.juntadeandalucia.es\/ceipnuestrasenoradebelen\/files\/2023\/02\/A14-768x855.jpg 768w, https:\/\/blogsaverroes.juntadeandalucia.es\/ceipnuestrasenoradebelen\/files\/2023\/02\/A14-1379x1536.jpg 1379w, https:\/\/blogsaverroes.juntadeandalucia.es\/ceipnuestrasenoradebelen\/files\/2023\/02\/A14-700x780.jpg 700w, https:\/\/blogsaverroes.juntadeandalucia.es\/ceipnuestrasenoradebelen\/files\/2023\/02\/A14.jpg 1436w\" sizes=\"(max-width: 269px) 100vw, 269px\" \/><\/a> <a href=\"https:\/\/blogsaverroes.juntadeandalucia.es\/ceipnuestrasenoradebelen\/2023\/02\/25\/dia-de-andalucia-2\/a13\/\" rel=\"attachment wp-att-2365\"><img loading=\"lazy\" decoding=\"async\" class=\"size-medium wp-image-2365 alignnone\" src=\"https:\/\/blogsaverroes.juntadeandalucia.es\/ceipnuestrasenoradebelen\/files\/2023\/02\/A13-286x300.jpg\" alt=\"\" width=\"286\" height=\"300\" srcset=\"https:\/\/blogsaverroes.juntadeandalucia.es\/ceipnuestrasenoradebelen\/files\/2023\/02\/A13-286x300.jpg 286w, https:\/\/blogsaverroes.juntadeandalucia.es\/ceipnuestrasenoradebelen\/files\/2023\/02\/A13-976x1024.jpg 976w, https:\/\/blogsaverroes.juntadeandalucia.es\/ceipnuestrasenoradebelen\/files\/2023\/02\/A13-768x806.jpg 768w, https:\/\/blogsaverroes.juntadeandalucia.es\/ceipnuestrasenoradebelen\/files\/2023\/02\/A13-1463x1536.jpg 1463w, https:\/\/blogsaverroes.juntadeandalucia.es\/ceipnuestrasenoradebelen\/files\/2023\/02\/A13-700x735.jpg 700w, https:\/\/blogsaverroes.juntadeandalucia.es\/ceipnuestrasenoradebelen\/files\/2023\/02\/A13.jpg 1524w\" sizes=\"(max-width: 286px) 100vw, 286px\" \/><\/a> <a href=\"https:\/\/blogsaverroes.juntadeandalucia.es\/ceipnuestrasenoradebelen\/2023\/02\/25\/dia-de-andalucia-2\/a12\/\" rel=\"attachment wp-att-2366\"><img loading=\"lazy\" decoding=\"async\" class=\"size-medium wp-image-2366 alignnone\" src=\"https:\/\/blogsaverroes.juntadeandalucia.es\/ceipnuestrasenoradebelen\/files\/2023\/02\/A12-300x224.jpg\" alt=\"\" width=\"300\" height=\"224\" srcset=\"https:\/\/blogsaverroes.juntadeandalucia.es\/ceipnuestrasenoradebelen\/files\/2023\/02\/A12-300x224.jpg 300w, https:\/\/blogsaverroes.juntadeandalucia.es\/ceipnuestrasenoradebelen\/files\/2023\/02\/A12-1024x766.jpg 1024w, https:\/\/blogsaverroes.juntadeandalucia.es\/ceipnuestrasenoradebelen\/files\/2023\/02\/A12-768x575.jpg 768w, https:\/\/blogsaverroes.juntadeandalucia.es\/ceipnuestrasenoradebelen\/files\/2023\/02\/A12-1536x1149.jpg 1536w, https:\/\/blogsaverroes.juntadeandalucia.es\/ceipnuestrasenoradebelen\/files\/2023\/02\/A12-700x524.jpg 700w, https:\/\/blogsaverroes.juntadeandalucia.es\/ceipnuestrasenoradebelen\/files\/2023\/02\/A12.jpg 1600w\" sizes=\"(max-width: 300px) 100vw, 300px\" \/><\/a> <a href=\"https:\/\/blogsaverroes.juntadeandalucia.es\/ceipnuestrasenoradebelen\/2023\/02\/25\/dia-de-andalucia-2\/a11\/\" rel=\"attachment wp-att-2367\"><img loading=\"lazy\" decoding=\"async\" class=\"size-medium wp-image-2367 alignnone\" src=\"https:\/\/blogsaverroes.juntadeandalucia.es\/ceipnuestrasenoradebelen\/files\/2023\/02\/A11-300x251.jpg\" alt=\"\" width=\"300\" height=\"251\" srcset=\"https:\/\/blogsaverroes.juntadeandalucia.es\/ceipnuestrasenoradebelen\/files\/2023\/02\/A11-300x251.jpg 300w, https:\/\/blogsaverroes.juntadeandalucia.es\/ceipnuestrasenoradebelen\/files\/2023\/02\/A11-1024x856.jpg 1024w, https:\/\/blogsaverroes.juntadeandalucia.es\/ceipnuestrasenoradebelen\/files\/2023\/02\/A11-768x642.jpg 768w, https:\/\/blogsaverroes.juntadeandalucia.es\/ceipnuestrasenoradebelen\/files\/2023\/02\/A11-1536x1284.jpg 1536w, https:\/\/blogsaverroes.juntadeandalucia.es\/ceipnuestrasenoradebelen\/files\/2023\/02\/A11-700x585.jpg 700w, https:\/\/blogsaverroes.juntadeandalucia.es\/ceipnuestrasenoradebelen\/files\/2023\/02\/A11.jpg 1600w\" sizes=\"(max-width: 300px) 100vw, 300px\" \/><\/a><\/div>\n<div dir=\"auto\"><a href=\"https:\/\/blogsaverroes.juntadeandalucia.es\/ceipnuestrasenoradebelen\/2023\/02\/25\/dia-de-andalucia-2\/a10\/\" rel=\"attachment wp-att-2368\"><img loading=\"lazy\" decoding=\"async\" class=\"aligncenter size-medium wp-image-2368\" src=\"https:\/\/blogsaverroes.juntadeandalucia.es\/ceipnuestrasenoradebelen\/files\/2023\/02\/A10-300x238.jpg\" alt=\"\" width=\"300\" height=\"238\" srcset=\"https:\/\/blogsaverroes.juntadeandalucia.es\/ceipnuestrasenoradebelen\/files\/2023\/02\/A10-300x238.jpg 300w, https:\/\/blogsaverroes.juntadeandalucia.es\/ceipnuestrasenoradebelen\/files\/2023\/02\/A10-768x610.jpg 768w, https:\/\/blogsaverroes.juntadeandalucia.es\/ceipnuestrasenoradebelen\/files\/2023\/02\/A10-700x556.jpg 700w, https:\/\/blogsaverroes.juntadeandalucia.es\/ceipnuestrasenoradebelen\/files\/2023\/02\/A10.jpg 960w\" sizes=\"(max-width: 300px) 100vw, 300px\" \/><\/a><\/div>\n<div dir=\"auto\">Adem\u00e1s, el alumnado de Educaci\u00f3n Infantil nos ha encandilado, gracias a la labor realizada por sus tutoras, do\u00f1a Bel\u00e9n Mantas y do\u00f1a Amparo Polo, recitando una preciosas poes\u00edas sobre Andaluc\u00eda.<\/div>\n<div dir=\"auto\">&nbsp;<\/div>\n<div dir=\"auto\"><a href=\"https:\/\/blogsaverroes.juntadeandalucia.es\/ceipnuestrasenoradebelen\/2023\/02\/25\/dia-de-andalucia-2\/whatsapp-image-2023-02-25-at-19-07-14\/\" rel=\"attachment wp-att-2369\"><img loading=\"lazy\" decoding=\"async\" class=\"size-medium wp-image-2369 alignnone\" src=\"https:\/\/blogsaverroes.juntadeandalucia.es\/ceipnuestrasenoradebelen\/files\/2023\/02\/WhatsApp-Image-2023-02-25-at-19.07.14-300x147.jpeg\" alt=\"\" width=\"300\" height=\"147\" srcset=\"https:\/\/blogsaverroes.juntadeandalucia.es\/ceipnuestrasenoradebelen\/files\/2023\/02\/WhatsApp-Image-2023-02-25-at-19.07.14-300x147.jpeg 300w, https:\/\/blogsaverroes.juntadeandalucia.es\/ceipnuestrasenoradebelen\/files\/2023\/02\/WhatsApp-Image-2023-02-25-at-19.07.14-1024x502.jpeg 1024w, https:\/\/blogsaverroes.juntadeandalucia.es\/ceipnuestrasenoradebelen\/files\/2023\/02\/WhatsApp-Image-2023-02-25-at-19.07.14-768x376.jpeg 768w, https:\/\/blogsaverroes.juntadeandalucia.es\/ceipnuestrasenoradebelen\/files\/2023\/02\/WhatsApp-Image-2023-02-25-at-19.07.14-700x343.jpeg 700w, https:\/\/blogsaverroes.juntadeandalucia.es\/ceipnuestrasenoradebelen\/files\/2023\/02\/WhatsApp-Image-2023-02-25-at-19.07.14.jpeg 1080w\" sizes=\"(max-width: 300px) 100vw, 300px\" \/><\/a> <a href=\"https:\/\/blogsaverroes.juntadeandalucia.es\/ceipnuestrasenoradebelen\/2023\/02\/25\/dia-de-andalucia-2\/whatsapp-image-2023-02-25-at-19-06-31\/\" rel=\"attachment wp-att-2370\"><img loading=\"lazy\" decoding=\"async\" class=\"size-medium wp-image-2370 alignnone\" src=\"https:\/\/blogsaverroes.juntadeandalucia.es\/ceipnuestrasenoradebelen\/files\/2023\/02\/WhatsApp-Image-2023-02-25-at-19.06.31-300x168.jpeg\" alt=\"\" width=\"300\" height=\"168\" srcset=\"https:\/\/blogsaverroes.juntadeandalucia.es\/ceipnuestrasenoradebelen\/files\/2023\/02\/WhatsApp-Image-2023-02-25-at-19.06.31-300x168.jpeg 300w, https:\/\/blogsaverroes.juntadeandalucia.es\/ceipnuestrasenoradebelen\/files\/2023\/02\/WhatsApp-Image-2023-02-25-at-19.06.31-1024x574.jpeg 1024w, https:\/\/blogsaverroes.juntadeandalucia.es\/ceipnuestrasenoradebelen\/files\/2023\/02\/WhatsApp-Image-2023-02-25-at-19.06.31-768x430.jpeg 768w, https:\/\/blogsaverroes.juntadeandalucia.es\/ceipnuestrasenoradebelen\/files\/2023\/02\/WhatsApp-Image-2023-02-25-at-19.06.31-700x393.jpeg 700w, https:\/\/blogsaverroes.juntadeandalucia.es\/ceipnuestrasenoradebelen\/files\/2023\/02\/WhatsApp-Image-2023-02-25-at-19.06.31.jpeg 1080w\" sizes=\"(max-width: 300px) 100vw, 300px\" \/><\/a><\/div>\n<div dir=\"auto\">&nbsp;<\/div>\n<div dir=\"auto\">\n<p>En \u00faltimo lugar, do\u00f1a Caty Fuentes And\u00fajar, especialista en Educaci\u00f3n Art\u00edstica, y el alumnado de secundaria de nuestro centro educativo han escenificado diferentes coreograf\u00edas e interpretado el \u00abHimno de Andaluc\u00eda\u00bb, adem\u00e1s de las que relacionamos seguidamente:<\/p>\n<ul>\n<li><span class=\"S1PPyQ\">\u00abSoy andaluz\u00bb de Ecos del Roc\u00edo, interpretada por Juan Carlos y Adriana.<\/span><\/li>\n<li><span class=\"S1PPyQ\">\u00abAl-\u00c1ndalus\u00bb de David Bisbal, realizada por 2\u00ba ESO.<\/span><\/li>\n<li><span class=\"S1PPyQ\">\u00abH\u00e1blame del sur\u00bb de El Arrebato, efectuada por 1\u00ba ESO.<\/span><\/li>\n<\/ul>\n<p><a href=\"https:\/\/drive.google.com\/file\/d\/1Ggd1fYOEX3vXGo-eP0LZk_CzUwQpoYEA\/view?usp=sharing\" rel=\"attachment wp-att-2353\"><img loading=\"lazy\" decoding=\"async\" class=\"aligncenter wp-image-2353 size-large\" src=\"https:\/\/blogsaverroes.juntadeandalucia.es\/ceipnuestrasenoradebelen\/files\/2023\/02\/Blanco-Negro-Lunares-Belleza-Tarjeta-de-Visita-6-1024x585.png\" alt=\"\" width=\"660\" height=\"377\" srcset=\"https:\/\/blogsaverroes.juntadeandalucia.es\/ceipnuestrasenoradebelen\/files\/2023\/02\/Blanco-Negro-Lunares-Belleza-Tarjeta-de-Visita-6-1024x585.png 1024w, https:\/\/blogsaverroes.juntadeandalucia.es\/ceipnuestrasenoradebelen\/files\/2023\/02\/Blanco-Negro-Lunares-Belleza-Tarjeta-de-Visita-6-300x171.png 300w, https:\/\/blogsaverroes.juntadeandalucia.es\/ceipnuestrasenoradebelen\/files\/2023\/02\/Blanco-Negro-Lunares-Belleza-Tarjeta-de-Visita-6-768x439.png 768w, https:\/\/blogsaverroes.juntadeandalucia.es\/ceipnuestrasenoradebelen\/files\/2023\/02\/Blanco-Negro-Lunares-Belleza-Tarjeta-de-Visita-6-700x400.png 700w, https:\/\/blogsaverroes.juntadeandalucia.es\/ceipnuestrasenoradebelen\/files\/2023\/02\/Blanco-Negro-Lunares-Belleza-Tarjeta-de-Visita-6.png 1050w\" sizes=\"(max-width: 660px) 100vw, 660px\" \/><\/a><\/p>\n<\/div>\n","protected":false},"excerpt":{"rendered":"<p>En las \u00faltimas semanas, do\u00f1a Margarita Montilla Garc\u00eda, maestra de Educaci\u00f3n F\u00edsica, ha dedicado las sesiones del \u00e1rea que imparte al tratamiento de los juegos populares por parte del alumnado de secundaria con el&#46;&#46;&#46;<\/p>\n","protected":false},"author":5528,"featured_media":2373,"comment_status":"open","ping_status":"open","sticky":false,"template":"","format":"standard","meta":{"ngg_post_thumbnail":0,"footnotes":""},"categories":[11909],"tags":[],"aioseo_notices":[],"_links":{"self":[{"href":"https:\/\/blogsaverroes.juntadeandalucia.es\/ceipnuestrasenoradebelen\/wp-json\/wp\/v2\/posts\/2352"}],"collection":[{"href":"https:\/\/blogsaverroes.juntadeandalucia.es\/ceipnuestrasenoradebelen\/wp-json\/wp\/v2\/posts"}],"about":[{"href":"https:\/\/blogsaverroes.juntadeandalucia.es\/ceipnuestrasenoradebelen\/wp-json\/wp\/v2\/types\/post"}],"author":[{"embeddable":true,"href":"https:\/\/blogsaverroes.juntadeandalucia.es\/ceipnuestrasenoradebelen\/wp-json\/wp\/v2\/users\/5528"}],"replies":[{"embeddable":true,"href":"https:\/\/blogsaverroes.juntadeandalucia.es\/ceipnuestrasenoradebelen\/wp-json\/wp\/v2\/comments?post=2352"}],"version-history":[{"count":3,"href":"https:\/\/blogsaverroes.juntadeandalucia.es\/ceipnuestrasenoradebelen\/wp-json\/wp\/v2\/posts\/2352\/revisions"}],"predecessor-version":[{"id":2374,"href":"https:\/\/blogsaverroes.juntadeandalucia.es\/ceipnuestrasenoradebelen\/wp-json\/wp\/v2\/posts\/2352\/revisions\/2374"}],"wp:featuredmedia":[{"embeddable":true,"href":"https:\/\/blogsaverroes.juntadeandalucia.es\/ceipnuestrasenoradebelen\/wp-json\/wp\/v2\/media\/2373"}],"wp:attachment":[{"href":"https:\/\/blogsaverroes.juntadeandalucia.es\/ceipnuestrasenoradebelen\/wp-json\/wp\/v2\/media?parent=2352"}],"wp:term":[{"taxonomy":"category","embeddable":true,"href":"https:\/\/blogsaverroes.juntadeandalucia.es\/ceipnuestrasenoradebelen\/wp-json\/wp\/v2\/categories?post=2352"},{"taxonomy":"post_tag","embeddable":true,"href":"https:\/\/blogsaverroes.juntadeandalucia.es\/ceipnuestrasenoradebelen\/wp-json\/wp\/v2\/tags?post=2352"}],"curies":[{"name":"wp","href":"https:\/\/api.w.org\/{rel}","templated":true}]}}