{"id":3098,"date":"2023-11-15T19:56:21","date_gmt":"2023-11-15T19:56:21","guid":{"rendered":"https:\/\/blogsaverroes.juntadeandalucia.es\/ceipnuestrasenoradebelen\/?p=3098"},"modified":"2023-11-15T20:05:31","modified_gmt":"2023-11-15T20:05:31","slug":"atrevete-a-transformar-el-mundo","status":"publish","type":"post","link":"https:\/\/blogsaverroes.juntadeandalucia.es\/ceipnuestrasenoradebelen\/2023\/11\/15\/atrevete-a-transformar-el-mundo\/","title":{"rendered":"ATR\u00c9VETE A TRANSFORMAR EL MUNDO"},"content":{"rendered":"<p><strong><em>\u201cMucha gente peque\u00f1a, en lugares peque\u00f1os, haciendo cosas peque\u00f1as, puede cambiar el<\/em><\/strong><br \/>\n<strong><em>mundo\u201d.<\/em><\/strong><\/p>\n<p>La <strong>Agenda 2030<\/strong> incluye como meta en su<strong> objetivo 10,<\/strong> <em>\u201cfacilitar la migraci\u00f3n y la movilidad ordenadas, seguras, regulares y responsables de las personas, incluso mediante la aplicaci\u00f3n de pol\u00edticas migratorias planificadas y bien gestionadas\u201d<\/em>, reconociendo por primera vez la contribuci\u00f3n de la migraci\u00f3n al desarrollo sostenible y poniendo en valor que 11 de los 17 Objetivos de Desarrollo Sostenible (ODS) contengan metas e indicadores que son pertinentes para la migraci\u00f3n o el desplazamiento. El principio b\u00e1sico de la Agenda es \u00abno dejar a nadie atr\u00e1s\u201d y esto incluye a los migrantes\u201d.&nbsp;<\/p>\n<p>Por este motivo, desde las coordinaciones del programa \u00abEscuela: Espacio de Paz\u00bb y de Convivencia, se ha promovido la participaci\u00f3n en el taller \u00abAtr\u00e9vete a transformar el mundo\u00bb, destinado a la prevenci\u00f3n de conductas racistas de los j\u00f3venes jiennenses ante las personas inmigrantes que vienen a trabajar a la provincia, gracias a la generosidad de la ONG Poblado Mundo en el marco de un proyecto subvencionado por la Diputaci\u00f3n Provincial de Ja\u00e9n.<\/p>\n<p><a href=\"https:\/\/blogsaverroes.juntadeandalucia.es\/ceipnuestrasenoradebelen\/2023\/11\/15\/atrevete-a-transformar-el-mundo\/whatsapp-image-2023-11-15-at-19-38-11-2\/\" rel=\"attachment wp-att-3099\"><img loading=\"lazy\" decoding=\"async\" class=\"alignnone size-medium wp-image-3099\" src=\"https:\/\/blogsaverroes.juntadeandalucia.es\/ceipnuestrasenoradebelen\/files\/2023\/11\/WhatsApp-Image-2023-11-15-at-19.38.11-2-300x225.jpeg\" alt=\"\" width=\"300\" height=\"225\" srcset=\"https:\/\/blogsaverroes.juntadeandalucia.es\/ceipnuestrasenoradebelen\/files\/2023\/11\/WhatsApp-Image-2023-11-15-at-19.38.11-2-300x225.jpeg 300w, https:\/\/blogsaverroes.juntadeandalucia.es\/ceipnuestrasenoradebelen\/files\/2023\/11\/WhatsApp-Image-2023-11-15-at-19.38.11-2-1024x768.jpeg 1024w, https:\/\/blogsaverroes.juntadeandalucia.es\/ceipnuestrasenoradebelen\/files\/2023\/11\/WhatsApp-Image-2023-11-15-at-19.38.11-2-768x576.jpeg 768w, https:\/\/blogsaverroes.juntadeandalucia.es\/ceipnuestrasenoradebelen\/files\/2023\/11\/WhatsApp-Image-2023-11-15-at-19.38.11-2-1536x1152.jpeg 1536w, https:\/\/blogsaverroes.juntadeandalucia.es\/ceipnuestrasenoradebelen\/files\/2023\/11\/WhatsApp-Image-2023-11-15-at-19.38.11-2-700x525.jpeg 700w, https:\/\/blogsaverroes.juntadeandalucia.es\/ceipnuestrasenoradebelen\/files\/2023\/11\/WhatsApp-Image-2023-11-15-at-19.38.11-2.jpeg 1600w\" sizes=\"(max-width: 300px) 100vw, 300px\" \/><\/a> <a href=\"https:\/\/blogsaverroes.juntadeandalucia.es\/ceipnuestrasenoradebelen\/2023\/11\/15\/atrevete-a-transformar-el-mundo\/whatsapp-image-2023-11-15-at-19-38-11-1\/\" rel=\"attachment wp-att-3100\"><img loading=\"lazy\" decoding=\"async\" class=\"alignnone size-medium wp-image-3100\" src=\"https:\/\/blogsaverroes.juntadeandalucia.es\/ceipnuestrasenoradebelen\/files\/2023\/11\/WhatsApp-Image-2023-11-15-at-19.38.11-1-300x224.jpeg\" alt=\"\" width=\"300\" height=\"224\" srcset=\"https:\/\/blogsaverroes.juntadeandalucia.es\/ceipnuestrasenoradebelen\/files\/2023\/11\/WhatsApp-Image-2023-11-15-at-19.38.11-1-300x224.jpeg 300w, https:\/\/blogsaverroes.juntadeandalucia.es\/ceipnuestrasenoradebelen\/files\/2023\/11\/WhatsApp-Image-2023-11-15-at-19.38.11-1-1024x766.jpeg 1024w, https:\/\/blogsaverroes.juntadeandalucia.es\/ceipnuestrasenoradebelen\/files\/2023\/11\/WhatsApp-Image-2023-11-15-at-19.38.11-1-768x575.jpeg 768w, https:\/\/blogsaverroes.juntadeandalucia.es\/ceipnuestrasenoradebelen\/files\/2023\/11\/WhatsApp-Image-2023-11-15-at-19.38.11-1-1536x1149.jpeg 1536w, https:\/\/blogsaverroes.juntadeandalucia.es\/ceipnuestrasenoradebelen\/files\/2023\/11\/WhatsApp-Image-2023-11-15-at-19.38.11-1-700x524.jpeg 700w, https:\/\/blogsaverroes.juntadeandalucia.es\/ceipnuestrasenoradebelen\/files\/2023\/11\/WhatsApp-Image-2023-11-15-at-19.38.11-1.jpeg 1600w\" sizes=\"(max-width: 300px) 100vw, 300px\" \/><\/a><\/p>\n<p>Las personas responsables del mismo han tratado tem\u00e1ticas relacionadas con la multiculturalidad y la interculturalidad, acercando al alumnado desde 5\u00b0 de Educaci\u00f3n Primaria hasta 2\u00b0 de ESO a la realidad de la inmigraci\u00f3n de una manera emp\u00e1tica, cr\u00edtica y reflexiva, en la que ellos\/as comprendan que son agentes de cambio social.<\/p>\n<p>El taller se ha dividido en las siguientes fases:<\/p>\n<ol>\n<li>Charla de sensibilizaci\u00f3n: La primera parte del taller se ha centrado en dar a conocer a los\/as j\u00f3venes los conceptos, las caracter\u00edsticas y ejemplos reales del fen\u00f3meno de la inmigraci\u00f3n a trav\u00e9s de charlas y relatos en primera persona.<\/li>\n<li>Actividades de reflexi\u00f3n: En la segunda parte del taller, se ha brindado al alumnado un espacio para la asimilaci\u00f3n del conocimiento, el pensamiento cr\u00edtico y el aprender haciendo mediante actividades que fomentan la interculturalidad.<\/li>\n<li>Evaluaci\u00f3n del taller: En la tercera parte del taller se ha puesto en valor el proceso de aprendizaje, los logros alcanzados y la contribuci\u00f3n a la sociedad a trav\u00e9s de un feedback del alumnado, el profesorado y los\/las monitores.<\/li>\n<li>Herramienta docente: La cuarta parte del taller ha versado sobre la explicaci\u00f3n de la herramienta docente gratuita y opcional.<\/li>\n<\/ol>\n<p><a href=\"https:\/\/blogsaverroes.juntadeandalucia.es\/ceipnuestrasenoradebelen\/2023\/11\/15\/atrevete-a-transformar-el-mundo\/whatsapp-image-2023-11-15-at-19-38-10\/\" rel=\"attachment wp-att-3110\"><img loading=\"lazy\" decoding=\"async\" class=\"alignnone size-medium wp-image-3110\" src=\"https:\/\/blogsaverroes.juntadeandalucia.es\/ceipnuestrasenoradebelen\/files\/2023\/11\/WhatsApp-Image-2023-11-15-at-19.38.10-300x224.jpeg\" alt=\"\" width=\"300\" height=\"224\" srcset=\"https:\/\/blogsaverroes.juntadeandalucia.es\/ceipnuestrasenoradebelen\/files\/2023\/11\/WhatsApp-Image-2023-11-15-at-19.38.10-300x224.jpeg 300w, https:\/\/blogsaverroes.juntadeandalucia.es\/ceipnuestrasenoradebelen\/files\/2023\/11\/WhatsApp-Image-2023-11-15-at-19.38.10-1024x766.jpeg 1024w, https:\/\/blogsaverroes.juntadeandalucia.es\/ceipnuestrasenoradebelen\/files\/2023\/11\/WhatsApp-Image-2023-11-15-at-19.38.10-768x575.jpeg 768w, https:\/\/blogsaverroes.juntadeandalucia.es\/ceipnuestrasenoradebelen\/files\/2023\/11\/WhatsApp-Image-2023-11-15-at-19.38.10-1536x1149.jpeg 1536w, https:\/\/blogsaverroes.juntadeandalucia.es\/ceipnuestrasenoradebelen\/files\/2023\/11\/WhatsApp-Image-2023-11-15-at-19.38.10-700x524.jpeg 700w, https:\/\/blogsaverroes.juntadeandalucia.es\/ceipnuestrasenoradebelen\/files\/2023\/11\/WhatsApp-Image-2023-11-15-at-19.38.10.jpeg 1600w\" sizes=\"(max-width: 300px) 100vw, 300px\" \/><\/a> <a href=\"https:\/\/blogsaverroes.juntadeandalucia.es\/ceipnuestrasenoradebelen\/2023\/11\/15\/atrevete-a-transformar-el-mundo\/whatsapp-image-2023-11-15-at-19-38-10-1\/\" rel=\"attachment wp-att-3109\"><img loading=\"lazy\" decoding=\"async\" class=\"alignnone size-medium wp-image-3109\" src=\"https:\/\/blogsaverroes.juntadeandalucia.es\/ceipnuestrasenoradebelen\/files\/2023\/11\/WhatsApp-Image-2023-11-15-at-19.38.10-1-300x224.jpeg\" alt=\"\" width=\"300\" height=\"224\" srcset=\"https:\/\/blogsaverroes.juntadeandalucia.es\/ceipnuestrasenoradebelen\/files\/2023\/11\/WhatsApp-Image-2023-11-15-at-19.38.10-1-300x224.jpeg 300w, https:\/\/blogsaverroes.juntadeandalucia.es\/ceipnuestrasenoradebelen\/files\/2023\/11\/WhatsApp-Image-2023-11-15-at-19.38.10-1-1024x766.jpeg 1024w, https:\/\/blogsaverroes.juntadeandalucia.es\/ceipnuestrasenoradebelen\/files\/2023\/11\/WhatsApp-Image-2023-11-15-at-19.38.10-1-768x575.jpeg 768w, https:\/\/blogsaverroes.juntadeandalucia.es\/ceipnuestrasenoradebelen\/files\/2023\/11\/WhatsApp-Image-2023-11-15-at-19.38.10-1-1536x1149.jpeg 1536w, https:\/\/blogsaverroes.juntadeandalucia.es\/ceipnuestrasenoradebelen\/files\/2023\/11\/WhatsApp-Image-2023-11-15-at-19.38.10-1-700x524.jpeg 700w, https:\/\/blogsaverroes.juntadeandalucia.es\/ceipnuestrasenoradebelen\/files\/2023\/11\/WhatsApp-Image-2023-11-15-at-19.38.10-1.jpeg 1600w\" sizes=\"(max-width: 300px) 100vw, 300px\" \/><\/a> <a href=\"https:\/\/blogsaverroes.juntadeandalucia.es\/ceipnuestrasenoradebelen\/2023\/11\/15\/atrevete-a-transformar-el-mundo\/whatsapp-image-2023-11-15-at-19-38-10-2\/\" rel=\"attachment wp-att-3108\"><img loading=\"lazy\" decoding=\"async\" class=\"alignnone size-medium wp-image-3108\" src=\"https:\/\/blogsaverroes.juntadeandalucia.es\/ceipnuestrasenoradebelen\/files\/2023\/11\/WhatsApp-Image-2023-11-15-at-19.38.10-2-300x225.jpeg\" alt=\"\" width=\"300\" height=\"225\" srcset=\"https:\/\/blogsaverroes.juntadeandalucia.es\/ceipnuestrasenoradebelen\/files\/2023\/11\/WhatsApp-Image-2023-11-15-at-19.38.10-2-300x225.jpeg 300w, https:\/\/blogsaverroes.juntadeandalucia.es\/ceipnuestrasenoradebelen\/files\/2023\/11\/WhatsApp-Image-2023-11-15-at-19.38.10-2-1024x768.jpeg 1024w, https:\/\/blogsaverroes.juntadeandalucia.es\/ceipnuestrasenoradebelen\/files\/2023\/11\/WhatsApp-Image-2023-11-15-at-19.38.10-2-768x576.jpeg 768w, https:\/\/blogsaverroes.juntadeandalucia.es\/ceipnuestrasenoradebelen\/files\/2023\/11\/WhatsApp-Image-2023-11-15-at-19.38.10-2-1536x1152.jpeg 1536w, https:\/\/blogsaverroes.juntadeandalucia.es\/ceipnuestrasenoradebelen\/files\/2023\/11\/WhatsApp-Image-2023-11-15-at-19.38.10-2-700x525.jpeg 700w, https:\/\/blogsaverroes.juntadeandalucia.es\/ceipnuestrasenoradebelen\/files\/2023\/11\/WhatsApp-Image-2023-11-15-at-19.38.10-2.jpeg 1600w\" sizes=\"(max-width: 300px) 100vw, 300px\" \/><\/a> <a href=\"https:\/\/blogsaverroes.juntadeandalucia.es\/ceipnuestrasenoradebelen\/2023\/11\/15\/atrevete-a-transformar-el-mundo\/whatsapp-image-2023-11-15-at-19-38-10-3\/\" rel=\"attachment wp-att-3107\"><img loading=\"lazy\" decoding=\"async\" class=\"alignnone size-medium wp-image-3107\" src=\"https:\/\/blogsaverroes.juntadeandalucia.es\/ceipnuestrasenoradebelen\/files\/2023\/11\/WhatsApp-Image-2023-11-15-at-19.38.10-3-300x225.jpeg\" alt=\"\" width=\"300\" height=\"225\" srcset=\"https:\/\/blogsaverroes.juntadeandalucia.es\/ceipnuestrasenoradebelen\/files\/2023\/11\/WhatsApp-Image-2023-11-15-at-19.38.10-3-300x225.jpeg 300w, https:\/\/blogsaverroes.juntadeandalucia.es\/ceipnuestrasenoradebelen\/files\/2023\/11\/WhatsApp-Image-2023-11-15-at-19.38.10-3-1024x768.jpeg 1024w, https:\/\/blogsaverroes.juntadeandalucia.es\/ceipnuestrasenoradebelen\/files\/2023\/11\/WhatsApp-Image-2023-11-15-at-19.38.10-3-768x576.jpeg 768w, https:\/\/blogsaverroes.juntadeandalucia.es\/ceipnuestrasenoradebelen\/files\/2023\/11\/WhatsApp-Image-2023-11-15-at-19.38.10-3-1536x1152.jpeg 1536w, https:\/\/blogsaverroes.juntadeandalucia.es\/ceipnuestrasenoradebelen\/files\/2023\/11\/WhatsApp-Image-2023-11-15-at-19.38.10-3-700x525.jpeg 700w, https:\/\/blogsaverroes.juntadeandalucia.es\/ceipnuestrasenoradebelen\/files\/2023\/11\/WhatsApp-Image-2023-11-15-at-19.38.10-3.jpeg 1600w\" sizes=\"(max-width: 300px) 100vw, 300px\" \/><\/a> <a href=\"https:\/\/blogsaverroes.juntadeandalucia.es\/ceipnuestrasenoradebelen\/2023\/11\/15\/atrevete-a-transformar-el-mundo\/whatsapp-image-2023-11-15-at-19-38-11-1-2\/\" rel=\"attachment wp-att-3106\"><img loading=\"lazy\" decoding=\"async\" class=\"alignnone size-medium wp-image-3106\" src=\"https:\/\/blogsaverroes.juntadeandalucia.es\/ceipnuestrasenoradebelen\/files\/2023\/11\/WhatsApp-Image-2023-11-15-at-19.38.11-1-1-300x224.jpeg\" alt=\"\" width=\"300\" height=\"224\" srcset=\"https:\/\/blogsaverroes.juntadeandalucia.es\/ceipnuestrasenoradebelen\/files\/2023\/11\/WhatsApp-Image-2023-11-15-at-19.38.11-1-1-300x224.jpeg 300w, https:\/\/blogsaverroes.juntadeandalucia.es\/ceipnuestrasenoradebelen\/files\/2023\/11\/WhatsApp-Image-2023-11-15-at-19.38.11-1-1-1024x766.jpeg 1024w, https:\/\/blogsaverroes.juntadeandalucia.es\/ceipnuestrasenoradebelen\/files\/2023\/11\/WhatsApp-Image-2023-11-15-at-19.38.11-1-1-768x575.jpeg 768w, https:\/\/blogsaverroes.juntadeandalucia.es\/ceipnuestrasenoradebelen\/files\/2023\/11\/WhatsApp-Image-2023-11-15-at-19.38.11-1-1-1536x1149.jpeg 1536w, https:\/\/blogsaverroes.juntadeandalucia.es\/ceipnuestrasenoradebelen\/files\/2023\/11\/WhatsApp-Image-2023-11-15-at-19.38.11-1-1-700x524.jpeg 700w, https:\/\/blogsaverroes.juntadeandalucia.es\/ceipnuestrasenoradebelen\/files\/2023\/11\/WhatsApp-Image-2023-11-15-at-19.38.11-1-1.jpeg 1600w\" sizes=\"(max-width: 300px) 100vw, 300px\" \/><\/a> <a href=\"https:\/\/blogsaverroes.juntadeandalucia.es\/ceipnuestrasenoradebelen\/2023\/11\/15\/atrevete-a-transformar-el-mundo\/whatsapp-image-2023-11-15-at-19-38-12-1\/\" rel=\"attachment wp-att-3103\"><img loading=\"lazy\" decoding=\"async\" class=\"alignnone size-medium wp-image-3103\" src=\"https:\/\/blogsaverroes.juntadeandalucia.es\/ceipnuestrasenoradebelen\/files\/2023\/11\/WhatsApp-Image-2023-11-15-at-19.38.12-1-300x225.jpeg\" alt=\"\" width=\"300\" height=\"225\" srcset=\"https:\/\/blogsaverroes.juntadeandalucia.es\/ceipnuestrasenoradebelen\/files\/2023\/11\/WhatsApp-Image-2023-11-15-at-19.38.12-1-300x225.jpeg 300w, https:\/\/blogsaverroes.juntadeandalucia.es\/ceipnuestrasenoradebelen\/files\/2023\/11\/WhatsApp-Image-2023-11-15-at-19.38.12-1-768x576.jpeg 768w, https:\/\/blogsaverroes.juntadeandalucia.es\/ceipnuestrasenoradebelen\/files\/2023\/11\/WhatsApp-Image-2023-11-15-at-19.38.12-1-700x525.jpeg 700w, https:\/\/blogsaverroes.juntadeandalucia.es\/ceipnuestrasenoradebelen\/files\/2023\/11\/WhatsApp-Image-2023-11-15-at-19.38.12-1.jpeg 1024w\" sizes=\"(max-width: 300px) 100vw, 300px\" \/><\/a> <a href=\"https:\/\/blogsaverroes.juntadeandalucia.es\/ceipnuestrasenoradebelen\/2023\/11\/15\/atrevete-a-transformar-el-mundo\/whatsapp-image-2023-11-15-at-20-04-59\/\" rel=\"attachment wp-att-3102\"><img loading=\"lazy\" decoding=\"async\" class=\"aligncenter wp-image-3102 size-medium\" src=\"https:\/\/blogsaverroes.juntadeandalucia.es\/ceipnuestrasenoradebelen\/files\/2023\/11\/WhatsApp-Image-2023-11-15-at-20.04.59-300x225.jpeg\" alt=\"\" width=\"300\" height=\"225\" srcset=\"https:\/\/blogsaverroes.juntadeandalucia.es\/ceipnuestrasenoradebelen\/files\/2023\/11\/WhatsApp-Image-2023-11-15-at-20.04.59-300x225.jpeg 300w, https:\/\/blogsaverroes.juntadeandalucia.es\/ceipnuestrasenoradebelen\/files\/2023\/11\/WhatsApp-Image-2023-11-15-at-20.04.59-1024x768.jpeg 1024w, https:\/\/blogsaverroes.juntadeandalucia.es\/ceipnuestrasenoradebelen\/files\/2023\/11\/WhatsApp-Image-2023-11-15-at-20.04.59-768x576.jpeg 768w, https:\/\/blogsaverroes.juntadeandalucia.es\/ceipnuestrasenoradebelen\/files\/2023\/11\/WhatsApp-Image-2023-11-15-at-20.04.59-1536x1152.jpeg 1536w, https:\/\/blogsaverroes.juntadeandalucia.es\/ceipnuestrasenoradebelen\/files\/2023\/11\/WhatsApp-Image-2023-11-15-at-20.04.59-700x525.jpeg 700w, https:\/\/blogsaverroes.juntadeandalucia.es\/ceipnuestrasenoradebelen\/files\/2023\/11\/WhatsApp-Image-2023-11-15-at-20.04.59.jpeg 1600w\" sizes=\"(max-width: 300px) 100vw, 300px\" \/><\/a><\/p>\n<p>&nbsp;<\/p>\n<p>&nbsp;<\/p>\n<p>&nbsp;<\/p>\n","protected":false},"excerpt":{"rendered":"<p>\u201cMucha gente peque\u00f1a, en lugares peque\u00f1os, haciendo cosas peque\u00f1as, puede cambiar el mundo\u201d. La Agenda 2030 incluye como meta en su objetivo 10, \u201cfacilitar la migraci\u00f3n y la movilidad ordenadas, seguras, regulares y responsables&#46;&#46;&#46;<\/p>\n","protected":false},"author":5528,"featured_media":3101,"comment_status":"open","ping_status":"open","sticky":false,"template":"","format":"standard","meta":{"ngg_post_thumbnail":0,"footnotes":""},"categories":[11909],"tags":[],"aioseo_notices":[],"_links":{"self":[{"href":"https:\/\/blogsaverroes.juntadeandalucia.es\/ceipnuestrasenoradebelen\/wp-json\/wp\/v2\/posts\/3098"}],"collection":[{"href":"https:\/\/blogsaverroes.juntadeandalucia.es\/ceipnuestrasenoradebelen\/wp-json\/wp\/v2\/posts"}],"about":[{"href":"https:\/\/blogsaverroes.juntadeandalucia.es\/ceipnuestrasenoradebelen\/wp-json\/wp\/v2\/types\/post"}],"author":[{"embeddable":true,"href":"https:\/\/blogsaverroes.juntadeandalucia.es\/ceipnuestrasenoradebelen\/wp-json\/wp\/v2\/users\/5528"}],"replies":[{"embeddable":true,"href":"https:\/\/blogsaverroes.juntadeandalucia.es\/ceipnuestrasenoradebelen\/wp-json\/wp\/v2\/comments?post=3098"}],"version-history":[{"count":4,"href":"https:\/\/blogsaverroes.juntadeandalucia.es\/ceipnuestrasenoradebelen\/wp-json\/wp\/v2\/posts\/3098\/revisions"}],"predecessor-version":[{"id":3114,"href":"https:\/\/blogsaverroes.juntadeandalucia.es\/ceipnuestrasenoradebelen\/wp-json\/wp\/v2\/posts\/3098\/revisions\/3114"}],"wp:featuredmedia":[{"embeddable":true,"href":"https:\/\/blogsaverroes.juntadeandalucia.es\/ceipnuestrasenoradebelen\/wp-json\/wp\/v2\/media\/3101"}],"wp:attachment":[{"href":"https:\/\/blogsaverroes.juntadeandalucia.es\/ceipnuestrasenoradebelen\/wp-json\/wp\/v2\/media?parent=3098"}],"wp:term":[{"taxonomy":"category","embeddable":true,"href":"https:\/\/blogsaverroes.juntadeandalucia.es\/ceipnuestrasenoradebelen\/wp-json\/wp\/v2\/categories?post=3098"},{"taxonomy":"post_tag","embeddable":true,"href":"https:\/\/blogsaverroes.juntadeandalucia.es\/ceipnuestrasenoradebelen\/wp-json\/wp\/v2\/tags?post=3098"}],"curies":[{"name":"wp","href":"https:\/\/api.w.org\/{rel}","templated":true}]}}