{"id":3742,"date":"2025-05-08T11:56:08","date_gmt":"2025-05-08T11:56:08","guid":{"rendered":"https:\/\/blogsaverroes.juntadeandalucia.es\/ceipnuestrasenoradebelen\/?p=3742"},"modified":"2025-05-13T11:52:49","modified_gmt":"2025-05-13T11:52:49","slug":"erasmus-job-shadowing","status":"publish","type":"post","link":"https:\/\/blogsaverroes.juntadeandalucia.es\/ceipnuestrasenoradebelen\/2025\/05\/08\/erasmus-job-shadowing\/","title":{"rendered":"Erasmus+: Job Shadowing Le Mans"},"content":{"rendered":"<p><img loading=\"lazy\" decoding=\"async\" class=\"alignnone size-medium wp-image-3718\" src=\"https:\/\/blogsaverroes.juntadeandalucia.es\/ceipnuestrasenoradebelen\/files\/2025\/05\/WhatsApp-Image-2025-05-08-at-13.19.35-300x90.jpeg\" alt=\"\" width=\"300\" height=\"90\" srcset=\"https:\/\/blogsaverroes.juntadeandalucia.es\/ceipnuestrasenoradebelen\/files\/2025\/05\/WhatsApp-Image-2025-05-08-at-13.19.35-300x90.jpeg 300w, https:\/\/blogsaverroes.juntadeandalucia.es\/ceipnuestrasenoradebelen\/files\/2025\/05\/WhatsApp-Image-2025-05-08-at-13.19.35-1024x307.jpeg 1024w, https:\/\/blogsaverroes.juntadeandalucia.es\/ceipnuestrasenoradebelen\/files\/2025\/05\/WhatsApp-Image-2025-05-08-at-13.19.35-768x230.jpeg 768w, https:\/\/blogsaverroes.juntadeandalucia.es\/ceipnuestrasenoradebelen\/files\/2025\/05\/WhatsApp-Image-2025-05-08-at-13.19.35-1536x461.jpeg 1536w, https:\/\/blogsaverroes.juntadeandalucia.es\/ceipnuestrasenoradebelen\/files\/2025\/05\/WhatsApp-Image-2025-05-08-at-13.19.35.jpeg 1600w\" sizes=\"(max-width: 300px) 100vw, 300px\" \/><\/p>\n<p>La semana del 24 al 29 de abril, las compa\u00f1eras do\u00f1a Catalina Fuentes y do\u00f1a Amparo Polo, se desplazaron a la localidad francesa de Le Mans para realizar una visita de observaci\u00f3n en el colegio de educaci\u00f3n primaria Pierre Ronsard.<\/p>\n<p><img loading=\"lazy\" decoding=\"async\" class=\"alignnone wp-image-3719\" src=\"https:\/\/blogsaverroes.juntadeandalucia.es\/ceipnuestrasenoradebelen\/files\/2025\/05\/WhatsApp-Image-2025-05-08-at-13.20.37-225x300.jpeg\" alt=\"\" width=\"175\" height=\"233\" srcset=\"https:\/\/blogsaverroes.juntadeandalucia.es\/ceipnuestrasenoradebelen\/files\/2025\/05\/WhatsApp-Image-2025-05-08-at-13.20.37-225x300.jpeg 225w, https:\/\/blogsaverroes.juntadeandalucia.es\/ceipnuestrasenoradebelen\/files\/2025\/05\/WhatsApp-Image-2025-05-08-at-13.20.37-767x1024.jpeg 767w, https:\/\/blogsaverroes.juntadeandalucia.es\/ceipnuestrasenoradebelen\/files\/2025\/05\/WhatsApp-Image-2025-05-08-at-13.20.37-768x1025.jpeg 768w, https:\/\/blogsaverroes.juntadeandalucia.es\/ceipnuestrasenoradebelen\/files\/2025\/05\/WhatsApp-Image-2025-05-08-at-13.20.37-1151x1536.jpeg 1151w, https:\/\/blogsaverroes.juntadeandalucia.es\/ceipnuestrasenoradebelen\/files\/2025\/05\/WhatsApp-Image-2025-05-08-at-13.20.37.jpeg 1199w\" sizes=\"(max-width: 175px) 100vw, 175px\" \/><\/p>\n<p>Durante el primer d\u00eda de observaci\u00f3n se realiz\u00f3 un recorrido por todas las aulas y dependencias del centro, desde infantil hasta el \u00faltimo curso de primaria. Pudimos observar el tipo de distribuci\u00f3n de las aulas, ratios, materiales que emplean para dar las clases, los patios de recreo e instalaciones varias. Tambi\u00e9n durante ese primer d\u00eda realizamos una comparaci\u00f3n del sistema educativo franc\u00e9s con respecto al sistema educativo espa\u00f1ol.<\/p>\n<p><img loading=\"lazy\" decoding=\"async\" class=\"alignnone wp-image-3720\" src=\"https:\/\/blogsaverroes.juntadeandalucia.es\/ceipnuestrasenoradebelen\/files\/2025\/05\/WhatsApp-Image-2025-05-08-at-13.20.38-1-300x225.jpeg\" alt=\"\" width=\"224\" height=\"168\" srcset=\"https:\/\/blogsaverroes.juntadeandalucia.es\/ceipnuestrasenoradebelen\/files\/2025\/05\/WhatsApp-Image-2025-05-08-at-13.20.38-1-300x225.jpeg 300w, https:\/\/blogsaverroes.juntadeandalucia.es\/ceipnuestrasenoradebelen\/files\/2025\/05\/WhatsApp-Image-2025-05-08-at-13.20.38-1-1024x768.jpeg 1024w, https:\/\/blogsaverroes.juntadeandalucia.es\/ceipnuestrasenoradebelen\/files\/2025\/05\/WhatsApp-Image-2025-05-08-at-13.20.38-1-768x576.jpeg 768w, https:\/\/blogsaverroes.juntadeandalucia.es\/ceipnuestrasenoradebelen\/files\/2025\/05\/WhatsApp-Image-2025-05-08-at-13.20.38-1-1536x1152.jpeg 1536w, https:\/\/blogsaverroes.juntadeandalucia.es\/ceipnuestrasenoradebelen\/files\/2025\/05\/WhatsApp-Image-2025-05-08-at-13.20.38-1.jpeg 1600w\" sizes=\"(max-width: 224px) 100vw, 224px\" \/> <img loading=\"lazy\" decoding=\"async\" class=\"alignnone wp-image-3721\" src=\"https:\/\/blogsaverroes.juntadeandalucia.es\/ceipnuestrasenoradebelen\/files\/2025\/05\/WhatsApp-Image-2025-05-08-at-13.20.38-300x225.jpeg\" alt=\"\" width=\"227\" height=\"170\" srcset=\"https:\/\/blogsaverroes.juntadeandalucia.es\/ceipnuestrasenoradebelen\/files\/2025\/05\/WhatsApp-Image-2025-05-08-at-13.20.38-300x225.jpeg 300w, https:\/\/blogsaverroes.juntadeandalucia.es\/ceipnuestrasenoradebelen\/files\/2025\/05\/WhatsApp-Image-2025-05-08-at-13.20.38-1024x768.jpeg 1024w, https:\/\/blogsaverroes.juntadeandalucia.es\/ceipnuestrasenoradebelen\/files\/2025\/05\/WhatsApp-Image-2025-05-08-at-13.20.38-768x576.jpeg 768w, https:\/\/blogsaverroes.juntadeandalucia.es\/ceipnuestrasenoradebelen\/files\/2025\/05\/WhatsApp-Image-2025-05-08-at-13.20.38-1536x1152.jpeg 1536w, https:\/\/blogsaverroes.juntadeandalucia.es\/ceipnuestrasenoradebelen\/files\/2025\/05\/WhatsApp-Image-2025-05-08-at-13.20.38.jpeg 1600w\" sizes=\"(max-width: 227px) 100vw, 227px\" \/><\/p>\n<p><img loading=\"lazy\" decoding=\"async\" class=\"alignnone wp-image-3722\" src=\"https:\/\/blogsaverroes.juntadeandalucia.es\/ceipnuestrasenoradebelen\/files\/2025\/05\/WhatsApp-Image-2025-05-08-at-13.20.38-6-300x225.jpeg\" alt=\"\" width=\"224\" height=\"168\" srcset=\"https:\/\/blogsaverroes.juntadeandalucia.es\/ceipnuestrasenoradebelen\/files\/2025\/05\/WhatsApp-Image-2025-05-08-at-13.20.38-6-300x225.jpeg 300w, https:\/\/blogsaverroes.juntadeandalucia.es\/ceipnuestrasenoradebelen\/files\/2025\/05\/WhatsApp-Image-2025-05-08-at-13.20.38-6-1024x768.jpeg 1024w, https:\/\/blogsaverroes.juntadeandalucia.es\/ceipnuestrasenoradebelen\/files\/2025\/05\/WhatsApp-Image-2025-05-08-at-13.20.38-6-768x576.jpeg 768w, https:\/\/blogsaverroes.juntadeandalucia.es\/ceipnuestrasenoradebelen\/files\/2025\/05\/WhatsApp-Image-2025-05-08-at-13.20.38-6-1536x1152.jpeg 1536w, https:\/\/blogsaverroes.juntadeandalucia.es\/ceipnuestrasenoradebelen\/files\/2025\/05\/WhatsApp-Image-2025-05-08-at-13.20.38-6.jpeg 1600w\" sizes=\"(max-width: 224px) 100vw, 224px\" \/> <img loading=\"lazy\" decoding=\"async\" class=\"alignnone wp-image-3723\" src=\"https:\/\/blogsaverroes.juntadeandalucia.es\/ceipnuestrasenoradebelen\/files\/2025\/05\/WhatsApp-Image-2025-05-08-at-13.20.38-5-300x225.jpeg\" alt=\"\" width=\"227\" height=\"170\" srcset=\"https:\/\/blogsaverroes.juntadeandalucia.es\/ceipnuestrasenoradebelen\/files\/2025\/05\/WhatsApp-Image-2025-05-08-at-13.20.38-5-300x225.jpeg 300w, https:\/\/blogsaverroes.juntadeandalucia.es\/ceipnuestrasenoradebelen\/files\/2025\/05\/WhatsApp-Image-2025-05-08-at-13.20.38-5-1024x768.jpeg 1024w, https:\/\/blogsaverroes.juntadeandalucia.es\/ceipnuestrasenoradebelen\/files\/2025\/05\/WhatsApp-Image-2025-05-08-at-13.20.38-5-768x576.jpeg 768w, https:\/\/blogsaverroes.juntadeandalucia.es\/ceipnuestrasenoradebelen\/files\/2025\/05\/WhatsApp-Image-2025-05-08-at-13.20.38-5-1536x1152.jpeg 1536w, https:\/\/blogsaverroes.juntadeandalucia.es\/ceipnuestrasenoradebelen\/files\/2025\/05\/WhatsApp-Image-2025-05-08-at-13.20.38-5.jpeg 1600w\" sizes=\"(max-width: 227px) 100vw, 227px\" \/> <img loading=\"lazy\" decoding=\"async\" class=\"alignnone wp-image-3724\" src=\"https:\/\/blogsaverroes.juntadeandalucia.es\/ceipnuestrasenoradebelen\/files\/2025\/05\/WhatsApp-Image-2025-05-08-at-13.20.38-4-300x225.jpeg\" alt=\"\" width=\"223\" height=\"167\" srcset=\"https:\/\/blogsaverroes.juntadeandalucia.es\/ceipnuestrasenoradebelen\/files\/2025\/05\/WhatsApp-Image-2025-05-08-at-13.20.38-4-300x225.jpeg 300w, https:\/\/blogsaverroes.juntadeandalucia.es\/ceipnuestrasenoradebelen\/files\/2025\/05\/WhatsApp-Image-2025-05-08-at-13.20.38-4-1024x768.jpeg 1024w, https:\/\/blogsaverroes.juntadeandalucia.es\/ceipnuestrasenoradebelen\/files\/2025\/05\/WhatsApp-Image-2025-05-08-at-13.20.38-4-768x576.jpeg 768w, https:\/\/blogsaverroes.juntadeandalucia.es\/ceipnuestrasenoradebelen\/files\/2025\/05\/WhatsApp-Image-2025-05-08-at-13.20.38-4-1536x1152.jpeg 1536w, https:\/\/blogsaverroes.juntadeandalucia.es\/ceipnuestrasenoradebelen\/files\/2025\/05\/WhatsApp-Image-2025-05-08-at-13.20.38-4.jpeg 1600w\" sizes=\"(max-width: 223px) 100vw, 223px\" \/> <img loading=\"lazy\" decoding=\"async\" class=\"alignnone wp-image-3725\" src=\"https:\/\/blogsaverroes.juntadeandalucia.es\/ceipnuestrasenoradebelen\/files\/2025\/05\/WhatsApp-Image-2025-05-08-at-13.20.38-3-300x225.jpeg\" alt=\"\" width=\"217\" height=\"163\" srcset=\"https:\/\/blogsaverroes.juntadeandalucia.es\/ceipnuestrasenoradebelen\/files\/2025\/05\/WhatsApp-Image-2025-05-08-at-13.20.38-3-300x225.jpeg 300w, https:\/\/blogsaverroes.juntadeandalucia.es\/ceipnuestrasenoradebelen\/files\/2025\/05\/WhatsApp-Image-2025-05-08-at-13.20.38-3-1024x768.jpeg 1024w, https:\/\/blogsaverroes.juntadeandalucia.es\/ceipnuestrasenoradebelen\/files\/2025\/05\/WhatsApp-Image-2025-05-08-at-13.20.38-3-768x576.jpeg 768w, https:\/\/blogsaverroes.juntadeandalucia.es\/ceipnuestrasenoradebelen\/files\/2025\/05\/WhatsApp-Image-2025-05-08-at-13.20.38-3-1536x1152.jpeg 1536w, https:\/\/blogsaverroes.juntadeandalucia.es\/ceipnuestrasenoradebelen\/files\/2025\/05\/WhatsApp-Image-2025-05-08-at-13.20.38-3.jpeg 1600w\" sizes=\"(max-width: 217px) 100vw, 217px\" \/> <img loading=\"lazy\" decoding=\"async\" class=\"alignnone wp-image-3726\" src=\"https:\/\/blogsaverroes.juntadeandalucia.es\/ceipnuestrasenoradebelen\/files\/2025\/05\/WhatsApp-Image-2025-05-08-at-13.20.38-2-225x300.jpeg\" alt=\"\" width=\"167\" height=\"223\" srcset=\"https:\/\/blogsaverroes.juntadeandalucia.es\/ceipnuestrasenoradebelen\/files\/2025\/05\/WhatsApp-Image-2025-05-08-at-13.20.38-2-225x300.jpeg 225w, https:\/\/blogsaverroes.juntadeandalucia.es\/ceipnuestrasenoradebelen\/files\/2025\/05\/WhatsApp-Image-2025-05-08-at-13.20.38-2-768x1024.jpeg 768w, https:\/\/blogsaverroes.juntadeandalucia.es\/ceipnuestrasenoradebelen\/files\/2025\/05\/WhatsApp-Image-2025-05-08-at-13.20.38-2-1152x1536.jpeg 1152w, https:\/\/blogsaverroes.juntadeandalucia.es\/ceipnuestrasenoradebelen\/files\/2025\/05\/WhatsApp-Image-2025-05-08-at-13.20.38-2.jpeg 1200w\" sizes=\"(max-width: 167px) 100vw, 167px\" \/> <img loading=\"lazy\" decoding=\"async\" class=\"alignnone wp-image-3727\" src=\"https:\/\/blogsaverroes.juntadeandalucia.es\/ceipnuestrasenoradebelen\/files\/2025\/05\/WhatsApp-Image-2025-05-08-at-13.20.37-1-300x225.jpeg\" alt=\"\" width=\"236\" height=\"177\" srcset=\"https:\/\/blogsaverroes.juntadeandalucia.es\/ceipnuestrasenoradebelen\/files\/2025\/05\/WhatsApp-Image-2025-05-08-at-13.20.37-1-300x225.jpeg 300w, https:\/\/blogsaverroes.juntadeandalucia.es\/ceipnuestrasenoradebelen\/files\/2025\/05\/WhatsApp-Image-2025-05-08-at-13.20.37-1-1024x768.jpeg 1024w, https:\/\/blogsaverroes.juntadeandalucia.es\/ceipnuestrasenoradebelen\/files\/2025\/05\/WhatsApp-Image-2025-05-08-at-13.20.37-1-768x576.jpeg 768w, https:\/\/blogsaverroes.juntadeandalucia.es\/ceipnuestrasenoradebelen\/files\/2025\/05\/WhatsApp-Image-2025-05-08-at-13.20.37-1-1536x1152.jpeg 1536w, https:\/\/blogsaverroes.juntadeandalucia.es\/ceipnuestrasenoradebelen\/files\/2025\/05\/WhatsApp-Image-2025-05-08-at-13.20.37-1.jpeg 1600w\" sizes=\"(max-width: 236px) 100vw, 236px\" \/><\/p>\n<p>En los d\u00edas sucesivos de nuestra visita de observaci\u00f3n asistimos a diferentes clases de primaria, pudiendo observar de cerca c\u00f3mo se aplican <strong>metodolog\u00edas inclusivas<\/strong> que responden a las necesidades del alumnado con necesidades educativas especiales. Esta experiencia ha sido un claro ejemplo de c\u00f3mo la educaci\u00f3n puede y debe adaptarse para asegurar la participaci\u00f3n y el aprendizaje de todos y todas.<\/p>\n<p>Uno de los elementos m\u00e1s destacables ha sido el <strong>uso sistem\u00e1tico de <\/strong><strong>pictogramas y apoyos visuales<\/strong><strong>.<\/strong> En las paredes y materiales del aula se encontraban im\u00e1genes claras y esquem\u00e1ticas que ayudan a estructurar la informaci\u00f3n, facilitan la comprensi\u00f3n de instrucciones y apoyan la autonom\u00eda del alumnado. Estos recursos son especialmente \u00fatiles para estudiantes con trastornos del espectro autista o dificultades de comprensi\u00f3n verbal.<\/p>\n<p><img loading=\"lazy\" decoding=\"async\" class=\"alignnone wp-image-3728\" src=\"https:\/\/blogsaverroes.juntadeandalucia.es\/ceipnuestrasenoradebelen\/files\/2025\/05\/WhatsApp-Image-2025-05-08-at-13.20.53-225x300.jpeg\" alt=\"\" width=\"184\" height=\"245\" srcset=\"https:\/\/blogsaverroes.juntadeandalucia.es\/ceipnuestrasenoradebelen\/files\/2025\/05\/WhatsApp-Image-2025-05-08-at-13.20.53-225x300.jpeg 225w, https:\/\/blogsaverroes.juntadeandalucia.es\/ceipnuestrasenoradebelen\/files\/2025\/05\/WhatsApp-Image-2025-05-08-at-13.20.53-768x1024.jpeg 768w, https:\/\/blogsaverroes.juntadeandalucia.es\/ceipnuestrasenoradebelen\/files\/2025\/05\/WhatsApp-Image-2025-05-08-at-13.20.53-1152x1536.jpeg 1152w, https:\/\/blogsaverroes.juntadeandalucia.es\/ceipnuestrasenoradebelen\/files\/2025\/05\/WhatsApp-Image-2025-05-08-at-13.20.53.jpeg 1200w\" sizes=\"(max-width: 184px) 100vw, 184px\" \/> <img loading=\"lazy\" decoding=\"async\" class=\"alignnone wp-image-3729\" src=\"https:\/\/blogsaverroes.juntadeandalucia.es\/ceipnuestrasenoradebelen\/files\/2025\/05\/WhatsApp-Image-2025-05-08-at-13.20.52-1-300x225.jpeg\" alt=\"\" width=\"239\" height=\"179\" srcset=\"https:\/\/blogsaverroes.juntadeandalucia.es\/ceipnuestrasenoradebelen\/files\/2025\/05\/WhatsApp-Image-2025-05-08-at-13.20.52-1-300x225.jpeg 300w, https:\/\/blogsaverroes.juntadeandalucia.es\/ceipnuestrasenoradebelen\/files\/2025\/05\/WhatsApp-Image-2025-05-08-at-13.20.52-1-1024x768.jpeg 1024w, https:\/\/blogsaverroes.juntadeandalucia.es\/ceipnuestrasenoradebelen\/files\/2025\/05\/WhatsApp-Image-2025-05-08-at-13.20.52-1-768x576.jpeg 768w, https:\/\/blogsaverroes.juntadeandalucia.es\/ceipnuestrasenoradebelen\/files\/2025\/05\/WhatsApp-Image-2025-05-08-at-13.20.52-1-1536x1152.jpeg 1536w, https:\/\/blogsaverroes.juntadeandalucia.es\/ceipnuestrasenoradebelen\/files\/2025\/05\/WhatsApp-Image-2025-05-08-at-13.20.52-1.jpeg 1600w\" sizes=\"(max-width: 239px) 100vw, 239px\" \/> <img loading=\"lazy\" decoding=\"async\" class=\"alignnone wp-image-3730\" src=\"https:\/\/blogsaverroes.juntadeandalucia.es\/ceipnuestrasenoradebelen\/files\/2025\/05\/WhatsApp-Image-2025-05-08-at-13.20.52-300x225.jpeg\" alt=\"\" width=\"227\" height=\"170\" srcset=\"https:\/\/blogsaverroes.juntadeandalucia.es\/ceipnuestrasenoradebelen\/files\/2025\/05\/WhatsApp-Image-2025-05-08-at-13.20.52-300x225.jpeg 300w, https:\/\/blogsaverroes.juntadeandalucia.es\/ceipnuestrasenoradebelen\/files\/2025\/05\/WhatsApp-Image-2025-05-08-at-13.20.52-1024x768.jpeg 1024w, https:\/\/blogsaverroes.juntadeandalucia.es\/ceipnuestrasenoradebelen\/files\/2025\/05\/WhatsApp-Image-2025-05-08-at-13.20.52-768x576.jpeg 768w, https:\/\/blogsaverroes.juntadeandalucia.es\/ceipnuestrasenoradebelen\/files\/2025\/05\/WhatsApp-Image-2025-05-08-at-13.20.52-1536x1152.jpeg 1536w, https:\/\/blogsaverroes.juntadeandalucia.es\/ceipnuestrasenoradebelen\/files\/2025\/05\/WhatsApp-Image-2025-05-08-at-13.20.52.jpeg 1600w\" sizes=\"(max-width: 227px) 100vw, 227px\" \/> <img loading=\"lazy\" decoding=\"async\" class=\"alignnone wp-image-3731\" src=\"https:\/\/blogsaverroes.juntadeandalucia.es\/ceipnuestrasenoradebelen\/files\/2025\/05\/WhatsApp-Image-2025-05-08-at-13.20.51-1-300x225.jpeg\" alt=\"\" width=\"239\" height=\"179\" srcset=\"https:\/\/blogsaverroes.juntadeandalucia.es\/ceipnuestrasenoradebelen\/files\/2025\/05\/WhatsApp-Image-2025-05-08-at-13.20.51-1-300x225.jpeg 300w, https:\/\/blogsaverroes.juntadeandalucia.es\/ceipnuestrasenoradebelen\/files\/2025\/05\/WhatsApp-Image-2025-05-08-at-13.20.51-1-1024x768.jpeg 1024w, https:\/\/blogsaverroes.juntadeandalucia.es\/ceipnuestrasenoradebelen\/files\/2025\/05\/WhatsApp-Image-2025-05-08-at-13.20.51-1-768x576.jpeg 768w, https:\/\/blogsaverroes.juntadeandalucia.es\/ceipnuestrasenoradebelen\/files\/2025\/05\/WhatsApp-Image-2025-05-08-at-13.20.51-1-1536x1152.jpeg 1536w, https:\/\/blogsaverroes.juntadeandalucia.es\/ceipnuestrasenoradebelen\/files\/2025\/05\/WhatsApp-Image-2025-05-08-at-13.20.51-1.jpeg 1600w\" sizes=\"(max-width: 239px) 100vw, 239px\" \/><\/p>\n<p>Adem\u00e1s, se evidenci\u00f3 una importante <strong>flexibilidad en el tiempo de realizaci\u00f3n de las tareas<\/strong>. Algunos estudiantes, como el que observamos en silla de ruedas trabajando concentrado, dispon\u00edan del tiempo necesario para completar sus actividades sin presi\u00f3n, respetando su ritmo de aprendizaje. Esta pr\u00e1ctica fomenta la equidad y permite que cada estudiante alcance su m\u00e1ximo potencial sin sentirse excluido por el ritmo de la clase.<\/p>\n<p><img loading=\"lazy\" decoding=\"async\" class=\"alignnone wp-image-3732\" src=\"https:\/\/blogsaverroes.juntadeandalucia.es\/ceipnuestrasenoradebelen\/files\/2025\/05\/WhatsApp-Image-2025-05-08-at-13.20.51-225x300.jpeg\" alt=\"\" width=\"174\" height=\"232\" srcset=\"https:\/\/blogsaverroes.juntadeandalucia.es\/ceipnuestrasenoradebelen\/files\/2025\/05\/WhatsApp-Image-2025-05-08-at-13.20.51-225x300.jpeg 225w, https:\/\/blogsaverroes.juntadeandalucia.es\/ceipnuestrasenoradebelen\/files\/2025\/05\/WhatsApp-Image-2025-05-08-at-13.20.51-768x1024.jpeg 768w, https:\/\/blogsaverroes.juntadeandalucia.es\/ceipnuestrasenoradebelen\/files\/2025\/05\/WhatsApp-Image-2025-05-08-at-13.20.51-1152x1536.jpeg 1152w, https:\/\/blogsaverroes.juntadeandalucia.es\/ceipnuestrasenoradebelen\/files\/2025\/05\/WhatsApp-Image-2025-05-08-at-13.20.51.jpeg 1200w\" sizes=\"(max-width: 174px) 100vw, 174px\" \/><\/p>\n<p>Otro aspecto fundamental fue la <strong>presencia activa de <\/strong><strong>maestros especialistas<\/strong> que colaboraban en el aula. No se trataba \u00fanicamente de apoyo individualizado, sino de una verdadera <strong>co-docencia<\/strong> en la que se trabajaba en equipo, favoreciendo la inclusi\u00f3n del alumnado con necesidades especiales dentro del grupo clase, sin aislamientos ni actividades paralelas.<\/p>\n<p>Tambi\u00e9n se observ\u00f3 el <strong>uso de <\/strong><strong>din\u00e1micas cooperativas<\/strong>, donde los estudiantes trabajaban en peque\u00f1os grupos resolviendo tareas juntos. Estas din\u00e1micas no solo promueven el aprendizaje entre iguales, sino que desarrollan habilidades sociales, empat\u00eda y colaboraci\u00f3n, elementos esenciales en un entorno inclusivo.<\/p>\n<p><img loading=\"lazy\" decoding=\"async\" class=\"alignnone wp-image-3733\" src=\"https:\/\/blogsaverroes.juntadeandalucia.es\/ceipnuestrasenoradebelen\/files\/2025\/05\/WhatsApp-Image-2025-05-08-at-13.20.53-1-300x225.jpeg\" alt=\"\" width=\"211\" height=\"158\" srcset=\"https:\/\/blogsaverroes.juntadeandalucia.es\/ceipnuestrasenoradebelen\/files\/2025\/05\/WhatsApp-Image-2025-05-08-at-13.20.53-1-300x225.jpeg 300w, https:\/\/blogsaverroes.juntadeandalucia.es\/ceipnuestrasenoradebelen\/files\/2025\/05\/WhatsApp-Image-2025-05-08-at-13.20.53-1-1024x768.jpeg 1024w, https:\/\/blogsaverroes.juntadeandalucia.es\/ceipnuestrasenoradebelen\/files\/2025\/05\/WhatsApp-Image-2025-05-08-at-13.20.53-1-768x576.jpeg 768w, https:\/\/blogsaverroes.juntadeandalucia.es\/ceipnuestrasenoradebelen\/files\/2025\/05\/WhatsApp-Image-2025-05-08-at-13.20.53-1-1536x1152.jpeg 1536w, https:\/\/blogsaverroes.juntadeandalucia.es\/ceipnuestrasenoradebelen\/files\/2025\/05\/WhatsApp-Image-2025-05-08-at-13.20.53-1.jpeg 1600w\" sizes=\"(max-width: 211px) 100vw, 211px\" \/><img loading=\"lazy\" decoding=\"async\" class=\"alignnone wp-image-3734\" src=\"https:\/\/blogsaverroes.juntadeandalucia.es\/ceipnuestrasenoradebelen\/files\/2025\/05\/WhatsApp-Image-2025-05-08-at-13.20.53-2-300x225.jpeg\" alt=\"\" width=\"215\" height=\"161\" srcset=\"https:\/\/blogsaverroes.juntadeandalucia.es\/ceipnuestrasenoradebelen\/files\/2025\/05\/WhatsApp-Image-2025-05-08-at-13.20.53-2-300x225.jpeg 300w, https:\/\/blogsaverroes.juntadeandalucia.es\/ceipnuestrasenoradebelen\/files\/2025\/05\/WhatsApp-Image-2025-05-08-at-13.20.53-2-1024x768.jpeg 1024w, https:\/\/blogsaverroes.juntadeandalucia.es\/ceipnuestrasenoradebelen\/files\/2025\/05\/WhatsApp-Image-2025-05-08-at-13.20.53-2-768x576.jpeg 768w, https:\/\/blogsaverroes.juntadeandalucia.es\/ceipnuestrasenoradebelen\/files\/2025\/05\/WhatsApp-Image-2025-05-08-at-13.20.53-2-1536x1152.jpeg 1536w, https:\/\/blogsaverroes.juntadeandalucia.es\/ceipnuestrasenoradebelen\/files\/2025\/05\/WhatsApp-Image-2025-05-08-at-13.20.53-2.jpeg 1600w\" sizes=\"(max-width: 215px) 100vw, 215px\" \/><\/p>\n<p>Por \u00faltimo, el aula contaba con un espacio organizado con <strong>materiales manipulativos<\/strong> clasificados por \u00e1reas (matem\u00e1ticas, lengua, regulaci\u00f3n emocional), accesibles para todos los estudiantes, lo cual favorece la autoorganizaci\u00f3n y el aprendizaje activo.<\/p>\n<p><img loading=\"lazy\" decoding=\"async\" class=\"alignnone wp-image-3735\" src=\"https:\/\/blogsaverroes.juntadeandalucia.es\/ceipnuestrasenoradebelen\/files\/2025\/05\/WhatsApp-Image-2025-05-08-at-13.20.52-2-225x300.jpeg\" alt=\"\" width=\"172\" height=\"229\" srcset=\"https:\/\/blogsaverroes.juntadeandalucia.es\/ceipnuestrasenoradebelen\/files\/2025\/05\/WhatsApp-Image-2025-05-08-at-13.20.52-2-225x300.jpeg 225w, https:\/\/blogsaverroes.juntadeandalucia.es\/ceipnuestrasenoradebelen\/files\/2025\/05\/WhatsApp-Image-2025-05-08-at-13.20.52-2-768x1024.jpeg 768w, https:\/\/blogsaverroes.juntadeandalucia.es\/ceipnuestrasenoradebelen\/files\/2025\/05\/WhatsApp-Image-2025-05-08-at-13.20.52-2-1152x1536.jpeg 1152w, https:\/\/blogsaverroes.juntadeandalucia.es\/ceipnuestrasenoradebelen\/files\/2025\/05\/WhatsApp-Image-2025-05-08-at-13.20.52-2.jpeg 1200w\" sizes=\"(max-width: 172px) 100vw, 172px\" \/><\/p>\n<p>Esta visita nos ha recordado que la inclusi\u00f3n no se logra \u00fanicamente con adaptaciones curriculares, sino con una filosof\u00eda de respeto a la diversidad que se traduce en pr\u00e1cticas cotidianas, visibles y coherentes.&nbsp;<\/p>\n<p>El \u00faltimo d\u00eda de nuestra visita al centro pudimos observar un <strong>proyecto de arte y ciudadan\u00eda<\/strong> que el alumnado estaba llevando a cabo en el centro. Mediante este proyecto se pretende concienciar al alumnado de que trabajar juntos no es solo una estrategia: es un valor esencial. Cuando docentes, estudiantes, familias y comunidades unen esfuerzos, se construye un entorno en el que cada persona se siente valorada, escuchada y capaz de aportar. Educar en comunidad implica reconocer la diversidad como una riqueza y ofrecer las mismas oportunidades para todos, sin importar sus condiciones, ritmos o estilos de aprendizaje.<\/p>\n<p>Esta filosof\u00eda se ha visto reflejada de forma simb\u00f3lica y creativa en la realizaci\u00f3n de un mural colectivo con la palabra <strong>\u00abENSEMBLE\u00bb<\/strong><strong>,<\/strong> en el que cada letra representa un pa\u00eds europeo distinto. M\u00e1s all\u00e1 de su valor art\u00edstico, el mural se convierte en un mensaje potente: la uni\u00f3n de diferentes culturas, lenguas e historias en un solo proyecto, donde cada parte es importante para construir el todo.<\/p>\n<p>As\u00ed como en Europa cada pa\u00eds aporta su identidad a una convivencia com\u00fan, en el aula cada estudiante es parte indispensable del grupo. \u00abENSAMBLE\u00bb no solo es una palabra, es una forma de entender la educaci\u00f3n: <strong>inclusiva, cooperativa y unida<\/strong>. Un proyecto que deja huella en las paredes, pero sobre todo en los corazones de quienes creen que la mejor manera de aprender es hacerlo juntos.<\/p>\n<p>Adem\u00e1s de todos los aspectos mencionados, esta experiencia ha supuesto una inmersi\u00f3n ling\u00fc\u00edstica total en el idioma franc\u00e9s, lo que permiti\u00f3 mejorar nuestra fluidez y expresi\u00f3n en este idioma. Igualmente, disfrutamos de actividades culturales enriquecedoras que nos permitieron conocer la cultura local.<\/p>\n<p><img loading=\"lazy\" decoding=\"async\" class=\"alignnone wp-image-3736\" src=\"https:\/\/blogsaverroes.juntadeandalucia.es\/ceipnuestrasenoradebelen\/files\/2025\/05\/WhatsApp-Image-2025-05-08-at-13.20.54-3-300x225.jpeg\" alt=\"\" width=\"240\" height=\"180\" srcset=\"https:\/\/blogsaverroes.juntadeandalucia.es\/ceipnuestrasenoradebelen\/files\/2025\/05\/WhatsApp-Image-2025-05-08-at-13.20.54-3-300x225.jpeg 300w, https:\/\/blogsaverroes.juntadeandalucia.es\/ceipnuestrasenoradebelen\/files\/2025\/05\/WhatsApp-Image-2025-05-08-at-13.20.54-3-1024x768.jpeg 1024w, https:\/\/blogsaverroes.juntadeandalucia.es\/ceipnuestrasenoradebelen\/files\/2025\/05\/WhatsApp-Image-2025-05-08-at-13.20.54-3-768x576.jpeg 768w, https:\/\/blogsaverroes.juntadeandalucia.es\/ceipnuestrasenoradebelen\/files\/2025\/05\/WhatsApp-Image-2025-05-08-at-13.20.54-3-1536x1152.jpeg 1536w, https:\/\/blogsaverroes.juntadeandalucia.es\/ceipnuestrasenoradebelen\/files\/2025\/05\/WhatsApp-Image-2025-05-08-at-13.20.54-3.jpeg 1600w\" sizes=\"(max-width: 240px) 100vw, 240px\" \/> &nbsp;<img loading=\"lazy\" decoding=\"async\" class=\"alignnone wp-image-3738\" src=\"https:\/\/blogsaverroes.juntadeandalucia.es\/ceipnuestrasenoradebelen\/files\/2025\/05\/WhatsApp-Image-2025-05-08-at-13.20.54-1-300x225.jpeg\" alt=\"\" width=\"231\" height=\"173\" srcset=\"https:\/\/blogsaverroes.juntadeandalucia.es\/ceipnuestrasenoradebelen\/files\/2025\/05\/WhatsApp-Image-2025-05-08-at-13.20.54-1-300x225.jpeg 300w, https:\/\/blogsaverroes.juntadeandalucia.es\/ceipnuestrasenoradebelen\/files\/2025\/05\/WhatsApp-Image-2025-05-08-at-13.20.54-1-1024x768.jpeg 1024w, https:\/\/blogsaverroes.juntadeandalucia.es\/ceipnuestrasenoradebelen\/files\/2025\/05\/WhatsApp-Image-2025-05-08-at-13.20.54-1-768x576.jpeg 768w, https:\/\/blogsaverroes.juntadeandalucia.es\/ceipnuestrasenoradebelen\/files\/2025\/05\/WhatsApp-Image-2025-05-08-at-13.20.54-1-1536x1152.jpeg 1536w, https:\/\/blogsaverroes.juntadeandalucia.es\/ceipnuestrasenoradebelen\/files\/2025\/05\/WhatsApp-Image-2025-05-08-at-13.20.54-1.jpeg 1600w\" sizes=\"(max-width: 231px) 100vw, 231px\" \/> <img loading=\"lazy\" decoding=\"async\" class=\"alignnone wp-image-3739\" src=\"https:\/\/blogsaverroes.juntadeandalucia.es\/ceipnuestrasenoradebelen\/files\/2025\/05\/WhatsApp-Image-2025-05-08-at-13.20.54-225x300.jpeg\" alt=\"\" width=\"198\" height=\"264\" srcset=\"https:\/\/blogsaverroes.juntadeandalucia.es\/ceipnuestrasenoradebelen\/files\/2025\/05\/WhatsApp-Image-2025-05-08-at-13.20.54-225x300.jpeg 225w, https:\/\/blogsaverroes.juntadeandalucia.es\/ceipnuestrasenoradebelen\/files\/2025\/05\/WhatsApp-Image-2025-05-08-at-13.20.54-768x1024.jpeg 768w, https:\/\/blogsaverroes.juntadeandalucia.es\/ceipnuestrasenoradebelen\/files\/2025\/05\/WhatsApp-Image-2025-05-08-at-13.20.54-1152x1536.jpeg 1152w, https:\/\/blogsaverroes.juntadeandalucia.es\/ceipnuestrasenoradebelen\/files\/2025\/05\/WhatsApp-Image-2025-05-08-at-13.20.54.jpeg 1200w\" sizes=\"(max-width: 198px) 100vw, 198px\" \/><img loading=\"lazy\" decoding=\"async\" class=\"alignnone size-medium wp-image-3737\" src=\"https:\/\/blogsaverroes.juntadeandalucia.es\/ceipnuestrasenoradebelen\/files\/2025\/05\/WhatsApp-Image-2025-05-08-at-13.20.54-2-300x225.jpeg\" alt=\"\" width=\"300\" height=\"225\" srcset=\"https:\/\/blogsaverroes.juntadeandalucia.es\/ceipnuestrasenoradebelen\/files\/2025\/05\/WhatsApp-Image-2025-05-08-at-13.20.54-2-300x225.jpeg 300w, https:\/\/blogsaverroes.juntadeandalucia.es\/ceipnuestrasenoradebelen\/files\/2025\/05\/WhatsApp-Image-2025-05-08-at-13.20.54-2-1024x768.jpeg 1024w, https:\/\/blogsaverroes.juntadeandalucia.es\/ceipnuestrasenoradebelen\/files\/2025\/05\/WhatsApp-Image-2025-05-08-at-13.20.54-2-768x576.jpeg 768w, https:\/\/blogsaverroes.juntadeandalucia.es\/ceipnuestrasenoradebelen\/files\/2025\/05\/WhatsApp-Image-2025-05-08-at-13.20.54-2-1536x1152.jpeg 1536w, https:\/\/blogsaverroes.juntadeandalucia.es\/ceipnuestrasenoradebelen\/files\/2025\/05\/WhatsApp-Image-2025-05-08-at-13.20.54-2.jpeg 1600w\" sizes=\"(max-width: 300px) 100vw, 300px\" \/><\/p>\n<p>&nbsp;<\/p>\n","protected":false},"excerpt":{"rendered":"<p>La semana del 24 al 29 de abril, las compa\u00f1eras do\u00f1a Catalina Fuentes y do\u00f1a Amparo Polo, se desplazaron a la localidad francesa de Le Mans para realizar una visita de observaci\u00f3n en el&#46;&#46;&#46;<\/p>\n","protected":false},"author":5528,"featured_media":3762,"comment_status":"open","ping_status":"open","sticky":false,"template":"","format":"standard","meta":{"ngg_post_thumbnail":0,"footnotes":""},"categories":[11909],"tags":[],"aioseo_notices":[],"_links":{"self":[{"href":"https:\/\/blogsaverroes.juntadeandalucia.es\/ceipnuestrasenoradebelen\/wp-json\/wp\/v2\/posts\/3742"}],"collection":[{"href":"https:\/\/blogsaverroes.juntadeandalucia.es\/ceipnuestrasenoradebelen\/wp-json\/wp\/v2\/posts"}],"about":[{"href":"https:\/\/blogsaverroes.juntadeandalucia.es\/ceipnuestrasenoradebelen\/wp-json\/wp\/v2\/types\/post"}],"author":[{"embeddable":true,"href":"https:\/\/blogsaverroes.juntadeandalucia.es\/ceipnuestrasenoradebelen\/wp-json\/wp\/v2\/users\/5528"}],"replies":[{"embeddable":true,"href":"https:\/\/blogsaverroes.juntadeandalucia.es\/ceipnuestrasenoradebelen\/wp-json\/wp\/v2\/comments?post=3742"}],"version-history":[{"count":2,"href":"https:\/\/blogsaverroes.juntadeandalucia.es\/ceipnuestrasenoradebelen\/wp-json\/wp\/v2\/posts\/3742\/revisions"}],"predecessor-version":[{"id":3761,"href":"https:\/\/blogsaverroes.juntadeandalucia.es\/ceipnuestrasenoradebelen\/wp-json\/wp\/v2\/posts\/3742\/revisions\/3761"}],"wp:featuredmedia":[{"embeddable":true,"href":"https:\/\/blogsaverroes.juntadeandalucia.es\/ceipnuestrasenoradebelen\/wp-json\/wp\/v2\/media\/3762"}],"wp:attachment":[{"href":"https:\/\/blogsaverroes.juntadeandalucia.es\/ceipnuestrasenoradebelen\/wp-json\/wp\/v2\/media?parent=3742"}],"wp:term":[{"taxonomy":"category","embeddable":true,"href":"https:\/\/blogsaverroes.juntadeandalucia.es\/ceipnuestrasenoradebelen\/wp-json\/wp\/v2\/categories?post=3742"},{"taxonomy":"post_tag","embeddable":true,"href":"https:\/\/blogsaverroes.juntadeandalucia.es\/ceipnuestrasenoradebelen\/wp-json\/wp\/v2\/tags?post=3742"}],"curies":[{"name":"wp","href":"https:\/\/api.w.org\/{rel}","templated":true}]}}