{"id":1584,"date":"2024-10-28T17:18:44","date_gmt":"2024-10-28T16:18:44","guid":{"rendered":"https:\/\/blogsaverroes.juntadeandalucia.es\/ceipnuestrasenoradelapaz\/?p=1584"},"modified":"2024-10-28T17:18:44","modified_gmt":"2024-10-28T16:18:44","slug":"merienda-de-halloween-una-tarde-divertida-y-solidaria-en-el-colegio","status":"publish","type":"post","link":"https:\/\/blogsaverroes.juntadeandalucia.es\/ceipnuestrasenoradelapaz\/merienda-de-halloween-una-tarde-divertida-y-solidaria-en-el-colegio\/","title":{"rendered":"Merienda de Halloween: una tarde divertida y solidaria en el colegio"},"content":{"rendered":"<p>Hoy, nuestro AMPA &#8220;Semillas de Paz&#8221;&nbsp; ha organizado una espeluznante y deliciosa merienda de Halloween para todos los estudiantes, familias y personal del colegio. Adem\u00e1s de ser una tarde llena de diversi\u00f3n y dulces, el evento ten\u00eda un prop\u00f3sito especial: recaudar fondos para apoyar diversas actividades y proyectos escolares. Nos sentimos agradecidos y emocionados por la gran participaci\u00f3n y el ambiente festivo que vivimos juntos.<\/p>\n<p>La merienda comenz\u00f3 a las 16:00 horas en el gimnasio del colegio, que se transform\u00f3 en un aut\u00e9ntico escenario de Halloween, con decoraciones que iban desde globos y murales, hasta personajes terror\u00edficos y telara\u00f1as. La comunidad escolar mostr\u00f3 un incre\u00edble esp\u00edritu de colaboraci\u00f3n.<\/p>\n<p style=\"text-align: center\"><strong>Fue una oportunidad perfecta para que familias y amigos se reunieran y disfrutaran de un ambiente seguro y amigable.<\/strong><\/p>\n<p>Queremos expresar nuestro m\u00e1s sincero agradecimiento a todos los padres, madres, profesores y estudiantes que contribuyeron con su tiempo, esfuerzo y entusiasmo para hacer posible esta merienda. Sin duda, fue una tarde divertida, llena de esp\u00edritu comunitario, y estamos felices de ver a nuestra comunidad unida por una causa tan importante.<\/p>\n<p>Esta merienda de Halloween fue solo un ejemplo m\u00e1s de c\u00f3mo el AMPA y nuestra comunidad escolar trabajan juntos para crear momentos inolvidables y aportar a la educaci\u00f3n de nuestro alumnado. \u00a1Gracias a todos por hacerlo posible y nos vemos en el pr\u00f3ximo evento!<\/p>\n<p><img fetchpriority=\"high\" decoding=\"async\" class=\"alignnone size-large wp-image-1585\" src=\"https:\/\/blogsaverroes.juntadeandalucia.es\/ceipnuestrasenoradelapaz\/files\/2024\/10\/Imagen-de-WhatsApp-2024-10-28-a-las-16.56.06_e801b922-1024x769.jpg\" alt=\"\" width=\"1024\" height=\"769\" srcset=\"https:\/\/blogsaverroes.juntadeandalucia.es\/ceipnuestrasenoradelapaz\/files\/2024\/10\/Imagen-de-WhatsApp-2024-10-28-a-las-16.56.06_e801b922-1024x769.jpg 1024w, https:\/\/blogsaverroes.juntadeandalucia.es\/ceipnuestrasenoradelapaz\/files\/2024\/10\/Imagen-de-WhatsApp-2024-10-28-a-las-16.56.06_e801b922-300x225.jpg 300w, https:\/\/blogsaverroes.juntadeandalucia.es\/ceipnuestrasenoradelapaz\/files\/2024\/10\/Imagen-de-WhatsApp-2024-10-28-a-las-16.56.06_e801b922-768x576.jpg 768w, https:\/\/blogsaverroes.juntadeandalucia.es\/ceipnuestrasenoradelapaz\/files\/2024\/10\/Imagen-de-WhatsApp-2024-10-28-a-las-16.56.06_e801b922-1536x1153.jpg 1536w, https:\/\/blogsaverroes.juntadeandalucia.es\/ceipnuestrasenoradelapaz\/files\/2024\/10\/Imagen-de-WhatsApp-2024-10-28-a-las-16.56.06_e801b922.jpg 1600w\" sizes=\"(max-width: 1024px) 100vw, 1024px\" \/> <img decoding=\"async\" class=\"alignnone wp-image-1586 size-large\" src=\"https:\/\/blogsaverroes.juntadeandalucia.es\/ceipnuestrasenoradelapaz\/files\/2024\/10\/Imagen-de-WhatsApp-2024-10-28-a-las-16.56.06_e0ad2fa7-1024x769.jpg\" alt=\"\" width=\"1024\" height=\"769\" srcset=\"https:\/\/blogsaverroes.juntadeandalucia.es\/ceipnuestrasenoradelapaz\/files\/2024\/10\/Imagen-de-WhatsApp-2024-10-28-a-las-16.56.06_e0ad2fa7-1024x769.jpg 1024w, https:\/\/blogsaverroes.juntadeandalucia.es\/ceipnuestrasenoradelapaz\/files\/2024\/10\/Imagen-de-WhatsApp-2024-10-28-a-las-16.56.06_e0ad2fa7-300x225.jpg 300w, https:\/\/blogsaverroes.juntadeandalucia.es\/ceipnuestrasenoradelapaz\/files\/2024\/10\/Imagen-de-WhatsApp-2024-10-28-a-las-16.56.06_e0ad2fa7-768x576.jpg 768w, https:\/\/blogsaverroes.juntadeandalucia.es\/ceipnuestrasenoradelapaz\/files\/2024\/10\/Imagen-de-WhatsApp-2024-10-28-a-las-16.56.06_e0ad2fa7-1536x1153.jpg 1536w, https:\/\/blogsaverroes.juntadeandalucia.es\/ceipnuestrasenoradelapaz\/files\/2024\/10\/Imagen-de-WhatsApp-2024-10-28-a-las-16.56.06_e0ad2fa7.jpg 1600w\" sizes=\"(max-width: 1024px) 100vw, 1024px\" \/> <img decoding=\"async\" class=\"alignnone wp-image-1587 size-large\" src=\"https:\/\/blogsaverroes.juntadeandalucia.es\/ceipnuestrasenoradelapaz\/files\/2024\/10\/Imagen-de-WhatsApp-2024-10-28-a-las-16.56.06_3259fd24-1024x802.jpg\" alt=\"\" width=\"1024\" height=\"802\" srcset=\"https:\/\/blogsaverroes.juntadeandalucia.es\/ceipnuestrasenoradelapaz\/files\/2024\/10\/Imagen-de-WhatsApp-2024-10-28-a-las-16.56.06_3259fd24-1024x802.jpg 1024w, https:\/\/blogsaverroes.juntadeandalucia.es\/ceipnuestrasenoradelapaz\/files\/2024\/10\/Imagen-de-WhatsApp-2024-10-28-a-las-16.56.06_3259fd24-300x235.jpg 300w, https:\/\/blogsaverroes.juntadeandalucia.es\/ceipnuestrasenoradelapaz\/files\/2024\/10\/Imagen-de-WhatsApp-2024-10-28-a-las-16.56.06_3259fd24-768x601.jpg 768w, https:\/\/blogsaverroes.juntadeandalucia.es\/ceipnuestrasenoradelapaz\/files\/2024\/10\/Imagen-de-WhatsApp-2024-10-28-a-las-16.56.06_3259fd24-1536x1203.jpg 1536w, https:\/\/blogsaverroes.juntadeandalucia.es\/ceipnuestrasenoradelapaz\/files\/2024\/10\/Imagen-de-WhatsApp-2024-10-28-a-las-16.56.06_3259fd24.jpg 1600w\" sizes=\"(max-width: 1024px) 100vw, 1024px\" \/> <img loading=\"lazy\" decoding=\"async\" class=\"alignnone wp-image-1588 size-large\" src=\"https:\/\/blogsaverroes.juntadeandalucia.es\/ceipnuestrasenoradelapaz\/files\/2024\/10\/Imagen-de-WhatsApp-2024-10-28-a-las-16.56.05_380f2194-716x1024.jpg\" alt=\"\" width=\"716\" height=\"1024\" srcset=\"https:\/\/blogsaverroes.juntadeandalucia.es\/ceipnuestrasenoradelapaz\/files\/2024\/10\/Imagen-de-WhatsApp-2024-10-28-a-las-16.56.05_380f2194-716x1024.jpg 716w, https:\/\/blogsaverroes.juntadeandalucia.es\/ceipnuestrasenoradelapaz\/files\/2024\/10\/Imagen-de-WhatsApp-2024-10-28-a-las-16.56.05_380f2194-210x300.jpg 210w, https:\/\/blogsaverroes.juntadeandalucia.es\/ceipnuestrasenoradelapaz\/files\/2024\/10\/Imagen-de-WhatsApp-2024-10-28-a-las-16.56.05_380f2194-768x1099.jpg 768w, https:\/\/blogsaverroes.juntadeandalucia.es\/ceipnuestrasenoradelapaz\/files\/2024\/10\/Imagen-de-WhatsApp-2024-10-28-a-las-16.56.05_380f2194-1073x1536.jpg 1073w, https:\/\/blogsaverroes.juntadeandalucia.es\/ceipnuestrasenoradelapaz\/files\/2024\/10\/Imagen-de-WhatsApp-2024-10-28-a-las-16.56.05_380f2194.jpg 1118w\" sizes=\"(max-width: 716px) 100vw, 716px\" \/> <img loading=\"lazy\" decoding=\"async\" class=\"alignnone wp-image-1589 size-large\" src=\"https:\/\/blogsaverroes.juntadeandalucia.es\/ceipnuestrasenoradelapaz\/files\/2024\/10\/Imagen-de-WhatsApp-2024-10-28-a-las-16.56.05_6da63f1f-769x1024.jpg\" alt=\"\" width=\"769\" height=\"1024\" srcset=\"https:\/\/blogsaverroes.juntadeandalucia.es\/ceipnuestrasenoradelapaz\/files\/2024\/10\/Imagen-de-WhatsApp-2024-10-28-a-las-16.56.05_6da63f1f-769x1024.jpg 769w, https:\/\/blogsaverroes.juntadeandalucia.es\/ceipnuestrasenoradelapaz\/files\/2024\/10\/Imagen-de-WhatsApp-2024-10-28-a-las-16.56.05_6da63f1f-225x300.jpg 225w, https:\/\/blogsaverroes.juntadeandalucia.es\/ceipnuestrasenoradelapaz\/files\/2024\/10\/Imagen-de-WhatsApp-2024-10-28-a-las-16.56.05_6da63f1f-768x1023.jpg 768w, https:\/\/blogsaverroes.juntadeandalucia.es\/ceipnuestrasenoradelapaz\/files\/2024\/10\/Imagen-de-WhatsApp-2024-10-28-a-las-16.56.05_6da63f1f-1153x1536.jpg 1153w, https:\/\/blogsaverroes.juntadeandalucia.es\/ceipnuestrasenoradelapaz\/files\/2024\/10\/Imagen-de-WhatsApp-2024-10-28-a-las-16.56.05_6da63f1f.jpg 1201w\" sizes=\"(max-width: 769px) 100vw, 769px\" \/><\/p>\n","protected":false},"excerpt":{"rendered":"<p>Hoy, nuestro AMPA &#8220;Semillas de Paz&#8221;&nbsp; ha organizado una espeluznante y deliciosa merienda de Halloween para todos los estudiantes, familias y personal del colegio. Adem\u00e1s de ser una tarde llena de diversi\u00f3n y dulces,&#46;&#46;&#46;<\/p>\n","protected":false},"author":17251,"featured_media":1587,"comment_status":"closed","ping_status":"open","sticky":false,"template":"","format":"standard","meta":{"ngg_post_thumbnail":0,"footnotes":""},"categories":[16],"tags":[],"aioseo_notices":[],"_links":{"self":[{"href":"https:\/\/blogsaverroes.juntadeandalucia.es\/ceipnuestrasenoradelapaz\/wp-json\/wp\/v2\/posts\/1584"}],"collection":[{"href":"https:\/\/blogsaverroes.juntadeandalucia.es\/ceipnuestrasenoradelapaz\/wp-json\/wp\/v2\/posts"}],"about":[{"href":"https:\/\/blogsaverroes.juntadeandalucia.es\/ceipnuestrasenoradelapaz\/wp-json\/wp\/v2\/types\/post"}],"author":[{"embeddable":true,"href":"https:\/\/blogsaverroes.juntadeandalucia.es\/ceipnuestrasenoradelapaz\/wp-json\/wp\/v2\/users\/17251"}],"replies":[{"embeddable":true,"href":"https:\/\/blogsaverroes.juntadeandalucia.es\/ceipnuestrasenoradelapaz\/wp-json\/wp\/v2\/comments?post=1584"}],"version-history":[{"count":1,"href":"https:\/\/blogsaverroes.juntadeandalucia.es\/ceipnuestrasenoradelapaz\/wp-json\/wp\/v2\/posts\/1584\/revisions"}],"predecessor-version":[{"id":1590,"href":"https:\/\/blogsaverroes.juntadeandalucia.es\/ceipnuestrasenoradelapaz\/wp-json\/wp\/v2\/posts\/1584\/revisions\/1590"}],"wp:featuredmedia":[{"embeddable":true,"href":"https:\/\/blogsaverroes.juntadeandalucia.es\/ceipnuestrasenoradelapaz\/wp-json\/wp\/v2\/media\/1587"}],"wp:attachment":[{"href":"https:\/\/blogsaverroes.juntadeandalucia.es\/ceipnuestrasenoradelapaz\/wp-json\/wp\/v2\/media?parent=1584"}],"wp:term":[{"taxonomy":"category","embeddable":true,"href":"https:\/\/blogsaverroes.juntadeandalucia.es\/ceipnuestrasenoradelapaz\/wp-json\/wp\/v2\/categories?post=1584"},{"taxonomy":"post_tag","embeddable":true,"href":"https:\/\/blogsaverroes.juntadeandalucia.es\/ceipnuestrasenoradelapaz\/wp-json\/wp\/v2\/tags?post=1584"}],"curies":[{"name":"wp","href":"https:\/\/api.w.org\/{rel}","templated":true}]}}