{"id":1965,"date":"2025-02-14T13:38:02","date_gmt":"2025-02-14T12:38:02","guid":{"rendered":"https:\/\/blogsaverroes.juntadeandalucia.es\/ceipnuestrasenoradelapaz\/?p=1965"},"modified":"2025-02-14T13:41:23","modified_gmt":"2025-02-14T12:41:23","slug":"1965-2","status":"publish","type":"post","link":"https:\/\/blogsaverroes.juntadeandalucia.es\/ceipnuestrasenoradelapaz\/1965-2\/","title":{"rendered":"La Chandeleur: Una dulce tradici\u00f3n francesa en nuestro centro \ud83e\udd5e"},"content":{"rendered":"<p>Esta semana hemos tenido el placer de recibir la visita de dos mujeres que nos han acercado a una deliciosa tradici\u00f3n francesa: <strong>la Chandeleur,<\/strong> conocida en espa\u00f1ol como la Candelaria. Esta festividad, que se celebra cada 2 de febrero en Francia, ha evolucionado hasta convertirse en el &#8220;D\u00eda de la Crepe&#8221;, una jornada en la que las familias disfrutan de este postre tan caracter\u00edstico. \ud83c\udf89<\/p>\n<p>El jueves y el viernes, nuestro centro se impregn\u00f3 del aroma de las crepes gracias a nuestras invitadas especiales, quienes no solo nos deleitaron con su sabor, sino que tambi\u00e9n nos permitieron conocer mejor la cultura francesa. \ud83d\ude0b<\/p>\n<p>Para el alumnado de 5.\u00ba y 6.\u00ba de primaria, contamos con la presencia de G\u00e9raldine, profesora de la Escuela Oficial de Idiomas. Su visita no solo fue una oportunidad para probar crepes, sino tambi\u00e9n para destacar la importancia de la colaboraci\u00f3n entre centros educativos.&nbsp;&nbsp;<\/p>\n<p>Por otro lado, en el ciclo de infantil, tuvimos la suerte de contar con Carmen, profesora de franc\u00e9s en el instituto P\u00e9rez de Guzm\u00e1n y madre de una de nuestras alumnas.&nbsp; Aunque no es francesa, su amor por la lengua y su cultura permiti\u00f3 que los m\u00e1s peque\u00f1os disfrutaran de una experiencia l\u00fadica y sensorial. Su participaci\u00f3n tambi\u00e9n reforz\u00f3 el trabajo entre centros educativos.<\/p>\n<p>Agradecemos profundamente a G\u00e9raldine y a Carmen por su tiempo, su generosidad y su pasi\u00f3n por compartir sus conocimientos y costumbres con nuestro alumnado.&nbsp; Sin duda, esta experiencia nos ha dejado un dulce recuerdo y el deseo de seguir explorando nuevas culturas a trav\u00e9s de sus tradiciones gastron\u00f3micas. \ud83c\udf0d\ud83c\udf7d\ufe0f<\/p>\n<p style=\"text-align: center\"><strong>\u00a1Esperamos repetir esta deliciosa experiencia el pr\u00f3ximo a\u00f1o! Merci beaucoup! \ud83e\udd5e\u2728<\/strong><\/p>\n<p><img fetchpriority=\"high\" decoding=\"async\" class=\"alignnone size-full wp-image-1966\" src=\"https:\/\/blogsaverroes.juntadeandalucia.es\/ceipnuestrasenoradelapaz\/files\/2025\/02\/Imagen-de-WhatsApp-2025-02-14-a-las-12.47.00_73d40e3f.jpg\" alt=\"\" width=\"1110\" height=\"1600\" srcset=\"https:\/\/blogsaverroes.juntadeandalucia.es\/ceipnuestrasenoradelapaz\/files\/2025\/02\/Imagen-de-WhatsApp-2025-02-14-a-las-12.47.00_73d40e3f.jpg 1110w, https:\/\/blogsaverroes.juntadeandalucia.es\/ceipnuestrasenoradelapaz\/files\/2025\/02\/Imagen-de-WhatsApp-2025-02-14-a-las-12.47.00_73d40e3f-208x300.jpg 208w, https:\/\/blogsaverroes.juntadeandalucia.es\/ceipnuestrasenoradelapaz\/files\/2025\/02\/Imagen-de-WhatsApp-2025-02-14-a-las-12.47.00_73d40e3f-710x1024.jpg 710w, https:\/\/blogsaverroes.juntadeandalucia.es\/ceipnuestrasenoradelapaz\/files\/2025\/02\/Imagen-de-WhatsApp-2025-02-14-a-las-12.47.00_73d40e3f-768x1107.jpg 768w, https:\/\/blogsaverroes.juntadeandalucia.es\/ceipnuestrasenoradelapaz\/files\/2025\/02\/Imagen-de-WhatsApp-2025-02-14-a-las-12.47.00_73d40e3f-1066x1536.jpg 1066w\" sizes=\"(max-width: 1110px) 100vw, 1110px\" \/> <img decoding=\"async\" class=\"alignnone size-full wp-image-1967\" src=\"https:\/\/blogsaverroes.juntadeandalucia.es\/ceipnuestrasenoradelapaz\/files\/2025\/02\/Imagen-de-WhatsApp-2025-02-14-a-las-12.45.58_5076513b.jpg\" alt=\"\" width=\"1204\" height=\"1600\" srcset=\"https:\/\/blogsaverroes.juntadeandalucia.es\/ceipnuestrasenoradelapaz\/files\/2025\/02\/Imagen-de-WhatsApp-2025-02-14-a-las-12.45.58_5076513b.jpg 1204w, https:\/\/blogsaverroes.juntadeandalucia.es\/ceipnuestrasenoradelapaz\/files\/2025\/02\/Imagen-de-WhatsApp-2025-02-14-a-las-12.45.58_5076513b-226x300.jpg 226w, https:\/\/blogsaverroes.juntadeandalucia.es\/ceipnuestrasenoradelapaz\/files\/2025\/02\/Imagen-de-WhatsApp-2025-02-14-a-las-12.45.58_5076513b-771x1024.jpg 771w, https:\/\/blogsaverroes.juntadeandalucia.es\/ceipnuestrasenoradelapaz\/files\/2025\/02\/Imagen-de-WhatsApp-2025-02-14-a-las-12.45.58_5076513b-768x1021.jpg 768w, https:\/\/blogsaverroes.juntadeandalucia.es\/ceipnuestrasenoradelapaz\/files\/2025\/02\/Imagen-de-WhatsApp-2025-02-14-a-las-12.45.58_5076513b-1156x1536.jpg 1156w\" sizes=\"(max-width: 1204px) 100vw, 1204px\" \/> <img decoding=\"async\" class=\"alignnone size-full wp-image-1968\" src=\"https:\/\/blogsaverroes.juntadeandalucia.es\/ceipnuestrasenoradelapaz\/files\/2025\/02\/Imagen-de-WhatsApp-2025-02-14-a-las-12.46.04_5c2039bc.jpg\" alt=\"\" width=\"902\" height=\"1600\" srcset=\"https:\/\/blogsaverroes.juntadeandalucia.es\/ceipnuestrasenoradelapaz\/files\/2025\/02\/Imagen-de-WhatsApp-2025-02-14-a-las-12.46.04_5c2039bc.jpg 902w, https:\/\/blogsaverroes.juntadeandalucia.es\/ceipnuestrasenoradelapaz\/files\/2025\/02\/Imagen-de-WhatsApp-2025-02-14-a-las-12.46.04_5c2039bc-169x300.jpg 169w, https:\/\/blogsaverroes.juntadeandalucia.es\/ceipnuestrasenoradelapaz\/files\/2025\/02\/Imagen-de-WhatsApp-2025-02-14-a-las-12.46.04_5c2039bc-577x1024.jpg 577w, https:\/\/blogsaverroes.juntadeandalucia.es\/ceipnuestrasenoradelapaz\/files\/2025\/02\/Imagen-de-WhatsApp-2025-02-14-a-las-12.46.04_5c2039bc-768x1362.jpg 768w, https:\/\/blogsaverroes.juntadeandalucia.es\/ceipnuestrasenoradelapaz\/files\/2025\/02\/Imagen-de-WhatsApp-2025-02-14-a-las-12.46.04_5c2039bc-866x1536.jpg 866w\" sizes=\"(max-width: 902px) 100vw, 902px\" \/> <img loading=\"lazy\" decoding=\"async\" class=\"alignnone size-full wp-image-1969\" src=\"https:\/\/blogsaverroes.juntadeandalucia.es\/ceipnuestrasenoradelapaz\/files\/2025\/02\/Imagen-de-WhatsApp-2025-02-14-a-las-12.46.05_f9e6e8f3.jpg\" alt=\"\" width=\"902\" height=\"1600\" srcset=\"https:\/\/blogsaverroes.juntadeandalucia.es\/ceipnuestrasenoradelapaz\/files\/2025\/02\/Imagen-de-WhatsApp-2025-02-14-a-las-12.46.05_f9e6e8f3.jpg 902w, https:\/\/blogsaverroes.juntadeandalucia.es\/ceipnuestrasenoradelapaz\/files\/2025\/02\/Imagen-de-WhatsApp-2025-02-14-a-las-12.46.05_f9e6e8f3-169x300.jpg 169w, https:\/\/blogsaverroes.juntadeandalucia.es\/ceipnuestrasenoradelapaz\/files\/2025\/02\/Imagen-de-WhatsApp-2025-02-14-a-las-12.46.05_f9e6e8f3-577x1024.jpg 577w, https:\/\/blogsaverroes.juntadeandalucia.es\/ceipnuestrasenoradelapaz\/files\/2025\/02\/Imagen-de-WhatsApp-2025-02-14-a-las-12.46.05_f9e6e8f3-768x1362.jpg 768w, https:\/\/blogsaverroes.juntadeandalucia.es\/ceipnuestrasenoradelapaz\/files\/2025\/02\/Imagen-de-WhatsApp-2025-02-14-a-las-12.46.05_f9e6e8f3-866x1536.jpg 866w\" sizes=\"(max-width: 902px) 100vw, 902px\" \/> <img loading=\"lazy\" decoding=\"async\" class=\"alignnone size-full wp-image-1970\" src=\"https:\/\/blogsaverroes.juntadeandalucia.es\/ceipnuestrasenoradelapaz\/files\/2025\/02\/Imagen-de-WhatsApp-2025-02-13-a-las-16.49.18_9391d236.jpg\" alt=\"\" width=\"1536\" height=\"2048\" srcset=\"https:\/\/blogsaverroes.juntadeandalucia.es\/ceipnuestrasenoradelapaz\/files\/2025\/02\/Imagen-de-WhatsApp-2025-02-13-a-las-16.49.18_9391d236.jpg 1536w, https:\/\/blogsaverroes.juntadeandalucia.es\/ceipnuestrasenoradelapaz\/files\/2025\/02\/Imagen-de-WhatsApp-2025-02-13-a-las-16.49.18_9391d236-225x300.jpg 225w, https:\/\/blogsaverroes.juntadeandalucia.es\/ceipnuestrasenoradelapaz\/files\/2025\/02\/Imagen-de-WhatsApp-2025-02-13-a-las-16.49.18_9391d236-768x1024.jpg 768w, https:\/\/blogsaverroes.juntadeandalucia.es\/ceipnuestrasenoradelapaz\/files\/2025\/02\/Imagen-de-WhatsApp-2025-02-13-a-las-16.49.18_9391d236-1152x1536.jpg 1152w\" sizes=\"(max-width: 1536px) 100vw, 1536px\" \/> <img loading=\"lazy\" decoding=\"async\" class=\"alignnone size-full wp-image-1971\" src=\"https:\/\/blogsaverroes.juntadeandalucia.es\/ceipnuestrasenoradelapaz\/files\/2025\/02\/Imagen-de-WhatsApp-2025-02-13-a-las-16.49.19_f1e68c87.jpg\" alt=\"\" width=\"1536\" height=\"2048\" srcset=\"https:\/\/blogsaverroes.juntadeandalucia.es\/ceipnuestrasenoradelapaz\/files\/2025\/02\/Imagen-de-WhatsApp-2025-02-13-a-las-16.49.19_f1e68c87.jpg 1536w, https:\/\/blogsaverroes.juntadeandalucia.es\/ceipnuestrasenoradelapaz\/files\/2025\/02\/Imagen-de-WhatsApp-2025-02-13-a-las-16.49.19_f1e68c87-225x300.jpg 225w, https:\/\/blogsaverroes.juntadeandalucia.es\/ceipnuestrasenoradelapaz\/files\/2025\/02\/Imagen-de-WhatsApp-2025-02-13-a-las-16.49.19_f1e68c87-768x1024.jpg 768w, https:\/\/blogsaverroes.juntadeandalucia.es\/ceipnuestrasenoradelapaz\/files\/2025\/02\/Imagen-de-WhatsApp-2025-02-13-a-las-16.49.19_f1e68c87-1152x1536.jpg 1152w\" sizes=\"(max-width: 1536px) 100vw, 1536px\" \/> <img loading=\"lazy\" decoding=\"async\" class=\"alignnone size-full wp-image-1972\" src=\"https:\/\/blogsaverroes.juntadeandalucia.es\/ceipnuestrasenoradelapaz\/files\/2025\/02\/Imagen-de-WhatsApp-2025-02-13-a-las-16.49.20_a1966a50.jpg\" alt=\"\" width=\"2048\" height=\"1536\" srcset=\"https:\/\/blogsaverroes.juntadeandalucia.es\/ceipnuestrasenoradelapaz\/files\/2025\/02\/Imagen-de-WhatsApp-2025-02-13-a-las-16.49.20_a1966a50.jpg 2048w, https:\/\/blogsaverroes.juntadeandalucia.es\/ceipnuestrasenoradelapaz\/files\/2025\/02\/Imagen-de-WhatsApp-2025-02-13-a-las-16.49.20_a1966a50-300x225.jpg 300w, https:\/\/blogsaverroes.juntadeandalucia.es\/ceipnuestrasenoradelapaz\/files\/2025\/02\/Imagen-de-WhatsApp-2025-02-13-a-las-16.49.20_a1966a50-1024x768.jpg 1024w, https:\/\/blogsaverroes.juntadeandalucia.es\/ceipnuestrasenoradelapaz\/files\/2025\/02\/Imagen-de-WhatsApp-2025-02-13-a-las-16.49.20_a1966a50-768x576.jpg 768w, https:\/\/blogsaverroes.juntadeandalucia.es\/ceipnuestrasenoradelapaz\/files\/2025\/02\/Imagen-de-WhatsApp-2025-02-13-a-las-16.49.20_a1966a50-1536x1152.jpg 1536w\" sizes=\"(max-width: 2048px) 100vw, 2048px\" \/><\/p>\n<p>&nbsp;<\/p>\n","protected":false},"excerpt":{"rendered":"<p>Esta semana hemos tenido el placer de recibir la visita de dos mujeres que nos han acercado a una deliciosa tradici\u00f3n francesa: la Chandeleur, conocida en espa\u00f1ol como la Candelaria. Esta festividad, que se&#46;&#46;&#46;<\/p>\n","protected":false},"author":17251,"featured_media":1976,"comment_status":"closed","ping_status":"open","sticky":false,"template":"","format":"standard","meta":{"ngg_post_thumbnail":0,"footnotes":""},"categories":[14,17,1],"tags":[],"aioseo_notices":[],"_links":{"self":[{"href":"https:\/\/blogsaverroes.juntadeandalucia.es\/ceipnuestrasenoradelapaz\/wp-json\/wp\/v2\/posts\/1965"}],"collection":[{"href":"https:\/\/blogsaverroes.juntadeandalucia.es\/ceipnuestrasenoradelapaz\/wp-json\/wp\/v2\/posts"}],"about":[{"href":"https:\/\/blogsaverroes.juntadeandalucia.es\/ceipnuestrasenoradelapaz\/wp-json\/wp\/v2\/types\/post"}],"author":[{"embeddable":true,"href":"https:\/\/blogsaverroes.juntadeandalucia.es\/ceipnuestrasenoradelapaz\/wp-json\/wp\/v2\/users\/17251"}],"replies":[{"embeddable":true,"href":"https:\/\/blogsaverroes.juntadeandalucia.es\/ceipnuestrasenoradelapaz\/wp-json\/wp\/v2\/comments?post=1965"}],"version-history":[{"count":3,"href":"https:\/\/blogsaverroes.juntadeandalucia.es\/ceipnuestrasenoradelapaz\/wp-json\/wp\/v2\/posts\/1965\/revisions"}],"predecessor-version":[{"id":1974,"href":"https:\/\/blogsaverroes.juntadeandalucia.es\/ceipnuestrasenoradelapaz\/wp-json\/wp\/v2\/posts\/1965\/revisions\/1974"}],"wp:featuredmedia":[{"embeddable":true,"href":"https:\/\/blogsaverroes.juntadeandalucia.es\/ceipnuestrasenoradelapaz\/wp-json\/wp\/v2\/media\/1976"}],"wp:attachment":[{"href":"https:\/\/blogsaverroes.juntadeandalucia.es\/ceipnuestrasenoradelapaz\/wp-json\/wp\/v2\/media?parent=1965"}],"wp:term":[{"taxonomy":"category","embeddable":true,"href":"https:\/\/blogsaverroes.juntadeandalucia.es\/ceipnuestrasenoradelapaz\/wp-json\/wp\/v2\/categories?post=1965"},{"taxonomy":"post_tag","embeddable":true,"href":"https:\/\/blogsaverroes.juntadeandalucia.es\/ceipnuestrasenoradelapaz\/wp-json\/wp\/v2\/tags?post=1965"}],"curies":[{"name":"wp","href":"https:\/\/api.w.org\/{rel}","templated":true}]}}