{"id":1977,"date":"2025-02-14T14:06:58","date_gmt":"2025-02-14T13:06:58","guid":{"rendered":"https:\/\/blogsaverroes.juntadeandalucia.es\/ceipnuestrasenoradelapaz\/?p=1977"},"modified":"2025-03-21T12:25:04","modified_gmt":"2025-03-21T11:25:04","slug":"1977-2","status":"publish","type":"post","link":"https:\/\/blogsaverroes.juntadeandalucia.es\/ceipnuestrasenoradelapaz\/1977-2\/","title":{"rendered":"Celebramos el D\u00eda de San Valent\u00edn con amor y amistad \u2764\ufe0f"},"content":{"rendered":"<p><img fetchpriority=\"high\" decoding=\"async\" class=\"alignnone size-full wp-image-2242\" src=\"https:\/\/blogsaverroes.juntadeandalucia.es\/ceipnuestrasenoradelapaz\/files\/2025\/03\/pacto-de-estado-logos.png\" alt=\"\" width=\"1239\" height=\"179\" srcset=\"https:\/\/blogsaverroes.juntadeandalucia.es\/ceipnuestrasenoradelapaz\/files\/2025\/03\/pacto-de-estado-logos.png 1239w, https:\/\/blogsaverroes.juntadeandalucia.es\/ceipnuestrasenoradelapaz\/files\/2025\/03\/pacto-de-estado-logos-300x43.png 300w, https:\/\/blogsaverroes.juntadeandalucia.es\/ceipnuestrasenoradelapaz\/files\/2025\/03\/pacto-de-estado-logos-1024x148.png 1024w, https:\/\/blogsaverroes.juntadeandalucia.es\/ceipnuestrasenoradelapaz\/files\/2025\/03\/pacto-de-estado-logos-768x111.png 768w\" sizes=\"(max-width: 1239px) 100vw, 1239px\" \/>Hoy hemos celebrado en nuestro centro el D\u00eda de San Valent\u00edn, una jornada especial para conmemorar el amor y la amistad entre compa\u00f1eros y docentes. Ha sido un d\u00eda lleno de gestos bonitos, sonrisas y muchas muestras de cari\u00f1o. \ud83d\udc95<\/p>\n<p>Uno de los momentos m\u00e1s especiales ha sido la creaci\u00f3n de un precioso mural repleto de mensajes llenos de afecto, escritos y compartidos por el alumnado. A trav\u00e9s de estas palabras, nuestros estudiantes han podido expresar su gratitud y aprecio hacia sus amigos y profesores. \u270d\ufe0f\ud83d\udc8c<\/p>\n<p>Tambi\u00e9n hemos llevado a cabo la tradicional actividad del &#8220;Buz\u00f3n de las Cartas&#8221; \ud83d\udcec, donde los ni\u00f1os han depositado cartas dedicadas a sus compa\u00f1eros. M\u00e1s tarde, las alumnas de sexto curso se encargaron de repartirlas, haciendo que cada mensaje llegara a su destinatario con mucha ilusi\u00f3n. \ud83d\udcdc\ud83d\udc96<\/p>\n<p>Adem\u00e1s, las maestras Ana, Marta, Almduena y Manoli han querido sumarse a esta bonita iniciativa enviando mensajes especiales a sus compa\u00f1eros, demostrando que la amistad y el compa\u00f1erismo tambi\u00e9n brillan entre el equipo docente. \ud83c\udf1f<\/p>\n<p>La se\u00f1o Raquel ha sorprendido a su alumnado con globos \ud83c\udf88 y deliciosas gominolas en forma de coraz\u00f3n \ud83c\udf6c, a\u00f1adiendo un toque dulce a la celebraci\u00f3n.&nbsp;<\/p>\n<p>Sin duda, ha sido un d\u00eda maravilloso, lleno de amor, amistad y gestos que han reforzado los lazos entre nuestra comunidad educativa.<\/p>\n<p style=\"text-align: center\"><strong>\u00a1Esperamos con ilusi\u00f3n la pr\u00f3xima celebraci\u00f3n<\/strong>! \u2764\ufe0f\u2728<\/p>\n<p><img decoding=\"async\" class=\"alignnone size-full wp-image-1981\" src=\"https:\/\/blogsaverroes.juntadeandalucia.es\/ceipnuestrasenoradelapaz\/files\/2025\/02\/Imagen-de-WhatsApp-2025-02-14-a-las-12.52.03_9b325466.jpg\" alt=\"\" width=\"1530\" height=\"2040\" srcset=\"https:\/\/blogsaverroes.juntadeandalucia.es\/ceipnuestrasenoradelapaz\/files\/2025\/02\/Imagen-de-WhatsApp-2025-02-14-a-las-12.52.03_9b325466.jpg 1530w, https:\/\/blogsaverroes.juntadeandalucia.es\/ceipnuestrasenoradelapaz\/files\/2025\/02\/Imagen-de-WhatsApp-2025-02-14-a-las-12.52.03_9b325466-225x300.jpg 225w, https:\/\/blogsaverroes.juntadeandalucia.es\/ceipnuestrasenoradelapaz\/files\/2025\/02\/Imagen-de-WhatsApp-2025-02-14-a-las-12.52.03_9b325466-768x1024.jpg 768w, https:\/\/blogsaverroes.juntadeandalucia.es\/ceipnuestrasenoradelapaz\/files\/2025\/02\/Imagen-de-WhatsApp-2025-02-14-a-las-12.52.03_9b325466-1152x1536.jpg 1152w\" sizes=\"(max-width: 1530px) 100vw, 1530px\" \/><\/p>\n<p><img decoding=\"async\" class=\"alignnone size-full wp-image-1978\" src=\"https:\/\/blogsaverroes.juntadeandalucia.es\/ceipnuestrasenoradelapaz\/files\/2025\/02\/Imagen-de-WhatsApp-2025-02-14-a-las-14.04.03_1bc74a20.jpg\" alt=\"\" width=\"1537\" height=\"2048\" srcset=\"https:\/\/blogsaverroes.juntadeandalucia.es\/ceipnuestrasenoradelapaz\/files\/2025\/02\/Imagen-de-WhatsApp-2025-02-14-a-las-14.04.03_1bc74a20.jpg 1537w, https:\/\/blogsaverroes.juntadeandalucia.es\/ceipnuestrasenoradelapaz\/files\/2025\/02\/Imagen-de-WhatsApp-2025-02-14-a-las-14.04.03_1bc74a20-225x300.jpg 225w, https:\/\/blogsaverroes.juntadeandalucia.es\/ceipnuestrasenoradelapaz\/files\/2025\/02\/Imagen-de-WhatsApp-2025-02-14-a-las-14.04.03_1bc74a20-769x1024.jpg 769w, https:\/\/blogsaverroes.juntadeandalucia.es\/ceipnuestrasenoradelapaz\/files\/2025\/02\/Imagen-de-WhatsApp-2025-02-14-a-las-14.04.03_1bc74a20-768x1023.jpg 768w, https:\/\/blogsaverroes.juntadeandalucia.es\/ceipnuestrasenoradelapaz\/files\/2025\/02\/Imagen-de-WhatsApp-2025-02-14-a-las-14.04.03_1bc74a20-1153x1536.jpg 1153w\" sizes=\"(max-width: 1537px) 100vw, 1537px\" \/> <img loading=\"lazy\" decoding=\"async\" class=\"alignnone size-full wp-image-1979\" src=\"https:\/\/blogsaverroes.juntadeandalucia.es\/ceipnuestrasenoradelapaz\/files\/2025\/02\/Imagen-de-WhatsApp-2025-02-14-a-las-14.04.03_02daec45.jpg\" alt=\"\" width=\"1537\" height=\"2048\" srcset=\"https:\/\/blogsaverroes.juntadeandalucia.es\/ceipnuestrasenoradelapaz\/files\/2025\/02\/Imagen-de-WhatsApp-2025-02-14-a-las-14.04.03_02daec45.jpg 1537w, https:\/\/blogsaverroes.juntadeandalucia.es\/ceipnuestrasenoradelapaz\/files\/2025\/02\/Imagen-de-WhatsApp-2025-02-14-a-las-14.04.03_02daec45-225x300.jpg 225w, https:\/\/blogsaverroes.juntadeandalucia.es\/ceipnuestrasenoradelapaz\/files\/2025\/02\/Imagen-de-WhatsApp-2025-02-14-a-las-14.04.03_02daec45-769x1024.jpg 769w, https:\/\/blogsaverroes.juntadeandalucia.es\/ceipnuestrasenoradelapaz\/files\/2025\/02\/Imagen-de-WhatsApp-2025-02-14-a-las-14.04.03_02daec45-768x1023.jpg 768w, https:\/\/blogsaverroes.juntadeandalucia.es\/ceipnuestrasenoradelapaz\/files\/2025\/02\/Imagen-de-WhatsApp-2025-02-14-a-las-14.04.03_02daec45-1153x1536.jpg 1153w\" sizes=\"(max-width: 1537px) 100vw, 1537px\" \/>&nbsp;<img loading=\"lazy\" decoding=\"async\" class=\"alignnone size-full wp-image-1980\" src=\"https:\/\/blogsaverroes.juntadeandalucia.es\/ceipnuestrasenoradelapaz\/files\/2025\/02\/Imagen-de-WhatsApp-2025-02-14-a-las-14.04.03_8a71c908.jpg\" alt=\"\" width=\"1537\" height=\"2048\" srcset=\"https:\/\/blogsaverroes.juntadeandalucia.es\/ceipnuestrasenoradelapaz\/files\/2025\/02\/Imagen-de-WhatsApp-2025-02-14-a-las-14.04.03_8a71c908.jpg 1537w, https:\/\/blogsaverroes.juntadeandalucia.es\/ceipnuestrasenoradelapaz\/files\/2025\/02\/Imagen-de-WhatsApp-2025-02-14-a-las-14.04.03_8a71c908-225x300.jpg 225w, https:\/\/blogsaverroes.juntadeandalucia.es\/ceipnuestrasenoradelapaz\/files\/2025\/02\/Imagen-de-WhatsApp-2025-02-14-a-las-14.04.03_8a71c908-769x1024.jpg 769w, https:\/\/blogsaverroes.juntadeandalucia.es\/ceipnuestrasenoradelapaz\/files\/2025\/02\/Imagen-de-WhatsApp-2025-02-14-a-las-14.04.03_8a71c908-768x1023.jpg 768w, https:\/\/blogsaverroes.juntadeandalucia.es\/ceipnuestrasenoradelapaz\/files\/2025\/02\/Imagen-de-WhatsApp-2025-02-14-a-las-14.04.03_8a71c908-1153x1536.jpg 1153w\" sizes=\"(max-width: 1537px) 100vw, 1537px\" \/> &nbsp;<img loading=\"lazy\" decoding=\"async\" class=\"alignnone size-full wp-image-1982\" src=\"https:\/\/blogsaverroes.juntadeandalucia.es\/ceipnuestrasenoradelapaz\/files\/2025\/02\/Imagen-de-WhatsApp-2025-02-14-a-las-12.47.26_bf4510df.jpg\" alt=\"\" width=\"899\" height=\"1599\" srcset=\"https:\/\/blogsaverroes.juntadeandalucia.es\/ceipnuestrasenoradelapaz\/files\/2025\/02\/Imagen-de-WhatsApp-2025-02-14-a-las-12.47.26_bf4510df.jpg 899w, https:\/\/blogsaverroes.juntadeandalucia.es\/ceipnuestrasenoradelapaz\/files\/2025\/02\/Imagen-de-WhatsApp-2025-02-14-a-las-12.47.26_bf4510df-169x300.jpg 169w, https:\/\/blogsaverroes.juntadeandalucia.es\/ceipnuestrasenoradelapaz\/files\/2025\/02\/Imagen-de-WhatsApp-2025-02-14-a-las-12.47.26_bf4510df-576x1024.jpg 576w, https:\/\/blogsaverroes.juntadeandalucia.es\/ceipnuestrasenoradelapaz\/files\/2025\/02\/Imagen-de-WhatsApp-2025-02-14-a-las-12.47.26_bf4510df-768x1366.jpg 768w, https:\/\/blogsaverroes.juntadeandalucia.es\/ceipnuestrasenoradelapaz\/files\/2025\/02\/Imagen-de-WhatsApp-2025-02-14-a-las-12.47.26_bf4510df-864x1536.jpg 864w\" sizes=\"(max-width: 899px) 100vw, 899px\" \/> <img loading=\"lazy\" decoding=\"async\" class=\"alignnone size-full wp-image-1983\" src=\"https:\/\/blogsaverroes.juntadeandalucia.es\/ceipnuestrasenoradelapaz\/files\/2025\/02\/Imagen-de-WhatsApp-2025-02-14-a-las-12.46.27_53fec5d0.jpg\" alt=\"\" width=\"1536\" height=\"2048\" srcset=\"https:\/\/blogsaverroes.juntadeandalucia.es\/ceipnuestrasenoradelapaz\/files\/2025\/02\/Imagen-de-WhatsApp-2025-02-14-a-las-12.46.27_53fec5d0.jpg 1536w, https:\/\/blogsaverroes.juntadeandalucia.es\/ceipnuestrasenoradelapaz\/files\/2025\/02\/Imagen-de-WhatsApp-2025-02-14-a-las-12.46.27_53fec5d0-225x300.jpg 225w, https:\/\/blogsaverroes.juntadeandalucia.es\/ceipnuestrasenoradelapaz\/files\/2025\/02\/Imagen-de-WhatsApp-2025-02-14-a-las-12.46.27_53fec5d0-768x1024.jpg 768w, https:\/\/blogsaverroes.juntadeandalucia.es\/ceipnuestrasenoradelapaz\/files\/2025\/02\/Imagen-de-WhatsApp-2025-02-14-a-las-12.46.27_53fec5d0-1152x1536.jpg 1152w\" sizes=\"(max-width: 1536px) 100vw, 1536px\" \/><\/p>\n<p>&nbsp;<\/p>\n","protected":false},"excerpt":{"rendered":"<p>Hoy hemos celebrado en nuestro centro el D\u00eda de San Valent\u00edn, una jornada especial para conmemorar el amor y la amistad entre compa\u00f1eros y docentes. Ha sido un d\u00eda lleno de gestos bonitos, sonrisas&#46;&#46;&#46;<\/p>\n","protected":false},"author":17251,"featured_media":1981,"comment_status":"closed","ping_status":"open","sticky":false,"template":"","format":"standard","meta":{"ngg_post_thumbnail":0,"footnotes":""},"categories":[29,1,31,22],"tags":[],"aioseo_notices":[],"_links":{"self":[{"href":"https:\/\/blogsaverroes.juntadeandalucia.es\/ceipnuestrasenoradelapaz\/wp-json\/wp\/v2\/posts\/1977"}],"collection":[{"href":"https:\/\/blogsaverroes.juntadeandalucia.es\/ceipnuestrasenoradelapaz\/wp-json\/wp\/v2\/posts"}],"about":[{"href":"https:\/\/blogsaverroes.juntadeandalucia.es\/ceipnuestrasenoradelapaz\/wp-json\/wp\/v2\/types\/post"}],"author":[{"embeddable":true,"href":"https:\/\/blogsaverroes.juntadeandalucia.es\/ceipnuestrasenoradelapaz\/wp-json\/wp\/v2\/users\/17251"}],"replies":[{"embeddable":true,"href":"https:\/\/blogsaverroes.juntadeandalucia.es\/ceipnuestrasenoradelapaz\/wp-json\/wp\/v2\/comments?post=1977"}],"version-history":[{"count":5,"href":"https:\/\/blogsaverroes.juntadeandalucia.es\/ceipnuestrasenoradelapaz\/wp-json\/wp\/v2\/posts\/1977\/revisions"}],"predecessor-version":[{"id":2251,"href":"https:\/\/blogsaverroes.juntadeandalucia.es\/ceipnuestrasenoradelapaz\/wp-json\/wp\/v2\/posts\/1977\/revisions\/2251"}],"wp:featuredmedia":[{"embeddable":true,"href":"https:\/\/blogsaverroes.juntadeandalucia.es\/ceipnuestrasenoradelapaz\/wp-json\/wp\/v2\/media\/1981"}],"wp:attachment":[{"href":"https:\/\/blogsaverroes.juntadeandalucia.es\/ceipnuestrasenoradelapaz\/wp-json\/wp\/v2\/media?parent=1977"}],"wp:term":[{"taxonomy":"category","embeddable":true,"href":"https:\/\/blogsaverroes.juntadeandalucia.es\/ceipnuestrasenoradelapaz\/wp-json\/wp\/v2\/categories?post=1977"},{"taxonomy":"post_tag","embeddable":true,"href":"https:\/\/blogsaverroes.juntadeandalucia.es\/ceipnuestrasenoradelapaz\/wp-json\/wp\/v2\/tags?post=1977"}],"curies":[{"name":"wp","href":"https:\/\/api.w.org\/{rel}","templated":true}]}}