{"id":3271,"date":"2025-05-28T10:45:16","date_gmt":"2025-05-28T10:45:16","guid":{"rendered":"https:\/\/blogsaverroes.juntadeandalucia.es\/ceipnuestrasenoradelrosariocampocamara\/?p=3271"},"modified":"2025-05-28T10:49:25","modified_gmt":"2025-05-28T10:49:25","slug":"la-biblioteca-de-centro","status":"publish","type":"post","link":"https:\/\/blogsaverroes.juntadeandalucia.es\/ceipnuestrasenoradelrosariocampocamara\/?p=3271","title":{"rendered":"LA BIBLIOTECA DE CENTRO"},"content":{"rendered":"<p>El pasado mes de Abril, desde el plan de bibliotecas escolares, nuestra coordinadora, la se\u00f1o Miriam comenz\u00f3 a reorganizar las estanter\u00edas y sus ejemplares para hacerla m\u00e1s atractiva y \u00fatil al alumnado.<br \/>\nSe ha habilitado un ordenador en esta sala, un \u00e1rea de estudios, se retiraron ejemplares anticuados que no se utilizaban y se cre\u00f3 nueva carteler\u00eda en la entrada.<\/p>\n<p>Para inaugurar nuestra nueva biblioteca, recibimos la visita de Soraya, una joven autora local que fue tan amable de visitarnos y presentarnos su libro reci\u00e9n publicado.<\/p>\n<p>Desde el cole le deseamos toda la suerte del mundo a Soraya con su libro y esperamos verla muy pronto en nuestro centro present\u00e1ndonos nuevos cuentos.<\/p>\nngg_shortcode_0_placeholder\n","protected":false},"excerpt":{"rendered":"<p>El pasado mes de Abril, desde el plan de bibliotecas escolares, nuestra coordinadora, la se\u00f1o Miriam comenz\u00f3 a reorganizar las estanter\u00edas y sus ejemplares para hacerla m\u00e1s atractiva y \u00fatil al alumnado. Se ha&#46;&#46;&#46;<\/p>\n","protected":false},"author":11388,"featured_media":3280,"comment_status":"open","ping_status":"open","sticky":false,"template":"","format":"standard","meta":{"ngg_post_thumbnail":0,"footnotes":""},"categories":[11909],"tags":[],"aioseo_notices":[],"_links":{"self":[{"href":"https:\/\/blogsaverroes.juntadeandalucia.es\/ceipnuestrasenoradelrosariocampocamara\/index.php?rest_route=\/wp\/v2\/posts\/3271"}],"collection":[{"href":"https:\/\/blogsaverroes.juntadeandalucia.es\/ceipnuestrasenoradelrosariocampocamara\/index.php?rest_route=\/wp\/v2\/posts"}],"about":[{"href":"https:\/\/blogsaverroes.juntadeandalucia.es\/ceipnuestrasenoradelrosariocampocamara\/index.php?rest_route=\/wp\/v2\/types\/post"}],"author":[{"embeddable":true,"href":"https:\/\/blogsaverroes.juntadeandalucia.es\/ceipnuestrasenoradelrosariocampocamara\/index.php?rest_route=\/wp\/v2\/users\/11388"}],"replies":[{"embeddable":true,"href":"https:\/\/blogsaverroes.juntadeandalucia.es\/ceipnuestrasenoradelrosariocampocamara\/index.php?rest_route=%2Fwp%2Fv2%2Fcomments&post=3271"}],"version-history":[{"count":1,"href":"https:\/\/blogsaverroes.juntadeandalucia.es\/ceipnuestrasenoradelrosariocampocamara\/index.php?rest_route=\/wp\/v2\/posts\/3271\/revisions"}],"predecessor-version":[{"id":3278,"href":"https:\/\/blogsaverroes.juntadeandalucia.es\/ceipnuestrasenoradelrosariocampocamara\/index.php?rest_route=\/wp\/v2\/posts\/3271\/revisions\/3278"}],"wp:featuredmedia":[{"embeddable":true,"href":"https:\/\/blogsaverroes.juntadeandalucia.es\/ceipnuestrasenoradelrosariocampocamara\/index.php?rest_route=\/wp\/v2\/media\/3280"}],"wp:attachment":[{"href":"https:\/\/blogsaverroes.juntadeandalucia.es\/ceipnuestrasenoradelrosariocampocamara\/index.php?rest_route=%2Fwp%2Fv2%2Fmedia&parent=3271"}],"wp:term":[{"taxonomy":"category","embeddable":true,"href":"https:\/\/blogsaverroes.juntadeandalucia.es\/ceipnuestrasenoradelrosariocampocamara\/index.php?rest_route=%2Fwp%2Fv2%2Fcategories&post=3271"},{"taxonomy":"post_tag","embeddable":true,"href":"https:\/\/blogsaverroes.juntadeandalucia.es\/ceipnuestrasenoradelrosariocampocamara\/index.php?rest_route=%2Fwp%2Fv2%2Ftags&post=3271"}],"curies":[{"name":"wp","href":"https:\/\/api.w.org\/{rel}","templated":true}]}}