{"id":2178,"date":"2025-03-13T10:50:02","date_gmt":"2025-03-13T09:50:02","guid":{"rendered":"https:\/\/blogsaverroes.juntadeandalucia.es\/ceipnuestrasradelrosario\/?p=2178"},"modified":"2025-03-13T10:50:02","modified_gmt":"2025-03-13T09:50:02","slug":"%f0%9f%8e%a4-celebramos-el-dia-de-la-poesia-con-nuestras-voces-%f0%9f%8e%b6%f0%9f%93%96","status":"publish","type":"post","link":"https:\/\/blogsaverroes.juntadeandalucia.es\/ceipnuestrasradelrosario\/?p=2178","title":{"rendered":"\ud83c\udfa4 Celebramos el D\u00eda de la Poes\u00eda con nuestras voces \ud83c\udfb6\ud83d\udcd6"},"content":{"rendered":"<p><img loading=\"lazy\" decoding=\"async\" class=\" wp-image-2179 aligncenter\" src=\"https:\/\/blogsaverroes.juntadeandalucia.es\/ceipnuestrasradelrosario\/files\/2025\/03\/IMG_0492-300x204.jpeg\" alt=\"\" width=\"491\" height=\"334\" srcset=\"https:\/\/blogsaverroes.juntadeandalucia.es\/ceipnuestrasradelrosario\/files\/2025\/03\/IMG_0492-300x204.jpeg 300w, https:\/\/blogsaverroes.juntadeandalucia.es\/ceipnuestrasradelrosario\/files\/2025\/03\/IMG_0492.jpeg 631w\" sizes=\"(max-width: 491px) 100vw, 491px\" \/><br \/>\nCon motivo del D\u00eda Mundial de la Poes\u00eda, nuestro alumnado ha dado vida a los versos a trav\u00e9s de sus propias voces. Han seleccionado y grabado una cuidada selecci\u00f3n de poemas para compartir con toda la comunidad educativa.<\/p>\n<p>Os invitamos a escuchar sus interpretaciones y dejaros llevar por la magia de las palabras en el siguiente enlace: <a href=\"https:\/\/open.spotify.com\/show\/0tQPCkqiytpJNtGvSciKTo\">https:\/\/open.spotify.com\/show\/0tQPCkqiytpJNtGvSciKTo<\/a>.<\/p>\n<p>\u00a1Esperamos que lo disfrut\u00e9is!\ud83d\ude0d<\/p>\n","protected":false},"excerpt":{"rendered":"<p>Con motivo del D\u00eda Mundial de la Poes\u00eda, nuestro alumnado ha dado vida a los versos a trav\u00e9s de sus&#46;&#46;&#46;<\/p>\n","protected":false},"author":19425,"featured_media":2179,"comment_status":"open","ping_status":"open","sticky":false,"template":"","format":"standard","meta":{"ngg_post_thumbnail":0,"footnotes":""},"categories":[18,23,48],"tags":[],"aioseo_notices":[],"_links":{"self":[{"href":"https:\/\/blogsaverroes.juntadeandalucia.es\/ceipnuestrasradelrosario\/index.php?rest_route=\/wp\/v2\/posts\/2178"}],"collection":[{"href":"https:\/\/blogsaverroes.juntadeandalucia.es\/ceipnuestrasradelrosario\/index.php?rest_route=\/wp\/v2\/posts"}],"about":[{"href":"https:\/\/blogsaverroes.juntadeandalucia.es\/ceipnuestrasradelrosario\/index.php?rest_route=\/wp\/v2\/types\/post"}],"author":[{"embeddable":true,"href":"https:\/\/blogsaverroes.juntadeandalucia.es\/ceipnuestrasradelrosario\/index.php?rest_route=\/wp\/v2\/users\/19425"}],"replies":[{"embeddable":true,"href":"https:\/\/blogsaverroes.juntadeandalucia.es\/ceipnuestrasradelrosario\/index.php?rest_route=%2Fwp%2Fv2%2Fcomments&post=2178"}],"version-history":[{"count":3,"href":"https:\/\/blogsaverroes.juntadeandalucia.es\/ceipnuestrasradelrosario\/index.php?rest_route=\/wp\/v2\/posts\/2178\/revisions"}],"predecessor-version":[{"id":2212,"href":"https:\/\/blogsaverroes.juntadeandalucia.es\/ceipnuestrasradelrosario\/index.php?rest_route=\/wp\/v2\/posts\/2178\/revisions\/2212"}],"wp:featuredmedia":[{"embeddable":true,"href":"https:\/\/blogsaverroes.juntadeandalucia.es\/ceipnuestrasradelrosario\/index.php?rest_route=\/wp\/v2\/media\/2179"}],"wp:attachment":[{"href":"https:\/\/blogsaverroes.juntadeandalucia.es\/ceipnuestrasradelrosario\/index.php?rest_route=%2Fwp%2Fv2%2Fmedia&parent=2178"}],"wp:term":[{"taxonomy":"category","embeddable":true,"href":"https:\/\/blogsaverroes.juntadeandalucia.es\/ceipnuestrasradelrosario\/index.php?rest_route=%2Fwp%2Fv2%2Fcategories&post=2178"},{"taxonomy":"post_tag","embeddable":true,"href":"https:\/\/blogsaverroes.juntadeandalucia.es\/ceipnuestrasradelrosario\/index.php?rest_route=%2Fwp%2Fv2%2Ftags&post=2178"}],"curies":[{"name":"wp","href":"https:\/\/api.w.org\/{rel}","templated":true}]}}