{"id":2736,"date":"2025-12-05T19:19:17","date_gmt":"2025-12-05T18:19:17","guid":{"rendered":"https:\/\/blogsaverroes.juntadeandalucia.es\/ceipnuestrasradelrosario\/?p=2736"},"modified":"2025-12-05T19:19:17","modified_gmt":"2025-12-05T18:19:17","slug":"4d-6d-%f0%9f%92%9a%f0%9f%a4%8d%f0%9f%92%9a%f0%9f%87%aa%f0%9f%87%b8-identidad-derechos-y-convivencia","status":"publish","type":"post","link":"https:\/\/blogsaverroes.juntadeandalucia.es\/ceipnuestrasradelrosario\/?p=2736","title":{"rendered":"4D \/ 6D \ud83d\udc9a\ud83e\udd0d\ud83d\udc9a\ud83c\uddea\ud83c\uddf8 Identidad, Derechos y Convivencia!"},"content":{"rendered":"<p>\ud83d\udce3 \u00a1Nuestra Historia en Diciembre: Identidad, Derechos y Convivencia! \ud83d\udc9a\u26aa\ud83d\udc9a\ud83c\uddea\ud83c\uddf8<\/p>\n<p>En nuestro centro educativo, hemos cerrado una semana llena de significado, fusionando dos fechas esenciales que definen nuestra identidad y el marco de nuestra sociedad: el D\u00eda de la Bandera de Andaluc\u00eda (4 de diciembre) y el D\u00eda de la Constituci\u00f3n Espa\u00f1ola (6 de diciembre).<\/p>\n<p>Desde un profundo sentido pedag\u00f3gico e hist\u00f3rico, hemos trabajado en el aula para comprender que la autonom\u00eda andaluza no fue un regalo, sino una conquista popular.<\/p>\n<p>\ud83d\udfe2\u26aa\ud83d\udfe2 4D: La Esencia Reivindicativa y el Sentimiento<\/p>\n<p>El 4 de diciembre de 1977 fue la l\u00ednea de partida; la voz un\u00e1nime de un pueblo que reclam\u00f3 su dignidad y su se\u00f1a de identidad. Por ello, la actividad central de la jornada fue un homenaje a ese esp\u00edritu.<\/p>\n<p>El izado de nuestra bandera andaluza constituy\u00f3 el acto m\u00e1s significativo. Toda la comunidad educativa, con la implicaci\u00f3n del alumnado y el profesorado, rindi\u00f3 tributo a nuestra historia y a ese sentimiento de pertenencia que nos une.<\/p>\n<p>\u00abSin el 4 de diciembre, nunca hubiera habido un 28 de febrero.\u00bb \ud83d\udc9a\ud83e\udd0d\ud83d\udc9a<\/p>\n<p>Poner en valor la historia es poner en valor nuestro futuro.<\/p>\n<p>\ud83c\uddea\ud83c\uddf8 6D: Los Pilares de la Convivencia Legal<\/p>\n<p>Al hilo de nuestra autonom\u00eda, la conmemoraci\u00f3n del D\u00eda de la Constituci\u00f3n nos permiti\u00f3 entender el valor de nuestro texto fundamental. Estudiar la Carta Magna es ense\u00f1ar a nuestro alumnado a ser ciudadanos activos, conscientes de sus derechos, deberes y del gran pacto de convivencia legal que sustenta la democracia espa\u00f1ola y la singularidad de nuestra Comunidad Aut\u00f3noma.<\/p>\n<p>\ud83e\udec2 Una Tradici\u00f3n que Nos Une: El Desayuno de Convivencia \u2615\ufe0f<\/p>\n<p>El cierre de estas jornadas c\u00edvicas ha sido nuestro Desayuno de Convivencia. Esta iniciativa, que ya es una tradici\u00f3n de muchos cursos escolares en nuestro colegio y est\u00e1 liderada por el equipo directivo, es el mejor s\u00edmbolo de cohesi\u00f3n y comunidad. Reunir a todos los miembros del centro alrededor del calor de un desayuno (con nuestros tradicionales churros con chocolate) es celebrar que la historia y la ley se viven y se construyen juntos, fortaleciendo nuestros lazos de convivencia escolar.<\/p>\n<p>\u00a1Gracias a todos por participar y hacer de estas jornadas una lecci\u00f3n inolvidable! En especial a nuestro alumnado, profesora y menci\u00f3n especial a nuestra <b>Margari<\/b> por su espl\u00e9ndido trabajo en su servicio de limpieza y ayuda constante con las actividades y cuidados de nuestros peque\u00f1os \ud83e\udef6\ud83c\udffb<\/p>\n<p><a href=\"https:\/\/blogsaverroes.juntadeandalucia.es\/ceipnuestrasradelrosario\/files\/2025\/12\/IMG_4680.jpeg\"><img loading=\"lazy\" decoding=\"async\" class=\"aligncenter size-full wp-image-2738\" src=\"https:\/\/blogsaverroes.juntadeandalucia.es\/ceipnuestrasradelrosario\/files\/2025\/12\/IMG_4680.jpeg\" alt=\"\" width=\"608\" height=\"320\" srcset=\"https:\/\/blogsaverroes.juntadeandalucia.es\/ceipnuestrasradelrosario\/files\/2025\/12\/IMG_4680.jpeg 608w, https:\/\/blogsaverroes.juntadeandalucia.es\/ceipnuestrasradelrosario\/files\/2025\/12\/IMG_4680-300x158.jpeg 300w\" sizes=\"(max-width: 608px) 100vw, 608px\" \/><\/a> <a href=\"https:\/\/blogsaverroes.juntadeandalucia.es\/ceipnuestrasradelrosario\/files\/2025\/12\/3e113f2f-158a-4991-a748-557a2f1fd18b.jpeg\"><img loading=\"lazy\" decoding=\"async\" class=\"aligncenter size-large wp-image-2739\" src=\"https:\/\/blogsaverroes.juntadeandalucia.es\/ceipnuestrasradelrosario\/files\/2025\/12\/3e113f2f-158a-4991-a748-557a2f1fd18b-1024x768.jpeg\" alt=\"\" width=\"1024\" height=\"768\" srcset=\"https:\/\/blogsaverroes.juntadeandalucia.es\/ceipnuestrasradelrosario\/files\/2025\/12\/3e113f2f-158a-4991-a748-557a2f1fd18b-1024x768.jpeg 1024w, https:\/\/blogsaverroes.juntadeandalucia.es\/ceipnuestrasradelrosario\/files\/2025\/12\/3e113f2f-158a-4991-a748-557a2f1fd18b-300x225.jpeg 300w, https:\/\/blogsaverroes.juntadeandalucia.es\/ceipnuestrasradelrosario\/files\/2025\/12\/3e113f2f-158a-4991-a748-557a2f1fd18b-768x576.jpeg 768w, https:\/\/blogsaverroes.juntadeandalucia.es\/ceipnuestrasradelrosario\/files\/2025\/12\/3e113f2f-158a-4991-a748-557a2f1fd18b-1536x1152.jpeg 1536w, https:\/\/blogsaverroes.juntadeandalucia.es\/ceipnuestrasradelrosario\/files\/2025\/12\/3e113f2f-158a-4991-a748-557a2f1fd18b.jpeg 1600w\" sizes=\"(max-width: 1024px) 100vw, 1024px\" \/><\/a> <a href=\"https:\/\/blogsaverroes.juntadeandalucia.es\/ceipnuestrasradelrosario\/files\/2025\/12\/1cb6aa32-ee29-43e6-8164-4c2ca1d36501.jpeg\"><img loading=\"lazy\" decoding=\"async\" class=\"aligncenter size-large wp-image-2740\" src=\"https:\/\/blogsaverroes.juntadeandalucia.es\/ceipnuestrasradelrosario\/files\/2025\/12\/1cb6aa32-ee29-43e6-8164-4c2ca1d36501-1024x768.jpeg\" alt=\"\" width=\"1024\" height=\"768\" srcset=\"https:\/\/blogsaverroes.juntadeandalucia.es\/ceipnuestrasradelrosario\/files\/2025\/12\/1cb6aa32-ee29-43e6-8164-4c2ca1d36501-1024x768.jpeg 1024w, https:\/\/blogsaverroes.juntadeandalucia.es\/ceipnuestrasradelrosario\/files\/2025\/12\/1cb6aa32-ee29-43e6-8164-4c2ca1d36501-300x225.jpeg 300w, https:\/\/blogsaverroes.juntadeandalucia.es\/ceipnuestrasradelrosario\/files\/2025\/12\/1cb6aa32-ee29-43e6-8164-4c2ca1d36501-768x576.jpeg 768w, https:\/\/blogsaverroes.juntadeandalucia.es\/ceipnuestrasradelrosario\/files\/2025\/12\/1cb6aa32-ee29-43e6-8164-4c2ca1d36501-1536x1152.jpeg 1536w, https:\/\/blogsaverroes.juntadeandalucia.es\/ceipnuestrasradelrosario\/files\/2025\/12\/1cb6aa32-ee29-43e6-8164-4c2ca1d36501.jpeg 2048w\" sizes=\"(max-width: 1024px) 100vw, 1024px\" \/><\/a> <a href=\"https:\/\/blogsaverroes.juntadeandalucia.es\/ceipnuestrasradelrosario\/files\/2025\/12\/IMG_8655-scaled.jpeg\"><img loading=\"lazy\" decoding=\"async\" class=\"aligncenter size-large wp-image-2741\" src=\"https:\/\/blogsaverroes.juntadeandalucia.es\/ceipnuestrasradelrosario\/files\/2025\/12\/IMG_8655-1024x768.jpeg\" alt=\"\" width=\"1024\" height=\"768\" srcset=\"https:\/\/blogsaverroes.juntadeandalucia.es\/ceipnuestrasradelrosario\/files\/2025\/12\/IMG_8655-1024x768.jpeg 1024w, https:\/\/blogsaverroes.juntadeandalucia.es\/ceipnuestrasradelrosario\/files\/2025\/12\/IMG_8655-300x225.jpeg 300w, https:\/\/blogsaverroes.juntadeandalucia.es\/ceipnuestrasradelrosario\/files\/2025\/12\/IMG_8655-768x576.jpeg 768w, https:\/\/blogsaverroes.juntadeandalucia.es\/ceipnuestrasradelrosario\/files\/2025\/12\/IMG_8655-1536x1152.jpeg 1536w, https:\/\/blogsaverroes.juntadeandalucia.es\/ceipnuestrasradelrosario\/files\/2025\/12\/IMG_8655-2048x1536.jpeg 2048w\" sizes=\"(max-width: 1024px) 100vw, 1024px\" \/><\/a> <a href=\"https:\/\/blogsaverroes.juntadeandalucia.es\/ceipnuestrasradelrosario\/files\/2025\/12\/IMG_6923-scaled.jpeg\"><img loading=\"lazy\" decoding=\"async\" class=\"aligncenter size-large wp-image-2742\" src=\"https:\/\/blogsaverroes.juntadeandalucia.es\/ceipnuestrasradelrosario\/files\/2025\/12\/IMG_6923-768x1024.jpeg\" alt=\"\" width=\"768\" height=\"1024\" srcset=\"https:\/\/blogsaverroes.juntadeandalucia.es\/ceipnuestrasradelrosario\/files\/2025\/12\/IMG_6923-768x1024.jpeg 768w, https:\/\/blogsaverroes.juntadeandalucia.es\/ceipnuestrasradelrosario\/files\/2025\/12\/IMG_6923-225x300.jpeg 225w, https:\/\/blogsaverroes.juntadeandalucia.es\/ceipnuestrasradelrosario\/files\/2025\/12\/IMG_6923-1152x1536.jpeg 1152w, https:\/\/blogsaverroes.juntadeandalucia.es\/ceipnuestrasradelrosario\/files\/2025\/12\/IMG_6923-1536x2048.jpeg 1536w, https:\/\/blogsaverroes.juntadeandalucia.es\/ceipnuestrasradelrosario\/files\/2025\/12\/IMG_6923-scaled.jpeg 1920w\" sizes=\"(max-width: 768px) 100vw, 768px\" \/><\/a> <a href=\"https:\/\/blogsaverroes.juntadeandalucia.es\/ceipnuestrasradelrosario\/files\/2025\/12\/11e2725e-1434-4d1b-95db-1ce1e4e70910.jpeg\"><img loading=\"lazy\" decoding=\"async\" class=\"aligncenter size-large wp-image-2743\" src=\"https:\/\/blogsaverroes.juntadeandalucia.es\/ceipnuestrasradelrosario\/files\/2025\/12\/11e2725e-1434-4d1b-95db-1ce1e4e70910-1024x768.jpeg\" alt=\"\" width=\"1024\" height=\"768\" srcset=\"https:\/\/blogsaverroes.juntadeandalucia.es\/ceipnuestrasradelrosario\/files\/2025\/12\/11e2725e-1434-4d1b-95db-1ce1e4e70910-1024x768.jpeg 1024w, https:\/\/blogsaverroes.juntadeandalucia.es\/ceipnuestrasradelrosario\/files\/2025\/12\/11e2725e-1434-4d1b-95db-1ce1e4e70910-300x225.jpeg 300w, https:\/\/blogsaverroes.juntadeandalucia.es\/ceipnuestrasradelrosario\/files\/2025\/12\/11e2725e-1434-4d1b-95db-1ce1e4e70910-768x576.jpeg 768w, https:\/\/blogsaverroes.juntadeandalucia.es\/ceipnuestrasradelrosario\/files\/2025\/12\/11e2725e-1434-4d1b-95db-1ce1e4e70910-1536x1152.jpeg 1536w, https:\/\/blogsaverroes.juntadeandalucia.es\/ceipnuestrasradelrosario\/files\/2025\/12\/11e2725e-1434-4d1b-95db-1ce1e4e70910.jpeg 1600w\" sizes=\"(max-width: 1024px) 100vw, 1024px\" \/><\/a> <a href=\"https:\/\/blogsaverroes.juntadeandalucia.es\/ceipnuestrasradelrosario\/files\/2025\/12\/IMG_8653-scaled.jpeg\"><img loading=\"lazy\" decoding=\"async\" class=\"aligncenter size-large wp-image-2744\" src=\"https:\/\/blogsaverroes.juntadeandalucia.es\/ceipnuestrasradelrosario\/files\/2025\/12\/IMG_8653-768x1024.jpeg\" alt=\"\" width=\"768\" height=\"1024\" srcset=\"https:\/\/blogsaverroes.juntadeandalucia.es\/ceipnuestrasradelrosario\/files\/2025\/12\/IMG_8653-768x1024.jpeg 768w, https:\/\/blogsaverroes.juntadeandalucia.es\/ceipnuestrasradelrosario\/files\/2025\/12\/IMG_8653-225x300.jpeg 225w, https:\/\/blogsaverroes.juntadeandalucia.es\/ceipnuestrasradelrosario\/files\/2025\/12\/IMG_8653-1152x1536.jpeg 1152w, https:\/\/blogsaverroes.juntadeandalucia.es\/ceipnuestrasradelrosario\/files\/2025\/12\/IMG_8653-1536x2048.jpeg 1536w, https:\/\/blogsaverroes.juntadeandalucia.es\/ceipnuestrasradelrosario\/files\/2025\/12\/IMG_8653-scaled.jpeg 1920w\" sizes=\"(max-width: 768px) 100vw, 768px\" \/><\/a> <a href=\"https:\/\/blogsaverroes.juntadeandalucia.es\/ceipnuestrasradelrosario\/files\/2025\/12\/2d44e8a4-cabe-426c-8ca1-baf1cb2da14e.jpeg\"><img loading=\"lazy\" decoding=\"async\" class=\"aligncenter size-large wp-image-2745\" src=\"https:\/\/blogsaverroes.juntadeandalucia.es\/ceipnuestrasradelrosario\/files\/2025\/12\/2d44e8a4-cabe-426c-8ca1-baf1cb2da14e-1024x768.jpeg\" alt=\"\" width=\"1024\" height=\"768\" srcset=\"https:\/\/blogsaverroes.juntadeandalucia.es\/ceipnuestrasradelrosario\/files\/2025\/12\/2d44e8a4-cabe-426c-8ca1-baf1cb2da14e-1024x768.jpeg 1024w, https:\/\/blogsaverroes.juntadeandalucia.es\/ceipnuestrasradelrosario\/files\/2025\/12\/2d44e8a4-cabe-426c-8ca1-baf1cb2da14e-300x225.jpeg 300w, https:\/\/blogsaverroes.juntadeandalucia.es\/ceipnuestrasradelrosario\/files\/2025\/12\/2d44e8a4-cabe-426c-8ca1-baf1cb2da14e-768x576.jpeg 768w, https:\/\/blogsaverroes.juntadeandalucia.es\/ceipnuestrasradelrosario\/files\/2025\/12\/2d44e8a4-cabe-426c-8ca1-baf1cb2da14e-1536x1152.jpeg 1536w, https:\/\/blogsaverroes.juntadeandalucia.es\/ceipnuestrasradelrosario\/files\/2025\/12\/2d44e8a4-cabe-426c-8ca1-baf1cb2da14e.jpeg 2048w\" sizes=\"(max-width: 1024px) 100vw, 1024px\" \/><\/a> <a href=\"https:\/\/blogsaverroes.juntadeandalucia.es\/ceipnuestrasradelrosario\/files\/2025\/12\/IMG_4639-scaled.jpeg\"><img loading=\"lazy\" decoding=\"async\" class=\"aligncenter size-large wp-image-2746\" src=\"https:\/\/blogsaverroes.juntadeandalucia.es\/ceipnuestrasradelrosario\/files\/2025\/12\/IMG_4639-768x1024.jpeg\" alt=\"\" width=\"768\" height=\"1024\" srcset=\"https:\/\/blogsaverroes.juntadeandalucia.es\/ceipnuestrasradelrosario\/files\/2025\/12\/IMG_4639-768x1024.jpeg 768w, https:\/\/blogsaverroes.juntadeandalucia.es\/ceipnuestrasradelrosario\/files\/2025\/12\/IMG_4639-225x300.jpeg 225w, https:\/\/blogsaverroes.juntadeandalucia.es\/ceipnuestrasradelrosario\/files\/2025\/12\/IMG_4639-1152x1536.jpeg 1152w, https:\/\/blogsaverroes.juntadeandalucia.es\/ceipnuestrasradelrosario\/files\/2025\/12\/IMG_4639-1536x2048.jpeg 1536w, https:\/\/blogsaverroes.juntadeandalucia.es\/ceipnuestrasradelrosario\/files\/2025\/12\/IMG_4639-scaled.jpeg 1920w\" sizes=\"(max-width: 768px) 100vw, 768px\" \/><\/a> <a href=\"https:\/\/blogsaverroes.juntadeandalucia.es\/ceipnuestrasradelrosario\/files\/2025\/12\/c6a283ef-0e25-4b85-85e0-99dc31d3c6ae.jpeg\"><img loading=\"lazy\" decoding=\"async\" class=\"aligncenter size-large wp-image-2747\" src=\"https:\/\/blogsaverroes.juntadeandalucia.es\/ceipnuestrasradelrosario\/files\/2025\/12\/c6a283ef-0e25-4b85-85e0-99dc31d3c6ae-768x1024.jpeg\" alt=\"\" width=\"768\" height=\"1024\" srcset=\"https:\/\/blogsaverroes.juntadeandalucia.es\/ceipnuestrasradelrosario\/files\/2025\/12\/c6a283ef-0e25-4b85-85e0-99dc31d3c6ae-768x1024.jpeg 768w, https:\/\/blogsaverroes.juntadeandalucia.es\/ceipnuestrasradelrosario\/files\/2025\/12\/c6a283ef-0e25-4b85-85e0-99dc31d3c6ae-225x300.jpeg 225w, https:\/\/blogsaverroes.juntadeandalucia.es\/ceipnuestrasradelrosario\/files\/2025\/12\/c6a283ef-0e25-4b85-85e0-99dc31d3c6ae-1152x1536.jpeg 1152w, https:\/\/blogsaverroes.juntadeandalucia.es\/ceipnuestrasradelrosario\/files\/2025\/12\/c6a283ef-0e25-4b85-85e0-99dc31d3c6ae.jpeg 1536w\" sizes=\"(max-width: 768px) 100vw, 768px\" \/><\/a><\/p>\n","protected":false},"excerpt":{"rendered":"<p>\ud83d\udce3 \u00a1Nuestra Historia en Diciembre: Identidad, Derechos y Convivencia! \ud83d\udc9a\u26aa\ud83d\udc9a\ud83c\uddea\ud83c\uddf8 En nuestro centro educativo, hemos cerrado una semana llena de&#46;&#46;&#46;<\/p>\n","protected":false},"author":14075,"featured_media":2738,"comment_status":"open","ping_status":"open","sticky":false,"template":"","format":"standard","meta":{"ngg_post_thumbnail":0,"footnotes":""},"categories":[18,25,23],"tags":[],"aioseo_notices":[],"_links":{"self":[{"href":"https:\/\/blogsaverroes.juntadeandalucia.es\/ceipnuestrasradelrosario\/index.php?rest_route=\/wp\/v2\/posts\/2736"}],"collection":[{"href":"https:\/\/blogsaverroes.juntadeandalucia.es\/ceipnuestrasradelrosario\/index.php?rest_route=\/wp\/v2\/posts"}],"about":[{"href":"https:\/\/blogsaverroes.juntadeandalucia.es\/ceipnuestrasradelrosario\/index.php?rest_route=\/wp\/v2\/types\/post"}],"author":[{"embeddable":true,"href":"https:\/\/blogsaverroes.juntadeandalucia.es\/ceipnuestrasradelrosario\/index.php?rest_route=\/wp\/v2\/users\/14075"}],"replies":[{"embeddable":true,"href":"https:\/\/blogsaverroes.juntadeandalucia.es\/ceipnuestrasradelrosario\/index.php?rest_route=%2Fwp%2Fv2%2Fcomments&post=2736"}],"version-history":[{"count":1,"href":"https:\/\/blogsaverroes.juntadeandalucia.es\/ceipnuestrasradelrosario\/index.php?rest_route=\/wp\/v2\/posts\/2736\/revisions"}],"predecessor-version":[{"id":2748,"href":"https:\/\/blogsaverroes.juntadeandalucia.es\/ceipnuestrasradelrosario\/index.php?rest_route=\/wp\/v2\/posts\/2736\/revisions\/2748"}],"wp:featuredmedia":[{"embeddable":true,"href":"https:\/\/blogsaverroes.juntadeandalucia.es\/ceipnuestrasradelrosario\/index.php?rest_route=\/wp\/v2\/media\/2738"}],"wp:attachment":[{"href":"https:\/\/blogsaverroes.juntadeandalucia.es\/ceipnuestrasradelrosario\/index.php?rest_route=%2Fwp%2Fv2%2Fmedia&parent=2736"}],"wp:term":[{"taxonomy":"category","embeddable":true,"href":"https:\/\/blogsaverroes.juntadeandalucia.es\/ceipnuestrasradelrosario\/index.php?rest_route=%2Fwp%2Fv2%2Fcategories&post=2736"},{"taxonomy":"post_tag","embeddable":true,"href":"https:\/\/blogsaverroes.juntadeandalucia.es\/ceipnuestrasradelrosario\/index.php?rest_route=%2Fwp%2Fv2%2Ftags&post=2736"}],"curies":[{"name":"wp","href":"https:\/\/api.w.org\/{rel}","templated":true}]}}