{"id":1470,"date":"2019-12-01T09:05:10","date_gmt":"2019-12-01T09:05:10","guid":{"rendered":"https:\/\/blogsaverroes.juntadeandalucia.es\/ceipnuestropadrejesus\/?p=1470"},"modified":"2019-12-01T10:10:24","modified_gmt":"2019-12-01T10:10:24","slug":"programa-escuelas-espacios-de-paz-prdig","status":"publish","type":"post","link":"https:\/\/blogsaverroes.juntadeandalucia.es\/ceipnuestropadrejesus\/2019\/12\/01\/programa-escuelas-espacios-de-paz-prdig\/","title":{"rendered":"PROGRAMA ESCUELAS ESPACIOS DE PAZ.PRODIG."},"content":{"rendered":"<p>Nos interesamos por la cultura cient\u00edfica .Nuestros alumnos visitan la bienal de cine cient\u00edfico participando de dos actividades claves:<\/p>\n<p>1-Visita a la exposici\u00f3n .<\/p>\n<p>2-Visionados de cortos relacionados con el papel de la mujer el tercer ciclo y una proyecci\u00f3n de dibujos animados E.Infantil y Primer ciclo.<img loading=\"lazy\" decoding=\"async\" src=\"https:\/\/blogsaverroes.juntadeandalucia.es\/ceipnuestropadrejesus\/files\/2019\/12\/img_9278.jpg\" class=\"size-full wp-image-1469\" width=\"750\" height=\"601\" srcset=\"https:\/\/blogsaverroes.juntadeandalucia.es\/ceipnuestropadrejesus\/files\/2019\/12\/img_9278.jpg 750w, https:\/\/blogsaverroes.juntadeandalucia.es\/ceipnuestropadrejesus\/files\/2019\/12\/img_9278-300x240.jpg 300w, https:\/\/blogsaverroes.juntadeandalucia.es\/ceipnuestropadrejesus\/files\/2019\/12\/img_9278-24x19.jpg 24w, https:\/\/blogsaverroes.juntadeandalucia.es\/ceipnuestropadrejesus\/files\/2019\/12\/img_9278-36x29.jpg 36w, https:\/\/blogsaverroes.juntadeandalucia.es\/ceipnuestropadrejesus\/files\/2019\/12\/img_9278-48x38.jpg 48w\" sizes=\"(max-width: 750px) 100vw, 750px\" \/><\/p>\n","protected":false},"excerpt":{"rendered":"<p>Nos interesamos por la cultura cient\u00edfica .Nuestros alumnos visitan la bienal de cine cient\u00edfico participando de dos actividades claves: 1-Visita a la exposici\u00f3n . 2-Visionados de cortos relacionados con el papel de la mujer&#46;&#46;&#46;<\/p>\n","protected":false},"author":4154,"featured_media":0,"comment_status":"closed","ping_status":"closed","sticky":false,"template":"","format":"standard","meta":{"ngg_post_thumbnail":0,"footnotes":""},"categories":[49688],"tags":[],"aioseo_notices":[],"_links":{"self":[{"href":"https:\/\/blogsaverroes.juntadeandalucia.es\/ceipnuestropadrejesus\/wp-json\/wp\/v2\/posts\/1470"}],"collection":[{"href":"https:\/\/blogsaverroes.juntadeandalucia.es\/ceipnuestropadrejesus\/wp-json\/wp\/v2\/posts"}],"about":[{"href":"https:\/\/blogsaverroes.juntadeandalucia.es\/ceipnuestropadrejesus\/wp-json\/wp\/v2\/types\/post"}],"author":[{"embeddable":true,"href":"https:\/\/blogsaverroes.juntadeandalucia.es\/ceipnuestropadrejesus\/wp-json\/wp\/v2\/users\/4154"}],"replies":[{"embeddable":true,"href":"https:\/\/blogsaverroes.juntadeandalucia.es\/ceipnuestropadrejesus\/wp-json\/wp\/v2\/comments?post=1470"}],"version-history":[{"count":2,"href":"https:\/\/blogsaverroes.juntadeandalucia.es\/ceipnuestropadrejesus\/wp-json\/wp\/v2\/posts\/1470\/revisions"}],"predecessor-version":[{"id":1477,"href":"https:\/\/blogsaverroes.juntadeandalucia.es\/ceipnuestropadrejesus\/wp-json\/wp\/v2\/posts\/1470\/revisions\/1477"}],"wp:attachment":[{"href":"https:\/\/blogsaverroes.juntadeandalucia.es\/ceipnuestropadrejesus\/wp-json\/wp\/v2\/media?parent=1470"}],"wp:term":[{"taxonomy":"category","embeddable":true,"href":"https:\/\/blogsaverroes.juntadeandalucia.es\/ceipnuestropadrejesus\/wp-json\/wp\/v2\/categories?post=1470"},{"taxonomy":"post_tag","embeddable":true,"href":"https:\/\/blogsaverroes.juntadeandalucia.es\/ceipnuestropadrejesus\/wp-json\/wp\/v2\/tags?post=1470"}],"curies":[{"name":"wp","href":"https:\/\/api.w.org\/{rel}","templated":true}]}}