{"id":2314,"date":"2021-03-04T00:43:44","date_gmt":"2021-03-04T00:43:44","guid":{"rendered":"https:\/\/blogsaverroes.juntadeandalucia.es\/ceipnuestropadrejesus\/?p=2314"},"modified":"2021-03-04T02:04:09","modified_gmt":"2021-03-04T02:04:09","slug":"aula-de-jaque-3","status":"publish","type":"post","link":"https:\/\/blogsaverroes.juntadeandalucia.es\/ceipnuestropadrejesus\/2021\/03\/04\/aula-de-jaque-3\/","title":{"rendered":"AULA DE JAQUE"},"content":{"rendered":"<p><span style=\"font-family: Arial, Tahoma, Helvetica, FreeSans, sans-serif;font-style: normal;font-weight: normal;letter-spacing: normal;text-indent: 0px;text-transform: none;text-decoration: none;font-size: 15px;text-align: start\">Con motivo de la pr\u00f3xima celebraci\u00f3n del D\u00eda Internacional de la Mujer de cara al lunes 8 de marzo, desde el programa para la innovaci\u00f3n educativa aulaDjaque nos proponen una serie de<\/span><strong><a data-auth=\"NotApplicable\" href=\"https:\/\/colaboraeducacion30.juntadeandalucia.es\/educacion\/colabora\/web\/auladjaque\/ajedrez-e-igualdad-de-genero\" rel=\"noopener noreferrer\" target=\"_blank\">&nbsp;recursos y actividades que permita trabajar el ajedrez y la igualdad de g\u00e9nero<\/a><\/strong><span style=\"font-family: Arial, Tahoma, Helvetica, FreeSans, sans-serif;font-style: normal;font-weight: normal;letter-spacing: normal;text-indent: 0px;text-transform: none;text-decoration: none;font-size: 15px;text-align: start\">&nbsp;desde un punto de vista integrador e interdisciplinar dentro del<\/span><span style=\"font-family: Arial, Tahoma, Helvetica, FreeSans, sans-serif;font-style: normal;font-weight: normal;letter-spacing: normal;text-indent: 0px;text-transform: none;text-decoration: none;font-size: 15px;text-align: start\"><span class=\"Apple-converted-space\">&nbsp;<\/span><\/span>curriculum.<\/p>\n<p><img loading=\"lazy\" decoding=\"async\" src=\"https:\/\/blogsaverroes.juntadeandalucia.es\/ceipnuestropadrejesus\/files\/2021\/03\/img_6309.jpg\" class=\"size-full wp-image-2313\" width=\"388\" height=\"157\" srcset=\"https:\/\/blogsaverroes.juntadeandalucia.es\/ceipnuestropadrejesus\/files\/2021\/03\/img_6309.jpg 388w, https:\/\/blogsaverroes.juntadeandalucia.es\/ceipnuestropadrejesus\/files\/2021\/03\/img_6309-300x121.jpg 300w\" sizes=\"(max-width: 388px) 100vw, 388px\" \/><\/p>\n","protected":false},"excerpt":{"rendered":"<p>Con motivo de la pr\u00f3xima celebraci\u00f3n del D\u00eda Internacional de la Mujer de cara al lunes 8 de marzo, desde el programa para la innovaci\u00f3n educativa aulaDjaque nos proponen una serie de&nbsp;recursos y actividades&#46;&#46;&#46;<\/p>\n","protected":false},"author":4154,"featured_media":0,"comment_status":"closed","ping_status":"closed","sticky":false,"template":"","format":"standard","meta":{"ngg_post_thumbnail":0,"footnotes":""},"categories":[49688],"tags":[],"aioseo_notices":[],"_links":{"self":[{"href":"https:\/\/blogsaverroes.juntadeandalucia.es\/ceipnuestropadrejesus\/wp-json\/wp\/v2\/posts\/2314"}],"collection":[{"href":"https:\/\/blogsaverroes.juntadeandalucia.es\/ceipnuestropadrejesus\/wp-json\/wp\/v2\/posts"}],"about":[{"href":"https:\/\/blogsaverroes.juntadeandalucia.es\/ceipnuestropadrejesus\/wp-json\/wp\/v2\/types\/post"}],"author":[{"embeddable":true,"href":"https:\/\/blogsaverroes.juntadeandalucia.es\/ceipnuestropadrejesus\/wp-json\/wp\/v2\/users\/4154"}],"replies":[{"embeddable":true,"href":"https:\/\/blogsaverroes.juntadeandalucia.es\/ceipnuestropadrejesus\/wp-json\/wp\/v2\/comments?post=2314"}],"version-history":[{"count":1,"href":"https:\/\/blogsaverroes.juntadeandalucia.es\/ceipnuestropadrejesus\/wp-json\/wp\/v2\/posts\/2314\/revisions"}],"predecessor-version":[{"id":2315,"href":"https:\/\/blogsaverroes.juntadeandalucia.es\/ceipnuestropadrejesus\/wp-json\/wp\/v2\/posts\/2314\/revisions\/2315"}],"wp:attachment":[{"href":"https:\/\/blogsaverroes.juntadeandalucia.es\/ceipnuestropadrejesus\/wp-json\/wp\/v2\/media?parent=2314"}],"wp:term":[{"taxonomy":"category","embeddable":true,"href":"https:\/\/blogsaverroes.juntadeandalucia.es\/ceipnuestropadrejesus\/wp-json\/wp\/v2\/categories?post=2314"},{"taxonomy":"post_tag","embeddable":true,"href":"https:\/\/blogsaverroes.juntadeandalucia.es\/ceipnuestropadrejesus\/wp-json\/wp\/v2\/tags?post=2314"}],"curies":[{"name":"wp","href":"https:\/\/api.w.org\/{rel}","templated":true}]}}