{"id":2323,"date":"2021-03-04T20:45:53","date_gmt":"2021-03-04T20:45:53","guid":{"rendered":"https:\/\/blogsaverroes.juntadeandalucia.es\/ceipnuestropadrejesus\/?p=2323"},"modified":"2021-03-04T20:45:54","modified_gmt":"2021-03-04T20:45:54","slug":"transformacion-digital-del-centro-2","status":"publish","type":"post","link":"https:\/\/blogsaverroes.juntadeandalucia.es\/ceipnuestropadrejesus\/2021\/03\/04\/transformacion-digital-del-centro-2\/","title":{"rendered":"TRANSFORMACI\u00d3N DIGITAL DEL CENTRO."},"content":{"rendered":"<p>Nuestros alumnos se inician en nuevos lenguajes de programaci\u00f3n . Est\u00e1n deseando de empezar.Pretendemos mejorar los procesos de Ense\u00f1anza- aprendizaje.<\/p>\n<p><img loading=\"lazy\" decoding=\"async\" src=\"https:\/\/blogsaverroes.juntadeandalucia.es\/ceipnuestropadrejesus\/files\/2021\/03\/img_6323.jpg\" class=\"size-full wp-image-2322\" width=\"750\" height=\"752\" srcset=\"https:\/\/blogsaverroes.juntadeandalucia.es\/ceipnuestropadrejesus\/files\/2021\/03\/img_6323.jpg 750w, https:\/\/blogsaverroes.juntadeandalucia.es\/ceipnuestropadrejesus\/files\/2021\/03\/img_6323-300x300.jpg 300w, https:\/\/blogsaverroes.juntadeandalucia.es\/ceipnuestropadrejesus\/files\/2021\/03\/img_6323-150x150.jpg 150w\" sizes=\"(max-width: 750px) 100vw, 750px\" \/><\/p>\n","protected":false},"excerpt":{"rendered":"<p>Nuestros alumnos se inician en nuevos lenguajes de programaci\u00f3n . Est\u00e1n deseando de empezar.Pretendemos mejorar los procesos de Ense\u00f1anza- aprendizaje.<\/p>\n","protected":false},"author":4154,"featured_media":0,"comment_status":"closed","ping_status":"closed","sticky":false,"template":"","format":"standard","meta":{"ngg_post_thumbnail":0,"footnotes":""},"categories":[49688],"tags":[],"aioseo_notices":[],"_links":{"self":[{"href":"https:\/\/blogsaverroes.juntadeandalucia.es\/ceipnuestropadrejesus\/wp-json\/wp\/v2\/posts\/2323"}],"collection":[{"href":"https:\/\/blogsaverroes.juntadeandalucia.es\/ceipnuestropadrejesus\/wp-json\/wp\/v2\/posts"}],"about":[{"href":"https:\/\/blogsaverroes.juntadeandalucia.es\/ceipnuestropadrejesus\/wp-json\/wp\/v2\/types\/post"}],"author":[{"embeddable":true,"href":"https:\/\/blogsaverroes.juntadeandalucia.es\/ceipnuestropadrejesus\/wp-json\/wp\/v2\/users\/4154"}],"replies":[{"embeddable":true,"href":"https:\/\/blogsaverroes.juntadeandalucia.es\/ceipnuestropadrejesus\/wp-json\/wp\/v2\/comments?post=2323"}],"version-history":[{"count":1,"href":"https:\/\/blogsaverroes.juntadeandalucia.es\/ceipnuestropadrejesus\/wp-json\/wp\/v2\/posts\/2323\/revisions"}],"predecessor-version":[{"id":2324,"href":"https:\/\/blogsaverroes.juntadeandalucia.es\/ceipnuestropadrejesus\/wp-json\/wp\/v2\/posts\/2323\/revisions\/2324"}],"wp:attachment":[{"href":"https:\/\/blogsaverroes.juntadeandalucia.es\/ceipnuestropadrejesus\/wp-json\/wp\/v2\/media?parent=2323"}],"wp:term":[{"taxonomy":"category","embeddable":true,"href":"https:\/\/blogsaverroes.juntadeandalucia.es\/ceipnuestropadrejesus\/wp-json\/wp\/v2\/categories?post=2323"},{"taxonomy":"post_tag","embeddable":true,"href":"https:\/\/blogsaverroes.juntadeandalucia.es\/ceipnuestropadrejesus\/wp-json\/wp\/v2\/tags?post=2323"}],"curies":[{"name":"wp","href":"https:\/\/api.w.org\/{rel}","templated":true}]}}