{"id":3393,"date":"2023-10-01T15:32:13","date_gmt":"2023-10-01T15:32:13","guid":{"rendered":"https:\/\/blogsaverroes.juntadeandalucia.es\/ceipnuestropadrejesus\/?p=3393"},"modified":"2023-10-01T15:33:47","modified_gmt":"2023-10-01T15:33:47","slug":"programa-de-equidad","status":"publish","type":"post","link":"https:\/\/blogsaverroes.juntadeandalucia.es\/ceipnuestropadrejesus\/2023\/10\/01\/programa-de-equidad\/","title":{"rendered":"PROGRAMA DE EQUIDAD"},"content":{"rendered":"<p>Nos sumamos al programa de EQUIDAD para centros de zonas Eracis y con planes de compensaci\u00f3n educativa . Nuestras l\u00edneas de trabajo se centra en el desarrollo de las competencias ling\u00fc\u00edsticas y digitales incluyendo el desarrollo de todas las competencias claves .<\/p>\n<p>&nbsp;<\/p>\n<p><a href=\"http:\/\/Programa Equidad en educacion\">http:\/\/Programa Equidad en educaci\u00f3n<\/a><\/p>\n<p><a href=\"https:\/\/blogsaverroes.juntadeandalucia.es\/ceipnuestropadrejesus\/files\/2023\/10\/descarga.png\"><img loading=\"lazy\" decoding=\"async\" class=\"aligncenter size-medium wp-image-3394\" src=\"https:\/\/blogsaverroes.juntadeandalucia.es\/ceipnuestropadrejesus\/files\/2023\/10\/descarga-300x78.png\" alt=\"\" width=\"300\" height=\"78\" srcset=\"https:\/\/blogsaverroes.juntadeandalucia.es\/ceipnuestropadrejesus\/files\/2023\/10\/descarga-300x78.png 300w, https:\/\/blogsaverroes.juntadeandalucia.es\/ceipnuestropadrejesus\/files\/2023\/10\/descarga.png 436w\" sizes=\"(max-width: 300px) 100vw, 300px\" \/><\/a><\/p>\n","protected":false},"excerpt":{"rendered":"<p>Nos sumamos al programa de EQUIDAD para centros de zonas Eracis y con planes de compensaci\u00f3n educativa . Nuestras l\u00edneas de trabajo se centra en el desarrollo de las competencias ling\u00fc\u00edsticas y digitales incluyendo&#46;&#46;&#46;<\/p>\n","protected":false},"author":4154,"featured_media":0,"comment_status":"closed","ping_status":"closed","sticky":false,"template":"","format":"standard","meta":{"ngg_post_thumbnail":0,"footnotes":""},"categories":[49688],"tags":[],"aioseo_notices":[],"_links":{"self":[{"href":"https:\/\/blogsaverroes.juntadeandalucia.es\/ceipnuestropadrejesus\/wp-json\/wp\/v2\/posts\/3393"}],"collection":[{"href":"https:\/\/blogsaverroes.juntadeandalucia.es\/ceipnuestropadrejesus\/wp-json\/wp\/v2\/posts"}],"about":[{"href":"https:\/\/blogsaverroes.juntadeandalucia.es\/ceipnuestropadrejesus\/wp-json\/wp\/v2\/types\/post"}],"author":[{"embeddable":true,"href":"https:\/\/blogsaverroes.juntadeandalucia.es\/ceipnuestropadrejesus\/wp-json\/wp\/v2\/users\/4154"}],"replies":[{"embeddable":true,"href":"https:\/\/blogsaverroes.juntadeandalucia.es\/ceipnuestropadrejesus\/wp-json\/wp\/v2\/comments?post=3393"}],"version-history":[{"count":3,"href":"https:\/\/blogsaverroes.juntadeandalucia.es\/ceipnuestropadrejesus\/wp-json\/wp\/v2\/posts\/3393\/revisions"}],"predecessor-version":[{"id":3397,"href":"https:\/\/blogsaverroes.juntadeandalucia.es\/ceipnuestropadrejesus\/wp-json\/wp\/v2\/posts\/3393\/revisions\/3397"}],"wp:attachment":[{"href":"https:\/\/blogsaverroes.juntadeandalucia.es\/ceipnuestropadrejesus\/wp-json\/wp\/v2\/media?parent=3393"}],"wp:term":[{"taxonomy":"category","embeddable":true,"href":"https:\/\/blogsaverroes.juntadeandalucia.es\/ceipnuestropadrejesus\/wp-json\/wp\/v2\/categories?post=3393"},{"taxonomy":"post_tag","embeddable":true,"href":"https:\/\/blogsaverroes.juntadeandalucia.es\/ceipnuestropadrejesus\/wp-json\/wp\/v2\/tags?post=3393"}],"curies":[{"name":"wp","href":"https:\/\/api.w.org\/{rel}","templated":true}]}}